{"id":83540,"date":"2026-04-02T11:23:42","date_gmt":"2026-04-02T09:23:42","guid":{"rendered":"https:\/\/miradordeatarfe.es\/?p=83540"},"modified":"2026-04-29T14:03:01","modified_gmt":"2026-04-29T12:03:01","slug":"el-tecnico-del-cdu-atarfe-confia-en-recuperar-la-categoria-pese-al-descenso","status":"publish","type":"post","link":"https:\/\/miradordeatarfe.es\/?p=83540","title":{"rendered":"El t\u00e9cnico del CDU Atarfe conf\u00eda en recuperar la categor\u00eda pese al descenso"},"content":{"rendered":"<div class=\"grid_9 alpha\">\n<h3 class=\"mb\" style=\"text-align: justify;\">Fran Santos: \u00abPagamos una mala primera vuelta y las lesiones, pero lucharemos por volver a la Superliga 2\u00bb El t\u00e9cnico del CDU Atarfe conf\u00eda en recuperar la categor\u00eda pese al descenso y se\u00f1ala las dificultades econ\u00f3micas tras la p\u00e9rdida de su principal patrocinador.<\/h3>\n<p style=\"text-align: justify;\">El entrenador del CDU Atarfe, Fran Santos, ha <strong>analizado en nuestro programa de radio el descenso de su equipo de la Superliga Femenina 2<\/strong> tras finalizar la temporada como colista, destacando que el lastre de la primera vuelta y las lesiones han sido determinantes en el desenlace.<\/p>\n<p style=\"text-align: justify;\">\u201cEn la segunda vuelta fuimos recuperando poco a poco, pero <strong>nos faltaron jornadas para remontar\u201d<\/strong>, ha explicado Santos, quien reconoce que el equipo no pudo revertir una situaci\u00f3n complicada desde el inicio de la competici\u00f3n.<\/p>\n<p style=\"text-align: justify;\">El t\u00e9cnico ha se\u00f1alado que uno de los principales problemas fue la ausencia de una jugadora clave. \u201c<strong>Empezamos la temporada con una de las receptoras principales lesionada<\/strong> y tuvimos que tirar de la cantera, con jugadoras cadetes y juveniles\u201d, ha indicado. Aunque la jugadora se fue reincorporando, no logr\u00f3 alcanzar su mejor nivel durante el curso.<\/p>\n<p style=\"text-align: justify;\">El descenso pone fin a una etapa de seis temporadas consecutivas en la categor\u00eda, un hecho que el entrenador lamenta, aunque ya mira al futuro con ambici\u00f3n. \u201c<strong>El a\u00f1o que viene intentaremos recuperar la categor\u00eda, y si no, el siguiente<\/strong>. Vamos a estar siempre luchando\u201d, ha afirmado.<\/p>\n<p style=\"text-align: justify;\">Adem\u00e1s, Santos no descarta una posible repesca, ya que el equipo es uno de los mejores clasificados entre los descendidos. \u201c<strong>Si hay equipos que rechazan la plaza, supongo que nos llamar\u00e1n<\/strong>\u201d, ha apuntado.<\/p>\n<p style=\"text-align: justify;\">En el plano econ\u00f3mico, el t\u00e9cnico ha reconocido las dificultades que ha atravesado el club durante la temporada, especialmente tras la p\u00e9rdida de su principal patrocinador. \u201c<strong>Sin ese apoyo y solo con peque\u00f1os colaboradores y el Ayuntamiento de Atarfe, es muy complicado competir<\/strong>\u201d, ha subrayado.<\/p>\n<p style=\"text-align: justify;\">Pese al descenso, el CDU Atarfe afronta el futuro con el objetivo de reconstruir el proyecto deportivo y regresar cuanto antes a la Superliga Femenina 2.<\/p>\n<p><strong>Javier Palma |<\/strong><\/p>\n<p>FOTO: <i>Fran Santos, entrenador del CDU Atarfe, durante un partido (GRJ)<\/i><\/p>\n<p>https:\/\/www.granadaenjuego.com\/voleibol\/fran-santos&#8211;pagamos-una-mala-primera-vuelta-y-las-lesiones&#8211;pero-lucharemos-por-volver-a-la-superliga-2<\/p>\n<p>&nbsp;<\/p>\n<\/div>\n<div class=\"grid_3 omega\">\n<div class=\"sociales with_color clearfix \">\u00a0<\/div>\n<\/div>\n","protected":false},"excerpt":{"rendered":"<p>Fran Santos: \u00abPagamos una mala primera vuelta y las lesiones, pero lucharemos por volver a&#8230;<\/p>\n","protected":false},"author":1,"featured_media":83541,"comment_status":"closed","ping_status":"closed","sticky":false,"template":"","format":"standard","meta":{"_coblocks_attr":"","_coblocks_dimensions":"","_coblocks_responsive_height":"","_coblocks_accordion_ie_support":"","jetpack_post_was_ever_published":false,"_jetpack_newsletter_access":"","_jetpack_dont_email_post_to_subs":false,"_jetpack_newsletter_tier_id":0,"_jetpack_memberships_contains_paywalled_content":false,"_jetpack_memberships_contains_paid_content":false,"footnotes":"","jetpack_publicize_message":"","jetpack_publicize_feature_enabled":true,"jetpack_social_post_already_shared":false,"jetpack_social_options":{"image_generator_settings":{"template":"highway","default_image_id":0,"enabled":false},"version":2}},"categories":[2,1161,182,44],"tags":[],"class_list":["post-83540","post","type-post","status-publish","format-standard","has-post-thumbnail","hentry","category-atarfe","category-ciudadania","category-deportes","category-noticias-de-hoy"],"jetpack_publicize_connections":[],"jetpack_featured_media_url":"https:\/\/i0.wp.com\/miradordeatarfe.es\/wp-content\/uploads\/2026\/04\/imagen64707_0_original.jpg?fit=1100%2C750&ssl=1","jetpack_likes_enabled":true,"jetpack_sharing_enabled":true,"_links":{"self":[{"href":"https:\/\/miradordeatarfe.es\/index.php?rest_route=\/wp\/v2\/posts\/83540","targetHints":{"allow":["GET"]}}],"collection":[{"href":"https:\/\/miradordeatarfe.es\/index.php?rest_route=\/wp\/v2\/posts"}],"about":[{"href":"https:\/\/miradordeatarfe.es\/index.php?rest_route=\/wp\/v2\/types\/post"}],"author":[{"embeddable":true,"href":"https:\/\/miradordeatarfe.es\/index.php?rest_route=\/wp\/v2\/users\/1"}],"replies":[{"embeddable":true,"href":"https:\/\/miradordeatarfe.es\/index.php?rest_route=%2Fwp%2Fv2%2Fcomments&post=83540"}],"version-history":[{"count":1,"href":"https:\/\/miradordeatarfe.es\/index.php?rest_route=\/wp\/v2\/posts\/83540\/revisions"}],"predecessor-version":[{"id":83542,"href":"https:\/\/miradordeatarfe.es\/index.php?rest_route=\/wp\/v2\/posts\/83540\/revisions\/83542"}],"wp:featuredmedia":[{"embeddable":true,"href":"https:\/\/miradordeatarfe.es\/index.php?rest_route=\/wp\/v2\/media\/83541"}],"wp:attachment":[{"href":"https:\/\/miradordeatarfe.es\/index.php?rest_route=%2Fwp%2Fv2%2Fmedia&parent=83540"}],"wp:term":[{"taxonomy":"category","embeddable":true,"href":"https:\/\/miradordeatarfe.es\/index.php?rest_route=%2Fwp%2Fv2%2Fcategories&post=83540"},{"taxonomy":"post_tag","embeddable":true,"href":"https:\/\/miradordeatarfe.es\/index.php?rest_route=%2Fwp%2Fv2%2Ftags&post=83540"}],"curies":[{"name":"wp","href":"https:\/\/api.w.org\/{rel}","templated":true}]}}