{"id":83547,"date":"2026-05-02T10:23:12","date_gmt":"2026-05-02T08:23:12","guid":{"rendered":"https:\/\/miradordeatarfe.es\/?p=83547"},"modified":"2026-05-02T10:44:29","modified_gmt":"2026-05-02T08:44:29","slug":"atarfe-mejorara-la-iluminacion-en-la-avenida-de-la-circunvalacion-para-reforzar-la-seguridad","status":"publish","type":"post","link":"https:\/\/miradordeatarfe.es\/?p=83547","title":{"rendered":"Atarfe mejorar\u00e1 la iluminaci\u00f3n en la Avenida de la Circunvalaci\u00f3n para reforzar la seguridad"},"content":{"rendered":"<h3 style=\"text-align: justify;\">La intervenci\u00f3n cubrir\u00e1 todo el tramo que va desde la conexi\u00f3n con la Carretera de C\u00f3rdoba hasta la rotonda de entrada por Albolote<\/h3>\n<p style=\"text-align: justify;\">La ciudad metropolitana de <strong>Atarfe <\/strong>pondr\u00e1 en marcha un proyecto destinado a mejorar la iluminaci\u00f3n de la Avenida de la Circunvalaci\u00f3n, una actuaci\u00f3n que da respuesta a una de las principales demandas vecinales y que permitir\u00e1 reforzar la seguridad.<\/p>\n<p style=\"text-align: justify;\">La intervenci\u00f3n cubrir\u00e1 todo el tramo que va desde la conexi\u00f3n con la Carretera de C\u00f3rdoba hasta la rotonda de entrada por <strong>Albolote<\/strong>, con el objetivo de mejorar la visibilidad tanto para conductores como para peatones.<\/p>\n<p style=\"text-align: justify;\">El proyecto contempla la instalaci\u00f3n de 39 luminarias en la propia Avenida de la Circunvalaci\u00f3n y otras diez en la rotonda de acceso desde la Carretera de C\u00f3rdoba.<\/p>\n<p style=\"text-align: justify;\">Por \u00faltimo, el <strong>Ayuntamiento de Atarfe <\/strong>ha trasladado que la actuaci\u00f3n supondr\u00e1 una inversi\u00f3n superior a los 150.000 euros.<\/p>\n<p><strong><span class=\"section-name\"> <span class=\"autor\"> Redacci\u00f3n aG <\/span><\/span><\/strong><\/p>\n<p>FOTO: La actuaci\u00f3n supondr\u00e1 una inversi\u00f3n superior a los 150.000 euros. Foto: Ayto. de Atarfe<\/p>\n<blockquote class=\"wp-embedded-content\" data-secret=\"K2fjHQm4A0\"><p><a href=\"https:\/\/www.ahoragranada.com\/noticias\/atarfe-mejorara-la-iluminacion-en-la-avenida-de-la-circunvalacion-para-reforzar-la-seguridad\/\">Atarfe mejorar\u00e1 la iluminaci\u00f3n en la Avenida de la Circunvalaci\u00f3n para reforzar la seguridad<\/a><\/p><\/blockquote>\n<p><iframe loading=\"lazy\" class=\"wp-embedded-content\" sandbox=\"allow-scripts\" security=\"restricted\" style=\"position: absolute; visibility: hidden;\" title=\"\u00abAtarfe mejorar\u00e1 la iluminaci\u00f3n en la Avenida de la Circunvalaci\u00f3n para reforzar la seguridad\u00bb \u2014 Ahora Granada\" src=\"https:\/\/www.ahoragranada.com\/noticias\/atarfe-mejorara-la-iluminacion-en-la-avenida-de-la-circunvalacion-para-reforzar-la-seguridad\/embed\/#?secret=Pdp9GIEoaA#?secret=K2fjHQm4A0\" data-secret=\"K2fjHQm4A0\" width=\"600\" height=\"338\" frameborder=\"0\" marginwidth=\"0\" marginheight=\"0\" scrolling=\"no\"><\/iframe><\/p>\n","protected":false},"excerpt":{"rendered":"<p>La intervenci\u00f3n cubrir\u00e1 todo el tramo que va desde la conexi\u00f3n con la Carretera de&#8230;<\/p>\n","protected":false},"author":1,"featured_media":83548,"comment_status":"closed","ping_status":"closed","sticky":false,"template":"","format":"standard","meta":{"_coblocks_attr":"","_coblocks_dimensions":"","_coblocks_responsive_height":"","_coblocks_accordion_ie_support":"","jetpack_post_was_ever_published":false,"_jetpack_newsletter_access":"","_jetpack_dont_email_post_to_subs":false,"_jetpack_newsletter_tier_id":0,"_jetpack_memberships_contains_paywalled_content":false,"_jetpack_memberships_contains_paid_content":false,"footnotes":"","jetpack_publicize_message":"","jetpack_publicize_feature_enabled":true,"jetpack_social_post_already_shared":false,"jetpack_social_options":{"image_generator_settings":{"template":"highway","default_image_id":0,"enabled":false},"version":2}},"categories":[2,6916,44],"tags":[],"class_list":["post-83547","post","type-post","status-publish","format-standard","has-post-thumbnail","hentry","category-atarfe","category-ayuntamiento-de-atarfe","category-noticias-de-hoy"],"jetpack_publicize_connections":[],"jetpack_featured_media_url":"https:\/\/i0.wp.com\/miradordeatarfe.es\/wp-content\/uploads\/2026\/04\/Atarfe-Avenida-CIrcunvalacion.jpg?fit=970%2C546&ssl=1","jetpack_likes_enabled":true,"jetpack_sharing_enabled":true,"_links":{"self":[{"href":"https:\/\/miradordeatarfe.es\/index.php?rest_route=\/wp\/v2\/posts\/83547","targetHints":{"allow":["GET"]}}],"collection":[{"href":"https:\/\/miradordeatarfe.es\/index.php?rest_route=\/wp\/v2\/posts"}],"about":[{"href":"https:\/\/miradordeatarfe.es\/index.php?rest_route=\/wp\/v2\/types\/post"}],"author":[{"embeddable":true,"href":"https:\/\/miradordeatarfe.es\/index.php?rest_route=\/wp\/v2\/users\/1"}],"replies":[{"embeddable":true,"href":"https:\/\/miradordeatarfe.es\/index.php?rest_route=%2Fwp%2Fv2%2Fcomments&post=83547"}],"version-history":[{"count":1,"href":"https:\/\/miradordeatarfe.es\/index.php?rest_route=\/wp\/v2\/posts\/83547\/revisions"}],"predecessor-version":[{"id":83549,"href":"https:\/\/miradordeatarfe.es\/index.php?rest_route=\/wp\/v2\/posts\/83547\/revisions\/83549"}],"wp:featuredmedia":[{"embeddable":true,"href":"https:\/\/miradordeatarfe.es\/index.php?rest_route=\/wp\/v2\/media\/83548"}],"wp:attachment":[{"href":"https:\/\/miradordeatarfe.es\/index.php?rest_route=%2Fwp%2Fv2%2Fmedia&parent=83547"}],"wp:term":[{"taxonomy":"category","embeddable":true,"href":"https:\/\/miradordeatarfe.es\/index.php?rest_route=%2Fwp%2Fv2%2Fcategories&post=83547"},{"taxonomy":"post_tag","embeddable":true,"href":"https:\/\/miradordeatarfe.es\/index.php?rest_route=%2Fwp%2Fv2%2Ftags&post=83547"}],"curies":[{"name":"wp","href":"https:\/\/api.w.org\/{rel}","templated":true}]}}