{"id":83560,"date":"2026-04-29T10:14:21","date_gmt":"2026-04-29T08:14:21","guid":{"rendered":"https:\/\/miradordeatarfe.es\/?p=83560"},"modified":"2026-04-27T15:59:27","modified_gmt":"2026-04-27T13:59:27","slug":"voto-por-correo-por-internet-elecciones-al-parlamento-de-andalucia-17-de-mayo-de-2026","status":"publish","type":"post","link":"https:\/\/miradordeatarfe.es\/?p=83560","title":{"rendered":"VOTO POR CORREO POR INTERNET: Elecciones al Parlamento de Andaluc\u00eda &#8211; 17 de mayo de 2026"},"content":{"rendered":"<div class=\"plaintext aem-GridColumn aem-GridColumn--default--12\">\n<div class=\"cdk-content sc-correos-cdk-section-box\">\n<div class=\"wrapper-main false sc-correos-cdk-section-box sc-correos-cdk-section-box-s\">\n<div>\n<div class=\"ui-container col-12 md:col-10 lg:col-8 md:col-offset-1 lg:col-offset-2 sc-correos-ui-plain-text\">\n<div class=\"sc-correos-ui-plain-text sc-correos-ui-plain-text-s\">\n<div class=\"text-body\">\n<p><b>\u00bfQui\u00e9n puede utilizar la aplicaci\u00f3n para la presentaci\u00f3n de la solicitud electr\u00f3nica de voto por correo?<\/b><\/p>\n<ol>\n<li>Los electores residentes en Espa\u00f1a.\u00a0<b>Una vez presentada la solicitud v\u00eda web, si es aceptada por la Oficina del Censo Electoral, no podr\u00e1 votar en la mesa electoral el d\u00eda de la votaci\u00f3n.<\/b><\/li>\n<li>Los electores residentes en el extranjero que se encuentren temporalmente en Espa\u00f1a, con derecho de voto en las elecciones convocadas.<\/li>\n<\/ol>\n<p>No puede ser solicitados por los electores residentes en Espa\u00f1a que se encuentren temporalmente en el extranjero, ni por los electores residentes en el extranjero que lo soliciten desde su pa\u00eds de residencia.<\/p>\n<\/div>\n<\/div>\n<\/div>\n<\/div>\n<\/div>\n<\/div>\n<\/div>\n<div class=\"plaintext aem-GridColumn aem-GridColumn--default--12\">\n<div class=\"cdk-content sc-correos-cdk-section-box\">\n<div class=\"wrapper-main false sc-correos-cdk-section-box sc-correos-cdk-section-box-s\">\n<div>\n<div class=\"ui-container col-12 md:col-10 lg:col-8 md:col-offset-1 lg:col-offset-2 sc-correos-ui-plain-text\">\n<div class=\"sc-correos-ui-plain-text sc-correos-ui-plain-text-s\">\n<div class=\"text-body\">\n<p><b>\u00bfC\u00f3mo puedes solicitar online el voto por correo?<\/b><\/p>\n<p>Puedes utilizar, como en otros procesos anteriores,<b>\u00a0un certificado DNI Electr\u00f3nico\u00a0\u00a0(<a href=\"https:\/\/www.dnielectronico.es\/PortalDNIe\/PRF1_Cons02.action?pag=REF_009\">obtener DNI electr\u00f3nico<\/a>)\u00a0o un\u00a0<a href=\"https:\/\/www.correos.es\/content\/dam\/correos\/documentos\/elecciones\/CertificadosAceptados--ES.pdf\">certificado digital v\u00e1lido.\u00a0<\/a><\/b><\/p>\n<p><b>Plazo de presentaci\u00f3n de la solicitud\u00a0<\/b><\/p>\n<p>Se puede solicitar a partir de la fecha de la convocatoria y<b>\u00a0hasta el d\u00eda 7 de mayo de 2026.<\/b><\/p>\n<p>Posteriormente, podr\u00e1s ejercer el derecho al voto entregandolo en una oficina de Correos.<\/p>\n<p>El solicitante tiene de\u00a0<b>plazo para depositar el sobre con su voto hasta el 13 de mayo de 2026,<\/b>\u00a0en los horarios habituales de apertura de las oficinas postales.<\/p>\n<p><b>En cualquiera de los casos:<\/b><\/p>\n<ul>\n<li><i class=\"icon-bullet_circle\"><\/i>Debes completar los datos requeridos.<\/li>\n<li><i class=\"icon-bullet_circle\"><\/i>Firmar electr\u00f3nicamente tu petici\u00f3n.<\/li>\n<li><i class=\"icon-bullet_circle\"><\/i>Descargar la solicitud al finalizar.<\/li>\n<\/ul>\n<p>La Oficina del Censo Electoral debe aprobar la solicitud, para que te remita, a la direcci\u00f3n que has indicado en tu solicitud, la documentaci\u00f3n para realizar el voto.<\/p>\n<p>Para las presentes elecciones, la Oficina del Censo Electoral solicita que\u00a0<b>el voto sea entregado por el propio elector<\/b>. En caso de no poder acudir personalmente,\u00a0<b>el elector podr\u00e1 autorizar a otra persona\u00a0<\/b>para que lo haga en su lugar. Este representante\u00a0<b>deber\u00e1 presentar para ello una autorizaci\u00f3n, una fotocopia del documento oficial acreditativo del elector y su propio documento oficial acreditativo<\/b>. Para facilitar esta gesti\u00f3n, Correos facilita a todos los electores una\u00a0<b>autorizaci\u00f3n modelo<\/b>. Desc\u00e1rgala\u00a0<b><a href=\"https:\/\/www.correos.es\/content\/dam\/correos\/documentos\/elecciones\/AutorizacionVotoporCorreo--ES.pdf\">aqu\u00ed<\/a><\/b>.<\/p>\n<p><img data-recalc-dims=\"1\" loading=\"lazy\" decoding=\"async\" class=\"alignnone wp-image-83561 size-full\" src=\"https:\/\/i0.wp.com\/miradordeatarfe.es\/wp-content\/uploads\/2026\/04\/Screenshot-2026-04-27-at-15-55-34-Voto-por-correo.png?resize=640%2C189&#038;ssl=1\" alt=\"\" width=\"640\" height=\"189\" srcset=\"https:\/\/i0.wp.com\/miradordeatarfe.es\/wp-content\/uploads\/2026\/04\/Screenshot-2026-04-27-at-15-55-34-Voto-por-correo.png?w=1421&amp;ssl=1 1421w, https:\/\/i0.wp.com\/miradordeatarfe.es\/wp-content\/uploads\/2026\/04\/Screenshot-2026-04-27-at-15-55-34-Voto-por-correo.png?resize=300%2C88&amp;ssl=1 300w, https:\/\/i0.wp.com\/miradordeatarfe.es\/wp-content\/uploads\/2026\/04\/Screenshot-2026-04-27-at-15-55-34-Voto-por-correo.png?resize=1024%2C302&amp;ssl=1 1024w, https:\/\/i0.wp.com\/miradordeatarfe.es\/wp-content\/uploads\/2026\/04\/Screenshot-2026-04-27-at-15-55-34-Voto-por-correo.png?resize=768%2C226&amp;ssl=1 768w, https:\/\/i0.wp.com\/miradordeatarfe.es\/wp-content\/uploads\/2026\/04\/Screenshot-2026-04-27-at-15-55-34-Voto-por-correo.png?resize=1320%2C389&amp;ssl=1 1320w\" sizes=\"auto, (max-width: 640px) 100vw, 640px\" \/><\/p>\n<\/div>\n<\/div>\n<\/div>\n<\/div>\n<\/div>\n<\/div>\n<\/div>\n","protected":false},"excerpt":{"rendered":"<p>\u00bfQui\u00e9n puede utilizar la aplicaci\u00f3n para la presentaci\u00f3n de la solicitud electr\u00f3nica de voto por&#8230;<\/p>\n","protected":false},"author":1,"featured_media":83562,"comment_status":"closed","ping_status":"closed","sticky":false,"template":"","format":"standard","meta":{"_coblocks_attr":"","_coblocks_dimensions":"","_coblocks_responsive_height":"","_coblocks_accordion_ie_support":"","jetpack_post_was_ever_published":false,"_jetpack_newsletter_access":"","_jetpack_dont_email_post_to_subs":false,"_jetpack_newsletter_tier_id":0,"_jetpack_memberships_contains_paywalled_content":false,"_jetpack_memberships_contains_paid_content":false,"footnotes":"","jetpack_publicize_message":"","jetpack_publicize_feature_enabled":true,"jetpack_social_post_already_shared":true,"jetpack_social_options":{"image_generator_settings":{"template":"highway","default_image_id":0,"enabled":false},"version":2}},"categories":[2,1161,44,7671],"tags":[],"class_list":["post-83560","post","type-post","status-publish","format-standard","has-post-thumbnail","hentry","category-atarfe","category-ciudadania","category-noticias-de-hoy","category-politica"],"jetpack_publicize_connections":[],"jetpack_featured_media_url":"https:\/\/i0.wp.com\/miradordeatarfe.es\/wp-content\/uploads\/2026\/04\/Screenshot-2026-04-27-at-15-56-22-Voto-por-correo.png?fit=590%2C355&ssl=1","jetpack_likes_enabled":true,"jetpack_sharing_enabled":true,"_links":{"self":[{"href":"https:\/\/miradordeatarfe.es\/index.php?rest_route=\/wp\/v2\/posts\/83560","targetHints":{"allow":["GET"]}}],"collection":[{"href":"https:\/\/miradordeatarfe.es\/index.php?rest_route=\/wp\/v2\/posts"}],"about":[{"href":"https:\/\/miradordeatarfe.es\/index.php?rest_route=\/wp\/v2\/types\/post"}],"author":[{"embeddable":true,"href":"https:\/\/miradordeatarfe.es\/index.php?rest_route=\/wp\/v2\/users\/1"}],"replies":[{"embeddable":true,"href":"https:\/\/miradordeatarfe.es\/index.php?rest_route=%2Fwp%2Fv2%2Fcomments&post=83560"}],"version-history":[{"count":1,"href":"https:\/\/miradordeatarfe.es\/index.php?rest_route=\/wp\/v2\/posts\/83560\/revisions"}],"predecessor-version":[{"id":83563,"href":"https:\/\/miradordeatarfe.es\/index.php?rest_route=\/wp\/v2\/posts\/83560\/revisions\/83563"}],"wp:featuredmedia":[{"embeddable":true,"href":"https:\/\/miradordeatarfe.es\/index.php?rest_route=\/wp\/v2\/media\/83562"}],"wp:attachment":[{"href":"https:\/\/miradordeatarfe.es\/index.php?rest_route=%2Fwp%2Fv2%2Fmedia&parent=83560"}],"wp:term":[{"taxonomy":"category","embeddable":true,"href":"https:\/\/miradordeatarfe.es\/index.php?rest_route=%2Fwp%2Fv2%2Fcategories&post=83560"},{"taxonomy":"post_tag","embeddable":true,"href":"https:\/\/miradordeatarfe.es\/index.php?rest_route=%2Fwp%2Fv2%2Ftags&post=83560"}],"curies":[{"name":"wp","href":"https:\/\/api.w.org\/{rel}","templated":true}]}}