{"id":83567,"date":"2026-04-28T11:00:20","date_gmt":"2026-04-28T09:00:20","guid":{"rendered":"https:\/\/miradordeatarfe.es\/?p=83567"},"modified":"2026-04-28T13:21:25","modified_gmt":"2026-04-28T11:21:25","slug":"el-seat-vigilsa-cab-atarfe-campeon-de-liga-y-ahora-a-luchar-por-el-ascenso","status":"publish","type":"post","link":"https:\/\/miradordeatarfe.es\/?p=83567","title":{"rendered":"El Seat Vigilsa CAB Atarfe campe\u00f3n de liga y ahora a luchar por el ASCENSO"},"content":{"rendered":"<h3>\u00a1Campeones de liga\u2026 y CON EL APOYO DE LA AFICI\u00d3N\u00a0 a por el ascenso!<\/h3>\n<p>El Seat Vigilsa CAB Atarfe cerr\u00f3 la fase regular de Primera Nacional proclam\u00e1ndose campe\u00f3n tras imponerse por 74-86 al CB La Mojonera en la \u00faltima jornada (26\u00aa) del campeonato.<br \/>\nEl conjunto atarfe\u00f1o pone as\u00ed el broche a una temporada sobresaliente, en la que ha sumado 24 victorias y tan solo dos derrotas, confirmando su dominio desde el inicio hasta el final de la competici\u00f3n.<\/p>\n<p>El encuentro no comenz\u00f3 de la mejor manera para los verdiblancos, que salieron espesos, sin ritmo ni ideas, lo que permiti\u00f3 a La Mojonera tomar la delantera con un contundente 0-11. Sin embargo, ese momento supuso el punto de inflexi\u00f3n para los pupilos de Edu Manzano, que reaccionaron con car\u00e1cter para darle la vuelta al partido y encaminar una nueva victoria.<br \/>\nEn el apartado individual, destac\u00f3 de forma brillante Lolo, MVP de la jornada con una espectacular valoraci\u00f3n de 39, liderando a su equipo en los momentos clave. Tambi\u00e9n fue una noche especial para el canterano David, que debut\u00f3 con el primer equipo dejando adem\u00e1s sus primeros puntos.<\/p>\n<p>Con la liga regular finalizada, el Atarfe ya mira al siguiente objetivo: el ascenso de categor\u00eda. Solo quedan dos citas decisivas, el 10 de mayo a domicilio y el 16 de mayo en el pabell\u00f3n de Atarfe, ambas frente al EBG M\u00e1laga, tercer clasificado del otro grupo, en una eliminatoria que se presenta exigente.<\/p>\n<p>El equipo espera ahora el respaldo de su afici\u00f3n en el partido de vuelta para seguir haciendo historia y devolver al baloncesto atarfe\u00f1o al lugar que merece.<\/p>\n<p>\u00a1Enhorabuena, campeones!<\/p>\n<p><strong>Jos\u00e9 Manuel Campos<\/strong><\/p>\n","protected":false},"excerpt":{"rendered":"<p>\u00a1Campeones de liga\u2026 y CON EL APOYO DE LA AFICI\u00d3N\u00a0 a por el ascenso! El&#8230;<\/p>\n","protected":false},"author":1,"featured_media":83568,"comment_status":"closed","ping_status":"closed","sticky":false,"template":"","format":"standard","meta":{"_coblocks_attr":"","_coblocks_dimensions":"","_coblocks_responsive_height":"","_coblocks_accordion_ie_support":"","jetpack_post_was_ever_published":false,"_jetpack_newsletter_access":"","_jetpack_dont_email_post_to_subs":false,"_jetpack_newsletter_tier_id":0,"_jetpack_memberships_contains_paywalled_content":false,"_jetpack_memberships_contains_paid_content":false,"footnotes":"","jetpack_publicize_message":"","jetpack_publicize_feature_enabled":true,"jetpack_social_post_already_shared":true,"jetpack_social_options":{"image_generator_settings":{"template":"highway","default_image_id":0,"enabled":false},"version":2}},"categories":[2,10807,182,186,44],"tags":[],"class_list":["post-83567","post","type-post","status-publish","format-standard","has-post-thumbnail","hentry","category-atarfe","category-cab-atarfe","category-deportes","category-instituciones","category-noticias-de-hoy"],"jetpack_publicize_connections":[],"jetpack_featured_media_url":"https:\/\/i0.wp.com\/miradordeatarfe.es\/wp-content\/uploads\/2026\/04\/WhatsApp-Image-2026-04-27-at-16.18.25.jpeg?fit=1520%2C977&ssl=1","jetpack_likes_enabled":true,"jetpack_sharing_enabled":true,"_links":{"self":[{"href":"https:\/\/miradordeatarfe.es\/index.php?rest_route=\/wp\/v2\/posts\/83567","targetHints":{"allow":["GET"]}}],"collection":[{"href":"https:\/\/miradordeatarfe.es\/index.php?rest_route=\/wp\/v2\/posts"}],"about":[{"href":"https:\/\/miradordeatarfe.es\/index.php?rest_route=\/wp\/v2\/types\/post"}],"author":[{"embeddable":true,"href":"https:\/\/miradordeatarfe.es\/index.php?rest_route=\/wp\/v2\/users\/1"}],"replies":[{"embeddable":true,"href":"https:\/\/miradordeatarfe.es\/index.php?rest_route=%2Fwp%2Fv2%2Fcomments&post=83567"}],"version-history":[{"count":3,"href":"https:\/\/miradordeatarfe.es\/index.php?rest_route=\/wp\/v2\/posts\/83567\/revisions"}],"predecessor-version":[{"id":83604,"href":"https:\/\/miradordeatarfe.es\/index.php?rest_route=\/wp\/v2\/posts\/83567\/revisions\/83604"}],"wp:featuredmedia":[{"embeddable":true,"href":"https:\/\/miradordeatarfe.es\/index.php?rest_route=\/wp\/v2\/media\/83568"}],"wp:attachment":[{"href":"https:\/\/miradordeatarfe.es\/index.php?rest_route=%2Fwp%2Fv2%2Fmedia&parent=83567"}],"wp:term":[{"taxonomy":"category","embeddable":true,"href":"https:\/\/miradordeatarfe.es\/index.php?rest_route=%2Fwp%2Fv2%2Fcategories&post=83567"},{"taxonomy":"post_tag","embeddable":true,"href":"https:\/\/miradordeatarfe.es\/index.php?rest_route=%2Fwp%2Fv2%2Ftags&post=83567"}],"curies":[{"name":"wp","href":"https:\/\/api.w.org\/{rel}","templated":true}]}}