{"id":83570,"date":"2026-04-28T11:29:19","date_gmt":"2026-04-28T09:29:19","guid":{"rendered":"https:\/\/miradordeatarfe.es\/?p=83570"},"modified":"2026-04-28T06:53:20","modified_gmt":"2026-04-28T04:53:20","slug":"xvii-feria-de-la-ciencia-atarfe-tecnologia-y-humanidad-al-servicio-de-la-ciencia","status":"publish","type":"post","link":"https:\/\/miradordeatarfe.es\/?p=83570","title":{"rendered":"XVII Feria de la Ciencia: \u201cAtarfe\u2026 tecnolog\u00eda y humanidad al servicio de la ciencia\u201d"},"content":{"rendered":"<h3>Del 27 al 30 de abril, nuestro pueblo se transforma en el epicentro del conocimiento con la XVII Feria de la Ciencia, un evento que cada a\u00f1o sorprende\u2026 y este viene m\u00e1s fuerte que nunca.<\/h3>\n<p>Bajo el lema <strong>\u201cAtarfe\u2026 tecnolog\u00eda y humanidad al servicio de la ciencia\u201d,<\/strong> damos un salto internacional con la participaci\u00f3n de Brasil, Colombia, M\u00e9xico y Per\u00fa.\u00a0Los d\u00edas 28 y 29, la Plaza de Toros acoger\u00e1 m\u00e1s de 50 stands donde aprender, experimentar y disfrutar de la ciencia de una forma \u00fanica.\u00a0Una cita para todas las edades, donde la curiosidad se convierte en protagonista.<\/p>\n<p>\u00a0<img data-recalc-dims=\"1\" loading=\"lazy\" decoding=\"async\" class=\"wp-image-83580 size-full aligncenter\" src=\"https:\/\/i0.wp.com\/miradordeatarfe.es\/wp-content\/uploads\/2026\/04\/Screenshot-2026-04-28-at-06-37-40-v3-triI-ptico-DEF.pdf.png?resize=386%2C344&#038;ssl=1\" alt=\"\" width=\"386\" height=\"344\" srcset=\"https:\/\/i0.wp.com\/miradordeatarfe.es\/wp-content\/uploads\/2026\/04\/Screenshot-2026-04-28-at-06-37-40-v3-triI-ptico-DEF.pdf.png?w=386&amp;ssl=1 386w, https:\/\/i0.wp.com\/miradordeatarfe.es\/wp-content\/uploads\/2026\/04\/Screenshot-2026-04-28-at-06-37-40-v3-triI-ptico-DEF.pdf.png?resize=300%2C267&amp;ssl=1 300w\" sizes=\"auto, (max-width: 386px) 100vw, 386px\" \/><\/p>\n<p><img data-recalc-dims=\"1\" loading=\"lazy\" decoding=\"async\" class=\"alignnone wp-image-83571 \" src=\"https:\/\/i0.wp.com\/miradordeatarfe.es\/wp-content\/uploads\/2026\/04\/Screenshot-2026-04-28-at-06-37-56-v3-triI-ptico-DEF.pdf.png?resize=555%2C605&#038;ssl=1\" alt=\"\" width=\"555\" height=\"605\" srcset=\"https:\/\/i0.wp.com\/miradordeatarfe.es\/wp-content\/uploads\/2026\/04\/Screenshot-2026-04-28-at-06-37-56-v3-triI-ptico-DEF.pdf.png?w=381&amp;ssl=1 381w, https:\/\/i0.wp.com\/miradordeatarfe.es\/wp-content\/uploads\/2026\/04\/Screenshot-2026-04-28-at-06-37-56-v3-triI-ptico-DEF.pdf.png?resize=275%2C300&amp;ssl=1 275w\" sizes=\"auto, (max-width: 555px) 100vw, 555px\" \/> \u00a0<img data-recalc-dims=\"1\" loading=\"lazy\" decoding=\"async\" class=\"alignnone wp-image-83574 \" src=\"https:\/\/i0.wp.com\/miradordeatarfe.es\/wp-content\/uploads\/2026\/04\/Screenshot-2026-04-28-at-06-38-09-v3-triI-ptico-DEF.pdf.png?resize=640%2C583&#038;ssl=1\" alt=\"\" width=\"640\" height=\"583\" srcset=\"https:\/\/i0.wp.com\/miradordeatarfe.es\/wp-content\/uploads\/2026\/04\/Screenshot-2026-04-28-at-06-38-09-v3-triI-ptico-DEF.pdf.png?w=396&amp;ssl=1 396w, https:\/\/i0.wp.com\/miradordeatarfe.es\/wp-content\/uploads\/2026\/04\/Screenshot-2026-04-28-at-06-38-09-v3-triI-ptico-DEF.pdf.png?resize=300%2C273&amp;ssl=1 300w\" sizes=\"auto, (max-width: 640px) 100vw, 640px\" \/><\/p>\n<p><img data-recalc-dims=\"1\" loading=\"lazy\" decoding=\"async\" class=\"alignnone wp-image-83572 \" src=\"https:\/\/i0.wp.com\/miradordeatarfe.es\/wp-content\/uploads\/2026\/04\/Screenshot-2026-04-28-at-06-38-19-v3-triI-ptico-DEF.pdf.png?resize=590%2C476&#038;ssl=1\" alt=\"\" width=\"590\" height=\"476\" srcset=\"https:\/\/i0.wp.com\/miradordeatarfe.es\/wp-content\/uploads\/2026\/04\/Screenshot-2026-04-28-at-06-38-19-v3-triI-ptico-DEF.pdf.png?w=403&amp;ssl=1 403w, https:\/\/i0.wp.com\/miradordeatarfe.es\/wp-content\/uploads\/2026\/04\/Screenshot-2026-04-28-at-06-38-19-v3-triI-ptico-DEF.pdf.png?resize=300%2C242&amp;ssl=1 300w\" sizes=\"auto, (max-width: 590px) 100vw, 590px\" \/>\u00a0 <img data-recalc-dims=\"1\" loading=\"lazy\" decoding=\"async\" class=\"alignnone wp-image-83575 \" src=\"https:\/\/i0.wp.com\/miradordeatarfe.es\/wp-content\/uploads\/2026\/04\/Screenshot-2026-04-28-at-06-38-32-v3-triI-ptico-DEF.pdf.png?resize=467%2C475&#038;ssl=1\" alt=\"\" width=\"467\" height=\"475\" srcset=\"https:\/\/i0.wp.com\/miradordeatarfe.es\/wp-content\/uploads\/2026\/04\/Screenshot-2026-04-28-at-06-38-32-v3-triI-ptico-DEF.pdf.png?w=415&amp;ssl=1 415w, https:\/\/i0.wp.com\/miradordeatarfe.es\/wp-content\/uploads\/2026\/04\/Screenshot-2026-04-28-at-06-38-32-v3-triI-ptico-DEF.pdf.png?resize=295%2C300&amp;ssl=1 295w\" sizes=\"auto, (max-width: 467px) 100vw, 467px\" \/><\/p>\n<p><img data-recalc-dims=\"1\" loading=\"lazy\" decoding=\"async\" class=\"alignnone wp-image-83577 \" src=\"https:\/\/i0.wp.com\/miradordeatarfe.es\/wp-content\/uploads\/2026\/04\/Screenshot-2026-04-28-at-06-39-07-v3-triI-ptico-DEF.pdf.png?resize=471%2C533&#038;ssl=1\" alt=\"\" width=\"471\" height=\"533\" srcset=\"https:\/\/i0.wp.com\/miradordeatarfe.es\/wp-content\/uploads\/2026\/04\/Screenshot-2026-04-28-at-06-39-07-v3-triI-ptico-DEF.pdf.png?w=392&amp;ssl=1 392w, https:\/\/i0.wp.com\/miradordeatarfe.es\/wp-content\/uploads\/2026\/04\/Screenshot-2026-04-28-at-06-39-07-v3-triI-ptico-DEF.pdf.png?resize=265%2C300&amp;ssl=1 265w\" sizes=\"auto, (max-width: 471px) 100vw, 471px\" \/>\u00a0 \u00a0 \u00a0 \u00a0 \u00a0 \u00a0 \u00a0 \u00a0 \u00a0 \u00a0 \u00a0 \u00a0 \u00a0 \u00a0 \u00a0 \u00a0 \u00a0 <img data-recalc-dims=\"1\" loading=\"lazy\" decoding=\"async\" class=\"alignnone wp-image-83578 \" src=\"https:\/\/i0.wp.com\/miradordeatarfe.es\/wp-content\/uploads\/2026\/04\/Screenshot-2026-04-28-at-06-39-07-v3-triI-ptico-DEF.pdf-1.png?resize=475%2C537&#038;ssl=1\" alt=\"\" width=\"475\" height=\"537\" srcset=\"https:\/\/i0.wp.com\/miradordeatarfe.es\/wp-content\/uploads\/2026\/04\/Screenshot-2026-04-28-at-06-39-07-v3-triI-ptico-DEF.pdf-1.png?w=392&amp;ssl=1 392w, https:\/\/i0.wp.com\/miradordeatarfe.es\/wp-content\/uploads\/2026\/04\/Screenshot-2026-04-28-at-06-39-07-v3-triI-ptico-DEF.pdf-1.png?resize=265%2C300&amp;ssl=1 265w\" sizes=\"auto, (max-width: 475px) 100vw, 475px\" \/><\/p>\n","protected":false},"excerpt":{"rendered":"<p>Del 27 al 30 de abril, nuestro pueblo se transforma en el epicentro del conocimiento&#8230;<\/p>\n","protected":false},"author":1,"featured_media":83579,"comment_status":"closed","ping_status":"closed","sticky":false,"template":"","format":"standard","meta":{"_coblocks_attr":"","_coblocks_dimensions":"","_coblocks_responsive_height":"","_coblocks_accordion_ie_support":"","jetpack_post_was_ever_published":false,"_jetpack_newsletter_access":"","_jetpack_dont_email_post_to_subs":false,"_jetpack_newsletter_tier_id":0,"_jetpack_memberships_contains_paywalled_content":false,"_jetpack_memberships_contains_paid_content":false,"footnotes":"","jetpack_publicize_message":"","jetpack_publicize_feature_enabled":true,"jetpack_social_post_already_shared":true,"jetpack_social_options":{"image_generator_settings":{"template":"highway","default_image_id":0,"enabled":false},"version":2}},"categories":[2,10797,1161,10778,186,44],"tags":[],"class_list":["post-83570","post","type-post","status-publish","format-standard","has-post-thumbnail","hentry","category-atarfe","category-ciencia","category-ciudadania","category-feria-de-la-ciencia-atarfe","category-instituciones","category-noticias-de-hoy"],"jetpack_publicize_connections":[],"jetpack_featured_media_url":"https:\/\/i0.wp.com\/miradordeatarfe.es\/wp-content\/uploads\/2026\/04\/Screenshot-2026-04-28-at-06-37-29-v3-triI-ptico-DEF.pdf.png?fit=394%2C468&ssl=1","jetpack_likes_enabled":true,"jetpack_sharing_enabled":true,"_links":{"self":[{"href":"https:\/\/miradordeatarfe.es\/index.php?rest_route=\/wp\/v2\/posts\/83570","targetHints":{"allow":["GET"]}}],"collection":[{"href":"https:\/\/miradordeatarfe.es\/index.php?rest_route=\/wp\/v2\/posts"}],"about":[{"href":"https:\/\/miradordeatarfe.es\/index.php?rest_route=\/wp\/v2\/types\/post"}],"author":[{"embeddable":true,"href":"https:\/\/miradordeatarfe.es\/index.php?rest_route=\/wp\/v2\/users\/1"}],"replies":[{"embeddable":true,"href":"https:\/\/miradordeatarfe.es\/index.php?rest_route=%2Fwp%2Fv2%2Fcomments&post=83570"}],"version-history":[{"count":1,"href":"https:\/\/miradordeatarfe.es\/index.php?rest_route=\/wp\/v2\/posts\/83570\/revisions"}],"predecessor-version":[{"id":83581,"href":"https:\/\/miradordeatarfe.es\/index.php?rest_route=\/wp\/v2\/posts\/83570\/revisions\/83581"}],"wp:featuredmedia":[{"embeddable":true,"href":"https:\/\/miradordeatarfe.es\/index.php?rest_route=\/wp\/v2\/media\/83579"}],"wp:attachment":[{"href":"https:\/\/miradordeatarfe.es\/index.php?rest_route=%2Fwp%2Fv2%2Fmedia&parent=83570"}],"wp:term":[{"taxonomy":"category","embeddable":true,"href":"https:\/\/miradordeatarfe.es\/index.php?rest_route=%2Fwp%2Fv2%2Fcategories&post=83570"},{"taxonomy":"post_tag","embeddable":true,"href":"https:\/\/miradordeatarfe.es\/index.php?rest_route=%2Fwp%2Fv2%2Ftags&post=83570"}],"curies":[{"name":"wp","href":"https:\/\/api.w.org\/{rel}","templated":true}]}}