{"id":83588,"date":"2026-04-30T09:07:26","date_gmt":"2026-04-30T07:07:26","guid":{"rendered":"https:\/\/miradordeatarfe.es\/?p=83588"},"modified":"2026-04-28T07:11:29","modified_gmt":"2026-04-28T05:11:29","slug":"menus-sociales-contra-el-desperdicio-alimentario","status":"publish","type":"post","link":"https:\/\/miradordeatarfe.es\/?p=83588","title":{"rendered":"Men\u00fas sociales contra el desperdicio alimentario:"},"content":{"rendered":"<h3 class=\"a_t\">C\u00f3mo salvar 250.000 kilos de ir al vertedero cada a\u00f1o puede crear empleo. C\u00e1ritas y la fundaci\u00f3n Formaci\u00f3 i Treball trabajan con una quincena de empresas agroalimentarias para reducir los residuos alimentarios<\/h3>\n<div class=\"a_c clearfix\" data-dtm-region=\"articulo_cuerpo\">\n<p class=\"\">En el campo, en la pescader\u00eda, en la carnicer\u00eda, en el supermercado o en casa: en todos los momentos de la cadena alimentaria, una parte de los alimentos est\u00e1 en riesgo de terminar en la basura. Y el reto es may\u00fasculo. En el mundo, entre <a title=\"https:\/\/elpais.com\/gastronomia\/2026-04-02\/que-exige-la-norma-para-luchar-contra-el-desperdicio-alimentario-que-sera-obligatoria-a-partir-de-manana.html\" href=\"https:\/\/elpais.com\/gastronomia\/2026-04-02\/que-exige-la-norma-para-luchar-contra-el-desperdicio-alimentario-que-sera-obligatoria-a-partir-de-manana.html\" target=\"_self\" rel=\"\" data-link-track-dtm=\"\" data-mrf-link=\"https:\/\/elpais.com\/gastronomia\/2026-04-02\/que-exige-la-norma-para-luchar-contra-el-desperdicio-alimentario-que-sera-obligatoria-a-partir-de-manana.html\">el 30% y el 40% de los alimentos que se producen globalmente se desperdician<\/a>, seg\u00fan la Organizaci\u00f3n de las Naciones Unidas para la Alimentaci\u00f3n y la Agricultura. En Espa\u00f1a, se pierde m\u00e1s de un mill\u00f3n de toneladas al a\u00f1o, unos 28 kilos por persona, seg\u00fan el Ministerio de Agricultura, Pesca y Alimentaci\u00f3n. \u201cY eso en el mismo pa\u00eds en el que, a la vez, hay un 13% de la poblaci\u00f3n que no tiene una dieta adecuada, y m\u00e1s de seis millones de personas que sufren pobreza alimentaria y no pueden elegir lo que van a comer\u201d, explica Eduard Sala, director de C\u00e1ritas Diocesana de Barcelona. Esta entidad tiene entre ceja y ceja atajar el problema del desperdicio alimentario, y este lunes han mostrado las entra\u00f1as de uno de los proyectos con los que consiguen reaprovechar una parte de los residuos. En 2025, C\u00e1ritas y la Fundaci\u00f3n Formaci\u00f3 i Treball, dedicada a <a title=\"https:\/\/elpais.com\/espana\/catalunya\/2025-05-12\/radiografia-de-la-fp-catalana-mayor-insercion-laboral-para-ellas-mejores-ingresos-para-ellos.html\" href=\"https:\/\/elpais.com\/espana\/catalunya\/2025-05-12\/radiografia-de-la-fp-catalana-mayor-insercion-laboral-para-ellas-mejores-ingresos-para-ellos.html\" target=\"_self\" rel=\"\" data-link-track-dtm=\"\" data-mrf-link=\"https:\/\/elpais.com\/espana\/catalunya\/2025-05-12\/radiografia-de-la-fp-catalana-mayor-insercion-laboral-para-ellas-mejores-ingresos-para-ellos.html\">programas de reinserci\u00f3n laboral<\/a>, lograron dar salida a m\u00e1s de 250.000 kilos de alimentos en forma de men\u00fas de comedores sociales, comida para c\u00e1terings o para restaurantes. De otra forma, habr\u00edan ido al vertedero.<\/p>\n<p class=\"\">El <a title=\"https:\/\/elpais.com\/masterdeperiodismo\/master2025\/2025-08-13\/las-siete-debilidades-de-la-ley-de-desperdicio-alimentario-muchas-excepciones-y-poca-claridad.html\" href=\"https:\/\/elpais.com\/masterdeperiodismo\/master2025\/2025-08-13\/las-siete-debilidades-de-la-ley-de-desperdicio-alimentario-muchas-excepciones-y-poca-claridad.html\" target=\"_self\" rel=\"\" data-link-track-dtm=\"\" data-mrf-link=\"https:\/\/elpais.com\/masterdeperiodismo\/master2025\/2025-08-13\/las-siete-debilidades-de-la-ley-de-desperdicio-alimentario-muchas-excepciones-y-poca-claridad.html\">reaprovechamiento de los desperdicios alimentarios <\/a>no es una actividad nueva, pero en el sector s\u00ed que notan que ha habido un cambio de chip. Ya no se trata tanto de donar cuantos m\u00e1s alimentos mejor, sino de donar aquellos que realmente tengan unos est\u00e1ndares de calidad m\u00ednimos, y que se puedan usar en proyectos con sentido. Que el usuario no reciba simplemente lo que le toca, sino que pueda elegir dentro de una dieta variada y equilibrada. \u201cLa gesti\u00f3n de alimentos forma parte de los or\u00edgenes de C\u00e1ritas, pero es necesario avanzar hacia un acceso a la alimentaci\u00f3n basado en los derechos, que garantice la equidad sin estigmatizar\u201d, ha explicado Sala durante la presentaci\u00f3n del proyecto Man\u00e1. Este proyecto, financiado por el Fondo Social Europeo, quiere llevar la experiencia del reaprovechamiento logrado en Formaci\u00f3 i Treball en Barcelona, a otras ciudades de Espa\u00f1a.<\/p>\n<p class=\"\">La clave, seg\u00fan han explicado los impulsores, es construir un ecosistema de econom\u00eda social que funcione como un c\u00edrculo virtuoso. En el proyecto de Formaci\u00f3 i Treball, este ecosistema lo conforman la fundaci\u00f3n y unas 15 empresas del sector agroalimentario. Las empresas, entre las que est\u00e1n Ametller Origen, Mercadona, las panader\u00edas Bou, La Menorquina y otras empresas y proveedoras, adem\u00e1s del Banco de Alimentos, donan los productos. Y Formaci\u00f3 i Treball, por su parte, se encarga primero de decidir cu\u00e1les se queda y cu\u00e1les no, y luego, de darles una salida para reaprovecharlos.<\/p>\n<figure class=\"a_m a_m-h \"><span class=\"_db a_m_w _pr lb_btn\"><img data-recalc-dims=\"1\" loading=\"lazy\" decoding=\"async\" class=\"_re lazyload a_m-h alignleft\" src=\"https:\/\/i0.wp.com\/imagenes.elpais.com\/resizer\/v2\/VS4DBY2IYBDTDE4MK5HXKSFBEU.jpg?resize=414%2C277&#038;ssl=1\" sizes=\"auto, (min-width:1199px) 760px,(min-width:1001px) calc((100vw - 44px-11*31px)\/12*8+217), (min-width:767px) 767px, 100vw\" srcset=\"https:\/\/imagenes.elpais.com\/resizer\/v2\/VS4DBY2IYBDTDE4MK5HXKSFBEU.jpg?auth=49255ec93cd47c46c1a1a19a751518622e04bdd549b70f8c468aa4b578a227c6&amp;width=414 414w,https:\/\/imagenes.elpais.com\/resizer\/v2\/VS4DBY2IYBDTDE4MK5HXKSFBEU.jpg?auth=49255ec93cd47c46c1a1a19a751518622e04bdd549b70f8c468aa4b578a227c6&amp;width=828 640w,https:\/\/imagenes.elpais.com\/resizer\/v2\/VS4DBY2IYBDTDE4MK5HXKSFBEU.jpg?auth=49255ec93cd47c46c1a1a19a751518622e04bdd549b70f8c468aa4b578a227c6&amp;width=980 1000w,https:\/\/imagenes.elpais.com\/resizer\/v2\/VS4DBY2IYBDTDE4MK5HXKSFBEU.jpg?auth=49255ec93cd47c46c1a1a19a751518622e04bdd549b70f8c468aa4b578a227c6&amp;width=1960 1960w\" alt=\"\" width=\"414\" height=\"277\" \/><\/span><figcaption class=\"a_m_p\" aria-hidden=\"true\"><em>Usuarios de Formaci\u00f3 i Treball en el aula de formaci\u00f3n de cocina, este lunes.<span class=\"a_m_m\">Massimiliano Minocri<\/span><\/em><\/figcaption><\/figure>\n<p class=\"\">\u201cHemos tenido que aprender a decir que no a muchas cosas, pero es que nosotros no podemos arriesgarnos a aceptar productos que no podremos aprovechar, y que tendremos que gestionar como residuo. Antes quiz\u00e1 recog\u00edamos m\u00e1s kilos, pero ahora son de m\u00e1s calidad y m\u00e1s adecuados a nuestras necesidades\u201d, explica Marc Badia, t\u00e9cnico de Formaci\u00f3 i Treball, dedicado a la clasificaci\u00f3n y almacenaje de productos. \u201cNo queremos ser un punto verde o una empresa que gestione residuos, <a title=\"https:\/\/elpais.com\/america-futura\/2026-03-03\/la-tecnologia-es-un-aliada-clave-para-reducir-el-desperdicio-alimentario.html\" href=\"https:\/\/elpais.com\/america-futura\/2026-03-03\/la-tecnologia-es-un-aliada-clave-para-reducir-el-desperdicio-alimentario.html\" target=\"_self\" rel=\"\" data-link-track-dtm=\"\" data-mrf-link=\"https:\/\/elpais.com\/america-futura\/2026-03-03\/la-tecnologia-es-un-aliada-clave-para-reducir-el-desperdicio-alimentario.html\">queremos usar lo que nos es \u00fatil<\/a>\u201d, apunta Badia.<\/p>\n<h3 class=\"\">Restaurantes, c\u00e1terings y comedores sociales<\/h3>\n<p class=\"\">Una vez en la fundaci\u00f3n, los productos pueden usarse en diferentes l\u00edneas. La que recibe m\u00e1s productos es la de los comedores sociales: Formaci\u00f3 i Treball, a trav\u00e9s de su divisi\u00f3n de alimentos D\u2019ins \u2014en paralelo<a title=\"https:\/\/elpais.com\/espana\/catalunya\/2026-01-11\/el-empujon-de-la-insercion-laboral-para-personas-vulnerables-es-una-gran-puerta-al-mercado-de-trabajo.html\" href=\"https:\/\/elpais.com\/espana\/catalunya\/2026-01-11\/el-empujon-de-la-insercion-laboral-para-personas-vulnerables-es-una-gran-puerta-al-mercado-de-trabajo.html\" target=\"_self\" rel=\"\" data-link-track-dtm=\"\" data-mrf-link=\"https:\/\/elpais.com\/espana\/catalunya\/2026-01-11\/el-empujon-de-la-insercion-laboral-para-personas-vulnerables-es-una-gran-puerta-al-mercado-de-trabajo.html\"> tambi\u00e9n tienen una divisi\u00f3n de reciclaje de ropa, Moda Re<\/a>\u2014, elabora los men\u00fas para muchos comedores sociales a los que acuden personas en situaci\u00f3n de vulnerabilidad. Parte de la comida que se da en estos comedores viene de las donaciones de las empresas. En esta l\u00ednea, en 2025 repartieron 237.000 comidas para 6.500 personas atendidas en comedores sociales. Otra de las l\u00edneas que utilizan comida reaprovechada es la de la entrega de comidas a domicilio para m\u00e1s de 200 personas vulnerables, sobre todo gente de la tercera edad. Y la comida tambi\u00e9n se usa m\u00e1s all\u00e1 del \u00e1mbito social: se usa para elaborar los platos de los siete restaurantes que gestiona Fundaci\u00f3 i Treball; para el servicio de c\u00e1tering que gestiona; y para las comidas de los trabajadores del Primavera Sound durante el mes en el que se celebra el festival (unas 13.000 comidas para todo el equipo). Los productos reaprovechados representan el 20% de la materia prima utilizada en los proyectos de alimentaci\u00f3n de Formaci\u00f3 i Treball, ha explicado Marina Arnau, codirectora de la entidad.<\/p>\n<p class=\"\">\u201cLo que nos va mejor es la materia prima, verduras, frutas, carne, pescado&#8230; Los platos elaborados no los solemos aceptar, pero si llega alg\u00fan cargamento, le podemos dar salida para los propios trabajadores de Formaci\u00f3 i Treball, unas 150 personas, el 60% de los cuales son de colectivos vulnerables\u201d, explica Badia. Porque ah\u00ed entra la segunda pata del proyecto. El programa no busca solo <a title=\"https:\/\/elpais.com\/noticias\/desperdicio-alimentos\/\" href=\"https:\/\/elpais.com\/noticias\/desperdicio-alimentos\/\" target=\"_self\" rel=\"\" data-link-track-dtm=\"\" data-mrf-link=\"https:\/\/elpais.com\/noticias\/desperdicio-alimentos\/\">no tirar alimentos a la basura<\/a>, sino que su reaprovechamiento tambi\u00e9n sirva para que personas en riesgo de exclusi\u00f3n social puedan reinsertarse en el mercado laboral. En todas las etapas en las que hay alimentos reaprovechados \u2014almacenaje, elaboraci\u00f3n, cocina y restaurante\u2014 hay trabajadores que est\u00e1n en programas de reinserci\u00f3n social. \u201cHay parte de la plantilla que ya est\u00e1 formada, y una parte est\u00e1 en formaci\u00f3n, para que luego sean capaces de encontrar trabajo fuera de un entorno protegido\u201d, explica Marina Farell, coordinadora de cocina. Mohammed, de 20 a\u00f1os, y Yocelin, de 33, forman parte de estos programas, el primero en la parte de cocina, y ella en la parte del restaurante. \u201cTodas las personas que venimos aqu\u00ed tenemos una historia de vida, y nos ayudan mucho a que podamos encontrar trabajo fuera\u201d, explica Yocelin. \u201cEstar\u00e9 unos dos a\u00f1os y el siguiente paso, con la experiencia que habr\u00e9 tenido, ya ser\u00e1 ir a un restaurante, aunque seguro que no habr\u00e1 tan buen ambiente como aqu\u00ed\u201d, dice Mohammed.<\/p>\n<p class=\"\">La inserci\u00f3n laboral es precisamente uno de los objetivos de C\u00e1ritas, que en toda Espa\u00f1a en 2025 atendi\u00f3 a 65.500 personas en alguno de sus programas de inserci\u00f3n, con una tasa de inserci\u00f3n final del 22%. \u201cNuestra misi\u00f3n es apoyar a las personas que este sistema est\u00e1 dejando fuera. Lo que falla no son ellas, es el sistema\u201d, ha dicho Ana Heras, coordinadora del equipo de Econom\u00eda Solidaria de C\u00e1ritas Espa\u00f1a.<\/p>\n<figure class=\"a_m a_m-h \"><span class=\"_db a_m_w _pr lb_btn\"><img data-recalc-dims=\"1\" loading=\"lazy\" decoding=\"async\" class=\"_re lazyload a_m-h aligncenter\" src=\"https:\/\/i0.wp.com\/imagenes.elpais.com\/resizer\/v2\/IZ544MKSJBC33ORECSXXUJC3MQ.jpg?resize=414%2C276&#038;ssl=1\" sizes=\"auto, (min-width:1199px) 760px,(min-width:1001px) calc((100vw - 44px-11*31px)\/12*8+217), (min-width:767px) 767px, 100vw\" srcset=\"https:\/\/imagenes.elpais.com\/resizer\/v2\/IZ544MKSJBC33ORECSXXUJC3MQ.jpg?auth=a785eca828fa8162ab935839563559359825b0f5d1bbb03e67877d9f2b7b0c67&amp;width=414 414w,https:\/\/imagenes.elpais.com\/resizer\/v2\/IZ544MKSJBC33ORECSXXUJC3MQ.jpg?auth=a785eca828fa8162ab935839563559359825b0f5d1bbb03e67877d9f2b7b0c67&amp;width=828 640w,https:\/\/imagenes.elpais.com\/resizer\/v2\/IZ544MKSJBC33ORECSXXUJC3MQ.jpg?auth=a785eca828fa8162ab935839563559359825b0f5d1bbb03e67877d9f2b7b0c67&amp;width=980 1000w,https:\/\/imagenes.elpais.com\/resizer\/v2\/IZ544MKSJBC33ORECSXXUJC3MQ.jpg?auth=a785eca828fa8162ab935839563559359825b0f5d1bbb03e67877d9f2b7b0c67&amp;width=1960 1960w\" alt=\"\" width=\"414\" height=\"276\" \/><\/span><figcaption class=\"a_m_p\" aria-hidden=\"true\">\u00a0 \u00a0 \u00a0 \u00a0 \u00a0 \u00a0 \u00a0 \u00a0 \u00a0 \u00a0 \u00a0 \u00a0 \u00a0 \u00a0 \u00a0 \u00a0 \u00a0 \u00a0 \u00a0 \u00a0 \u00a0 \u00a0 \u00a0 \u00a0 \u00a0 \u00a0 \u00a0 \u00a0 \u00a0 \u00a0 \u00a0 \u00a0 \u00a0 \u00a0 \u00a0 \u00a0 \u00a0 \u00a0 \u00a0 \u00a0Trabajadores de Formaci\u00f3 i Treball en el almac\u00e9n, este lunes.<span class=\"a_m_m\">Massimiliano Minocri<\/span><\/figcaption><\/figure>\n<\/div>\n<aside class=\"w w-sea\">\n<div class=\"w_b\">\n<div class=\"_g _g-xs\">\n<div class=\"w-sea_txt\">\n<div class=\"_df\">\n<h3 class=\"w-sea_txt_na\"><a href=\"https:\/\/elpais.com\/autor\/josep-cata-figuls\/\" rel=\"autor_bottom\">Josep Cat\u00e0 Figuls<\/a><\/h3>\n<p>FOTO: Un trabajador de Formaci\u00f3 i Treball, en el almac\u00e9n de la entidad desde donde se distribuyen los alimentos.<span class=\"a_m_m\">Massimiliano Minocri<\/span><\/p>\n<p>https:\/\/elpais.com\/clima-y-medio-ambiente\/2026-04-27\/menus-sociales-contra-el-desperdicio-alimentario-como-salvar-250000-kilos-de-ir-al-vertedero-cada-ano-puede-crear-empleo.html<\/p>\n<\/div>\n<\/div>\n<\/div>\n<\/div>\n<\/aside>\n<p>&nbsp;<\/p>\n","protected":false},"excerpt":{"rendered":"<p>C\u00f3mo salvar 250.000 kilos de ir al vertedero cada a\u00f1o puede crear empleo. C\u00e1ritas y&#8230;<\/p>\n","protected":false},"author":1,"featured_media":0,"comment_status":"closed","ping_status":"closed","sticky":false,"template":"","format":"standard","meta":{"_coblocks_attr":"","_coblocks_dimensions":"","_coblocks_responsive_height":"","_coblocks_accordion_ie_support":"","jetpack_post_was_ever_published":false,"_jetpack_newsletter_access":"","_jetpack_dont_email_post_to_subs":false,"_jetpack_newsletter_tier_id":0,"_jetpack_memberships_contains_paywalled_content":false,"_jetpack_memberships_contains_paid_content":false,"footnotes":"","jetpack_publicize_message":"","jetpack_publicize_feature_enabled":true,"jetpack_social_post_already_shared":true,"jetpack_social_options":{"image_generator_settings":{"template":"highway","default_image_id":0,"enabled":false},"version":2}},"categories":[1161,186,44,6937],"tags":[],"class_list":["post-83588","post","type-post","status-publish","format-standard","hentry","category-ciudadania","category-instituciones","category-noticias-de-hoy","category-sociedad"],"jetpack_publicize_connections":[],"jetpack_featured_media_url":"","jetpack_likes_enabled":true,"jetpack_sharing_enabled":true,"_links":{"self":[{"href":"https:\/\/miradordeatarfe.es\/index.php?rest_route=\/wp\/v2\/posts\/83588","targetHints":{"allow":["GET"]}}],"collection":[{"href":"https:\/\/miradordeatarfe.es\/index.php?rest_route=\/wp\/v2\/posts"}],"about":[{"href":"https:\/\/miradordeatarfe.es\/index.php?rest_route=\/wp\/v2\/types\/post"}],"author":[{"embeddable":true,"href":"https:\/\/miradordeatarfe.es\/index.php?rest_route=\/wp\/v2\/users\/1"}],"replies":[{"embeddable":true,"href":"https:\/\/miradordeatarfe.es\/index.php?rest_route=%2Fwp%2Fv2%2Fcomments&post=83588"}],"version-history":[{"count":1,"href":"https:\/\/miradordeatarfe.es\/index.php?rest_route=\/wp\/v2\/posts\/83588\/revisions"}],"predecessor-version":[{"id":83589,"href":"https:\/\/miradordeatarfe.es\/index.php?rest_route=\/wp\/v2\/posts\/83588\/revisions\/83589"}],"wp:attachment":[{"href":"https:\/\/miradordeatarfe.es\/index.php?rest_route=%2Fwp%2Fv2%2Fmedia&parent=83588"}],"wp:term":[{"taxonomy":"category","embeddable":true,"href":"https:\/\/miradordeatarfe.es\/index.php?rest_route=%2Fwp%2Fv2%2Fcategories&post=83588"},{"taxonomy":"post_tag","embeddable":true,"href":"https:\/\/miradordeatarfe.es\/index.php?rest_route=%2Fwp%2Fv2%2Ftags&post=83588"}],"curies":[{"name":"wp","href":"https:\/\/api.w.org\/{rel}","templated":true}]}}