{"id":8359,"date":"2016-04-20T07:45:53","date_gmt":"2016-04-20T07:45:53","guid":{"rendered":"http:\/\/miradordeatarfe.es\/?p=8359"},"modified":"2016-04-20T08:05:05","modified_gmt":"2016-04-20T08:05:05","slug":"la-desmemoria-de-cervantes-que-alimenta-el-mito","status":"publish","type":"post","link":"https:\/\/miradordeatarfe.es\/?p=8359","title":{"rendered":"La desmemoria de Cervantes que alimenta el mito"},"content":{"rendered":"<div class=\"span12 publiBloqueStory\">\n<p>Villanueva de los Infantes, Argamasilla de Alba y Mota del Cuervo pugnan por ser el &#8216;lugar de la Mancha&#8217;.Decenas de libros y estudios avalan a cada municipio en sus aspiraciones. Mientras tanto, la Ruta del Quijote atrae a eruditos y artistas, que buscan la inspiraci\u00f3n que encontr\u00f3 en esta tierra el gran escritor<\/p>\n<p><!--more--><\/p>\n<div class=\"barrasocial\">\n<p>\u00a0<span id=\"U3013852601037aKC\">\u00abEste fin tuvo el Ingenioso Hidalgo de la Mancha, cuyo lugar no quiso poner Cide Hamete puntualmente, por dejar que todas las villas y lugares de la Mancha contendiesen entre s\u00ed por ahij\u00e1rsele y ten\u00e9rsele por suyo, como contendieron las siete ciudades de Grecia por Homero\u00bb.<\/span><span id=\"U3013852601037GTC\">(&#8216;Don Quijote&#8217;, segunda parte, cap\u00edtulo 74).<\/span><\/p>\n<section class=\"offset1 contenido\">\n<div id=\"ccronica\">\n<p>Imaginen por un momento que la primera frase del libro m\u00e1s grande que vieron los siglos fuera esta: \u00abEn un lugar de la Mancha llamado&#8230;\u00bb. Y piensen que en los puntos suspensivos Cervantes hubiera escrito Argamasilla de Alba. O Villanueva de los Infantes. O Mota del Cuervo. O Alc\u00e1zar de San Juan. O Quero. O cualquiera de los pueblos que se disputan el honor de ser &#8216;el lugar de la Mancha&#8217;. Pues si eso hubiera ocurrido, uno de los mayores enigmas de la historia de la literatura habr\u00eda quedado resuelto, pero a la vez, &#8216;El Quijote&#8217; habr\u00eda perdido algo de su magia. Y es que gracias a esta misteriosa primera l\u00ednea, toda una regi\u00f3n de Espa\u00f1a hizo suyo el libro, de manera que decenas de personas en los \u00faltimos cuatro siglos, desde los mayores eruditos hasta el labrador m\u00e1s humilde, pasando por decenas de artistas (hasta 23 esculturas del Quijote y sus compa\u00f1eros se levantan en la zona) y por todos los concejales de Cultura que en la regi\u00f3n han sido, se han sentido tentados de desfacer semejante entuerto.<\/p>\n<p>Son innumerables los estudios que ofrecen argumentos para se\u00f1alar a un determinado pueblo como &#8216;el lugar de la Mancha&#8217;, o tambi\u00e9n para descartarlo. Pero tras una primera criba, tres son los municipios que cuentan con m\u00e1s puntos para hacerse con este honor. Un inciso: un honor que no ser\u00eda solo simb\u00f3lico, como la honra de aquellos hidalgos venidos a menos que retrata Cervantes. No: un honor que, en una zona cuya primera industria, gracias al turismo, es El Quijote, supondr\u00eda millones de euros. Dicho lo anterior, los tres pueblos que aspiran a la gloria literaria son Villanueva de los Infantes, Argamasilla de Alba y Mota del Cuervo.<\/p>\n<div id=\"layer-inpage\"><\/div>\n<div id=\"roba_cintillo\"><\/div>\n<p>En <span id=\"U3013852601037HCB\">Villanueva de los Infantes<\/span>, (provincia de Ciudad Real, capital de la comarca del Campo de Montiel), un cartel que anticipa la voluntad de acabar con todas las dudas recibe al visitante: &#8216;El lugar de la Mancha&#8217;. Tampoco hay dudas de la devoci\u00f3n cervantina del municipio, que en su bell\u00edsima Plaza Mayor presenta un conjunto de esculturas que muestra a Don Quijote llamando a gritos a Sancho, y a Rocinante y al burro de Sancho (pobre animal, que se qued\u00f3 sin nombre) acompa\u00f1\u00e1ndolos. Un grupo de alumnos de 1\u00ba de Bachillerato del IES Mar Menor de San Javier, en Murcia, est\u00e1n de viaje de estudios por la comarca, un destino \u00abque se les ha ocurrido a los profesores\u00bb, explica una alumna, Carmen, con poco entusiasmo. Y varios de ellos se montan en el caballo y en el burro y durante un momento, la escena parece cobrar vida y Don Quijote, hecho una furia, ya no se dirige a Sancho, sino que abronca a los chavales por subirse a lomos de los animales.Villanueva, o Los Infantes, como as\u00ed llaman los vecinos a su pueblo, tiene dos glorias literarias en su historia. La otra (o la una, dependiendo de con qui\u00e9n se hable) es ni m\u00e1s ni menos que <a href=\"http:\/\/www.ideal.es\/granada\/culturas\/cuarto-centenario-muerte-cervantes\/201604\/15\/maestro-punalada-20160415110024-rc.html\">Quevedo<\/a>. El poeta fue nombrado se\u00f1or del pueblo vecino de la Torre de San Juan, y a Los Infantes se acercaba a hacer vida social, a conversar con el cura y con el m\u00e9dico y a tomarse un vino&#8230; Al final de sus d\u00edas, Quevedo se instal\u00f3 en el Convento de Santo Domingo, y all\u00ed muri\u00f3. Sus huesos, tras muchas vueltas (<a href=\"http:\/\/www.ideal.es\/granada\/culturas\/cuarto-centenario-muerte-cervantes\/201604\/15\/fiasco-huesos-20160415104341-rc.html\">lo de descanse en paz no sirve en Espa\u00f1a, que se lo digan al mismo Cervantes<\/a>), est\u00e1n enterrados en el convento de la localidad.<\/p>\n<figure class=\"photo pull-right mm\"><img data-recalc-dims=\"1\" loading=\"lazy\" decoding=\"async\" title=\"La Plaza Mayor de Villanueva de los Infantes. \" src=\"https:\/\/i0.wp.com\/www.ideal.es\/RC\/201604\/15\/media\/cortadas\/villanueva-plaza--575x323.jpg?resize=575%2C323\" alt=\"La Plaza Mayor de Villanueva de los Infantes. \" width=\"575\" height=\"323\" vspace=\"1\" \/><figcaption class=\"bT\">La Plaza Mayor de Villanueva de los Infantes. <strong> \/ <a href=\"http:\/\/www.hoy.es\/autor\/alberto-ferreras-116.html\">Alberto Ferreras<\/a><\/strong><\/p>\n<\/figcaption><\/figure>\n<p>Pero los vecinos de los Infantes piensan que se puede amar a dos escritores a la vez y no estar loco. Por eso, el pueblo esgrime con orgullo las conclusiones de un estudio que llev\u00f3 a cabo un equipo multidisciplinar (Geograf\u00eda, Historia, Filolog\u00eda, Sociolog\u00eda, Matem\u00e1ticas y Ciencias de la Informaci\u00f3n) dirigido por tres catedr\u00e1ticos: Francisco Parra Luna, Sociolog\u00eda; Santiago Petschen, Relaciones Internacionales, y Manuel Fern\u00e1ndez Nieto, de Literatura. En total, 20 expertos (\u00a120!) que dieron la vuelta a los pueblos de la Ruta del Quijote para encontrar el lugar del que Cervantes no quer\u00eda acordarse. La puesta en escena de aquel estudio a\u00fan hace sonre\u00edr a los vecinos. Ver a un catedr\u00e1tico universitario con todas sus letras montado en un caballo flaco y a otro en un burro, todo para saber si los tiempos de viaje que marc\u00f3 Cervantes para Alonso Quijano y Sancho corresponden a la realidad, representa una buena met\u00e1fora de la pasi\u00f3n que El Quijote aviva cada d\u00eda en tanta gente. Pues bien, este estudio, que se prolong\u00f3 durante una d\u00e9cada, concluye que &#8216;el lugar de la Mancha&#8217; es Villanueva de los Infantes. Cuatro placas en la pared de la Iglesia del pueblo, con un mapa del &#8216;Sistema de tardanzas cervantinas&#8217; que algunos veneran como si fueran las tablas de Mois\u00e9s, corroboran las hip\u00f3tesis del estudio. Pero entonces, en ese momento de plena euforia en el que uno cree que ha encontrado el tesoro, llega el jarro de agua fr\u00eda. Un lugare\u00f1o, al que sus vecinos no tardar\u00edan en llamar aguafiestas, lanza una pregunta al aire. \u00abPero si nosotros somos el lugar del que Cervantes no quiere acordarse, \u00bfpor qu\u00e9 la casa del Caballero del Verde Gab\u00e1n est\u00e1 aqu\u00ed, y Cervantes habla de ella, y cita al pueblo?\u00bb. Tenso silencio. Porque efectivamente, la casa de Diego de Miranda, el Caballero del Verde Gab\u00e1n, citado en el cap\u00edtulo XVI de la segunda parte, dista apenas 100 metros de la plaza, en la calle Cervantes. <a href=\"http:\/\/www.ideal.es\/granada\/culturas\/cuarto-centenario-muerte-cervantes\/201604\/15\/cinco-momentos-para-sentirse-20160415152646-rc.html\">La casa merece un art\u00edculo aparte<\/a>, pero por mucho estudio complutense que haya, la duda sobre el lugar de la Mancha acecha con m\u00e1s fuerza que antes.<\/p>\n<p>El camino de los pueblos candidatos contin\u00faa en <span id=\"U30138526010376GC\">Argamasilla de Alba<\/span>, que se siente avalada por la historia y por el &#8216;establishment&#8217; cultural para declararse &#8216;el lugar de la Mancha&#8217;. As\u00ed reza (ojo, igual que en Villanueva de los Infantes) un cartel a la entrada del pueblo. As\u00ed lo dijo Azor\u00edn en &#8216;La ruta del Quijote&#8217;, en 1905. Y as\u00ed lo quisieron certificar con su presencia los acad\u00e9micos de la Lengua, que celebraron en el pueblo el a\u00f1o pasado su segunda reuni\u00f3n en 300 a\u00f1os de historia fuera de la sede de la RAE, en homenaje a los Acad\u00e9micos de Argamasilla, que en &#8216;El Quijote&#8217; se reun\u00edan en la botica del pueblo y de los que Cervantes se mofaba por sus \u00ednfulas literarias. De aquella reuni\u00f3n de la RAE qued\u00f3 para la historia un <a href=\"http:\/\/www.rae.es\/sites\/default\/files\/Argamasilla_Arturo_Perez-Reverte_26.pdf\">texto del acad\u00e9mico Arturo P\u00e9rez-Reverte<\/a>. Siguiendo con el recorrido por el pueblo, la Oficina de Turismo del municipio ofrece claves para descifrar el enigma del lugar de la Mancha, y es que justo en este lugar est\u00e1 ubicada la cueva de Medrano, donde Cervantes pas\u00f3 cautiverio cuatro meses y donde, seg\u00fan la mayor\u00eda de los bi\u00f3grafos del escritor, pudo concebir el Quijote.<\/p>\n<figure class=\"photo pull-right mm\"><img data-recalc-dims=\"1\" loading=\"lazy\" decoding=\"async\" title=\"Argamasilla de Alba, otro pueblo que dice ser el 'lugar de la Mancha'. \" src=\"https:\/\/i0.wp.com\/www.ideal.es\/RC\/201604\/15\/media\/cortadas\/argamasilla-alba--575x323.jpg?resize=575%2C323\" alt=\"Argamasilla de Alba, otro pueblo que dice ser el 'lugar de la Mancha'. \" width=\"575\" height=\"323\" vspace=\"1\" \/><figcaption class=\"bT\">Argamasilla de Alba, otro pueblo que dice ser el &#8216;lugar de la Mancha&#8217;. <strong> \/ <a href=\"http:\/\/www.hoy.es\/autor\/alberto-ferreras-116.html\">Alberto Ferreras<\/a><\/strong><\/p>\n<\/figcaption><\/figure>\n<p>Adem\u00e1s de la cueva, en Argamasilla muestran una prueba m\u00e1s para corroborar sus aspiraciones. Rodrigo de Pacheco, el noble que hizo encarcelar a Cervantes al sentirse estafado (o al ver a Cervantes lisonjeando a su sobrino), se quiso hacer un retrato para la posteridad, y su cuadro cuelga en la iglesia del pueblo. Su rostro, enjuto y con ojos saltones, parece casar bien con la imagen que se tiene de Don Quijote, lo que abre paso a la hip\u00f3tesis de que el escritor se inspir\u00f3 en \u00e9l para su personaje. Argamasilla, en todo caso, ofrece argumentos para ser el pueblo del que Cervantes no quer\u00eda acordarse. Qu\u00e9 paradoja que los descendientes de aquellos paisanos de los que Cervantes se burl\u00f3 (los acad\u00e9micos) y a los que intent\u00f3 timar (Rodrigo de Pacheco) defiendan con pasi\u00f3n la procedencia de la obra.<\/p>\n<p>A la pugna entre Villanueva de los Infantes y Argamasilla de Alba le ha salido un tercero en discordia. El a\u00f1o pasado, con ocasi\u00f3n del cuarto centenario de la publicaci\u00f3n de la segunda parte de &#8216;El Quijote&#8217;, el investigador conquense Jos\u00e9 Manuel Gonz\u00e1lez Mujeriego public\u00f3 &#8216;Lo que Cervantes call\u00f3&#8217;, el libro que sustenta la teor\u00eda de que Mota es &#8216;el lugar&#8217;. Y la cosa, igual que con Argamasilla, tambi\u00e9n tiene algo que ver con amor\u00edos. La obra sostiene que la hermana mayor de Cervantes mantuvo una relaci\u00f3n con el sobrino del alcaide de Mota Hernando de Ovando. Este sobrino reconoci\u00f3 a la hija, pero no se cas\u00f3 con la madre. La familia Cervantes no se tom\u00f3 a bien esta afrenta, seg\u00fan Gonz\u00e1lez Mujeriego, de ah\u00ed que el escritor no quisiera acordarse de Mota del Cuervo.<\/p>\n<figure class=\"photo pull-right mm\"><img data-recalc-dims=\"1\" loading=\"lazy\" decoding=\"async\" title=\"Mota del Cuervo, el tercero en discordia. \" src=\"https:\/\/i0.wp.com\/www.ideal.es\/RC\/201604\/15\/media\/cortadas\/mota-del-cuervo--575x323.jpg?resize=575%2C323\" alt=\"Mota del Cuervo, el tercero en discordia. \" width=\"575\" height=\"323\" vspace=\"1\" \/><figcaption class=\"bT\">Mota del Cuervo, el tercero en discordia. <strong> \/ <a href=\"http:\/\/www.hoy.es\/autor\/alberto-ferreras-116.html\">Alberto Ferreras<\/a><\/strong><\/p>\n<\/figcaption><\/figure>\n<p>La geograf\u00eda, adem\u00e1s, parece aliarse con <span id=\"U3013852601037wbF\">Mota del Cuervo<\/span>. Cervantes insiste en que la localidad donde vive la moza de la que est\u00e1 enamorado el Quijote se encuentra cerca del hogar del caballero andante. El Toboso est\u00e1 a apenas 14 kil\u00f3metros de Mota, mientras que El Toboso y Argamasilla de Alba distan en 52 kil\u00f3metros y El Toboso y Villanueva de los Infantes, en 106. Dicen los mote\u00f1os que no pod\u00eda el Quijote recorrer ni 52 ni 106 kil\u00f3metros para ver a su amada&#8230; De Mota, por ejemplo, es Isabel Fern\u00e1ndez Morales, que se enamor\u00f3 del Quijote y abri\u00f3 una hospeder\u00eda llamada &#8216;Casa de la Torre&#8217; en El Toboso. La casa es un lugar de c\u00e1lida acogida y un museo cervantino en s\u00ed misma, pero la propietaria se muestra especialmente orgullosa de la edici\u00f3n de &#8216;El Quijote&#8217; que ha ilustrado con dibujos de artistas locales y cuyos cap\u00edtulos est\u00e1n traducidos a 67 idiomas, entre ellos, guaran\u00ed y ga\u00e9lico irland\u00e9s. Isabel prepara ahora su siguiente proyecto: una ruta desde El Toboso a Barcelona que emule la del Ingenioso Hidalgo y que se convierta en el futuro, afirma, en un \u00abnuevo Camino de Santiago\u00bb. En ella y en todos los apasionados que uno encuentra en la Ruta del Quijote, sean gu\u00edas, hosteleros o simples vecinos, uno ve tanta pasi\u00f3n que piensa que esa gente no hace lo que hace solo por dinero. Algunos hablan de Alonso Quijano como si fuera un primo lejano que se fue de viaje, o como si fueran a encontr\u00e1rselo a la vuelta de la siguiente esquina. Cuatrocientos a\u00f1os despu\u00e9s, hay un hilo invisible que une al caballero andante con sus vecinos.<\/p>\n<p>La ruta termina en <span id=\"U3013852601037yzH\">Quintanar de la Orden<\/span>. Aqu\u00ed asumen que ellos no son el pueblo elegido, pero tambi\u00e9n han querido homenajear la obra, eso s\u00ed, desde una visi\u00f3n moderna. Cuatro grafiteros de prestigio internacional, Inti, Milu Correch, Parsec y Core246, este hace apenas unos d\u00edas, han marcado el municipio con unos murales espectaculares que reinterpretan con un toque actual y rom\u00e1ntico a Don Quijote, Dulcinea, el Licenciado Vidriera y al propio Cervantes. Cuatro im\u00e1genes que prueban el hechizo que la obra de Cervantes sigue ejerciendo en cualquiera que se sienta atrapado por ella.<\/p>\n<\/div>\n<\/section>\n<\/div>\n<\/div>\n<p>PUBLICADO EN : <a href=\"http:\/\/www.ideal.es\/granada\/culturas\/cuarto-centenario-muerte-cervantes\/201604\/15\/desmemoria-cervantes-alimenta-mito-20160415121836-rc.html\">http:\/\/www.ideal.es\/granada\/culturas\/cuarto-centenario-muerte-cervantes\/201604\/15\/desmemoria-cervantes-alimenta-mito-20160415121836-rc.html<\/a><\/p>\n<article class=\"story noticiaReportaje\"><\/article>\n","protected":false},"excerpt":{"rendered":"<p>Villanueva de los Infantes, Argamasilla de Alba y Mota del Cuervo pugnan por ser el&#8230;<\/p>\n","protected":false},"author":1,"featured_media":8360,"comment_status":"closed","ping_status":"closed","sticky":false,"template":"","format":"standard","meta":{"_coblocks_attr":"","_coblocks_dimensions":"","_coblocks_responsive_height":"","_coblocks_accordion_ie_support":"","jetpack_post_was_ever_published":false,"_jetpack_newsletter_access":"","_jetpack_dont_email_post_to_subs":false,"_jetpack_newsletter_tier_id":0,"_jetpack_memberships_contains_paywalled_content":false,"_jetpack_memberships_contains_paid_content":false,"footnotes":"","jetpack_publicize_message":"","jetpack_publicize_feature_enabled":true,"jetpack_social_post_already_shared":false,"jetpack_social_options":{"image_generator_settings":{"template":"highway","default_image_id":0,"enabled":false},"version":2}},"categories":[12,186,9,44,15],"tags":[2233,1354,510],"class_list":["post-8359","post","type-post","status-publish","format-standard","has-post-thumbnail","hentry","category-cultura","category-instituciones","category-medio-ambiente","category-noticias-de-hoy","category-ultimas-noticias","tag-fruta","tag-pueblos","tag-quijote"],"jetpack_publicize_connections":[],"jetpack_featured_media_url":"https:\/\/i0.wp.com\/miradordeatarfe.es\/wp-content\/uploads\/2016\/04\/Argamasilla_de_Alba_01.jpg?fit=800%2C500&ssl=1","jetpack_likes_enabled":true,"jetpack_sharing_enabled":true,"_links":{"self":[{"href":"https:\/\/miradordeatarfe.es\/index.php?rest_route=\/wp\/v2\/posts\/8359","targetHints":{"allow":["GET"]}}],"collection":[{"href":"https:\/\/miradordeatarfe.es\/index.php?rest_route=\/wp\/v2\/posts"}],"about":[{"href":"https:\/\/miradordeatarfe.es\/index.php?rest_route=\/wp\/v2\/types\/post"}],"author":[{"embeddable":true,"href":"https:\/\/miradordeatarfe.es\/index.php?rest_route=\/wp\/v2\/users\/1"}],"replies":[{"embeddable":true,"href":"https:\/\/miradordeatarfe.es\/index.php?rest_route=%2Fwp%2Fv2%2Fcomments&post=8359"}],"version-history":[{"count":1,"href":"https:\/\/miradordeatarfe.es\/index.php?rest_route=\/wp\/v2\/posts\/8359\/revisions"}],"predecessor-version":[{"id":8361,"href":"https:\/\/miradordeatarfe.es\/index.php?rest_route=\/wp\/v2\/posts\/8359\/revisions\/8361"}],"wp:featuredmedia":[{"embeddable":true,"href":"https:\/\/miradordeatarfe.es\/index.php?rest_route=\/wp\/v2\/media\/8360"}],"wp:attachment":[{"href":"https:\/\/miradordeatarfe.es\/index.php?rest_route=%2Fwp%2Fv2%2Fmedia&parent=8359"}],"wp:term":[{"taxonomy":"category","embeddable":true,"href":"https:\/\/miradordeatarfe.es\/index.php?rest_route=%2Fwp%2Fv2%2Fcategories&post=8359"},{"taxonomy":"post_tag","embeddable":true,"href":"https:\/\/miradordeatarfe.es\/index.php?rest_route=%2Fwp%2Fv2%2Ftags&post=8359"}],"curies":[{"name":"wp","href":"https:\/\/api.w.org\/{rel}","templated":true}]}}