{"id":83594,"date":"2026-05-02T08:16:31","date_gmt":"2026-05-02T06:16:31","guid":{"rendered":"https:\/\/miradordeatarfe.es\/?p=83594"},"modified":"2026-04-30T13:49:07","modified_gmt":"2026-04-30T11:49:07","slug":"los-secretos-y-sufrimientos-de-la-cantante-mari-trini","status":"publish","type":"post","link":"https:\/\/miradordeatarfe.es\/?p=83594","title":{"rendered":"Los secretos y sufrimientos de la cantante MARI TRINI"},"content":{"rendered":"<h3 dir=\"auto\" style=\"text-align: justify;\">MARI TRINI: La VERDAD sobre su VIDA OCULTA, su AMOR PROHIBIDO y su LEGADO INDESTRUCTIBLE<\/h3>\n<div dir=\"auto\" style=\"text-align: justify;\">Mari Trini (Mar\u00eda Trinidad P\u00e9rez-Miravete Mille) fue una de las cantautoras m\u00e1s valientes y libres de la m\u00fasica espa\u00f1ola. Con su guitarra y su voz clara, rompi\u00f3 moldes en los a\u00f1os 70 con canciones como \u201cYo no soy esa\u201d, \u201cUna estrella en mi jard\u00edn\u201d, \u201cEl poder del amor\u201d o \u201cHoy no quiero hablar de amor\u201d.<\/div>\n<div dir=\"auto\" style=\"text-align: justify;\">Pero su vida real estuvo marcada por el secreto y el sufrimiento.<\/div>\n<div dir=\"auto\" style=\"text-align: justify;\">\u00a0<\/div>\n<div dir=\"auto\" style=\"text-align: justify;\">Mari Trini era lesbiana en una Espa\u00f1a todav\u00eda muy conservadora y represora. Mantuvo su orientaci\u00f3n sexual en absoluto secreto durante d\u00e9cadas por miedo a destruir su carrera. Tuvo varios amores prohibidos, algunos de ellos muy intensos y dolorosos, que vivi\u00f3 siempre en la clandestinidad. Una de esas relaciones, seg\u00fan personas de su entorno m\u00e1s cercano, fue especialmente importante y le marc\u00f3 profundamente.<\/div>\n<div dir=\"auto\" style=\"text-align: justify;\">\u00a0<\/div>\n<div dir=\"auto\" style=\"text-align: justify;\"><span class=\"JCzEY tNxQIb\"><span class=\"CSkcDe\">\u00bfQui\u00e9n fue la pareja de Mari Trini, cantante?<span class=\"BxUVEf ILfuVd\" lang=\"es\"><span class=\"hgKElc pOOWX\">Aunque nunca lo dijo p\u00fablicamente, Mari Trini mantuvo una relaci\u00f3n con <b>Claudette Lanza<\/b>, que fue su secretaria personal y su pareja durante 40 a\u00f1os. Nunca quiso hablar de su vida privada en los medios de comunicaci\u00f3n. Lanza muri\u00f3 en 2023<\/span><\/span><\/span><\/span><\/div>\n<div dir=\"auto\" style=\"text-align: justify;\">\n<div class=\"lJyoBc\">\n<div>\n<div class=\"YzCcne\" data-mg-cp=\"YzCcne\" data-mcp=\"18\">\n<div id=\"eEPwaf3VG8-nkdUP-KuyiAQ__2\">\n<section>\n<div data-host-wiz-contract-name=\"gws_wizbind\">\n<div>\n<div class=\"qRuFed\">\n<div class=\"CKgc1d\" data-scope-id=\"turn\" data-sfc-root=\"c\" data-sfc-cb=\"\">\n<div dir=\"ltr\" data-subtree=\"aimc\" data-sfc-cp=\"\" data-sfc-root=\"c\" data-sfc-cb=\"\" data-ved=\"2ahUKEwj98ZKM5o-UAxXPU6QEHfiVDEEQ2O0OegYIAQgAEAA\" data-hveid=\"CAEIABAA\">\n<div class=\"FkX2oe QdF6fe\" data-sfc-root=\"c\" data-wiz-uids=\"ZJUEYb_3\" data-sfc-cb=\"\">\n<div class=\"pWvJNd\" data-sfc-root=\"c\" data-sfc-cb=\"\">\n<div class=\"mZJni\" dir=\"ltr\" data-container-id=\"main-col\" data-xid=\"VpUvz\" data-sfc-root=\"c\" data-sfc-cb=\"\" data-ved=\"2ahUKEwj98ZKM5o-UAxXPU6QEHfiVDEEQ3KYQegYIAQgAEAE\">\n<div data-sfc-cp=\"\" data-sfc-root=\"c\" data-sfc-cb=\"\" data-hveid=\"CAEIABAC\">\u00a0<\/div>\n<div class=\"n6owBd awi2gc\" data-sfc-cp=\"\" data-sfc-root=\"c\" data-sfc-cb=\"\" data-hveid=\"CAEIABAC\"><span data-subtree=\"aimfl,mfl\">Mari Trini <\/span><em>ten\u00eda la boca ligeramente torcida o asim\u00e9trica debido a una mala praxis m\u00e9dica durante una operaci\u00f3n de sinusitis<\/em>, no por una par\u00e1lisis facial como se rumoreaba. El cirujano cort\u00f3 incorrectamente, provocando que perdiera firmeza en el labio, lo que se notaba m\u00e1s al sonre\u00edr o en momentos de tensi\u00f3n.<span class=\"uJ19be notranslate\" data-sfc-root=\"c\" data-wiz-uids=\"ZJUEYb_9,ZJUEYb_a\" data-sfc-cb=\"\"><span class=\"vKEkVd\" data-animation-atomic=\"\" data-wiz-attrbind=\"class=ZJUEYb_8\/TKHnVd\"><span aria-hidden=\"true\">\u00a0<\/span><\/span><\/span><\/div>\n<ul class=\"KsbFXc U6u95\" data-sfc-root=\"c\" data-sfc-cb=\"\">\n<li class=\"Z1qcYe\" data-sfc-cp=\"\" data-sfc-root=\"c\" data-sfc-cb=\"\" data-hveid=\"CAEIABAG\"><span class=\"T286Pc\" data-sfc-cp=\"\" data-sfc-root=\"c\" data-sfc-cb=\"\"><strong class=\"Yjhzub\" data-sfc-root=\"c\" data-sfc-cb=\"\">Causa:<\/strong> Una operaci\u00f3n de sinusitis que sali\u00f3 mal (\u00abse le fue la tijera\u00bb donde no deb\u00edan).<\/span><\/li>\n<li class=\"Z1qcYe\" data-sfc-cp=\"\" data-sfc-root=\"c\" data-sfc-cb=\"\" data-hveid=\"CAEIABAH\"><span class=\"T286Pc\" data-sfc-cp=\"\" data-sfc-root=\"c\" data-sfc-cb=\"\"><strong class=\"Yjhzub\" data-sfc-root=\"c\" data-sfc-cb=\"\">Consecuencia:<\/strong> Una leve deformidad permanente en la boca que ella llev\u00f3 toda su vida.<\/span><\/li>\n<li class=\"Z1qcYe\" data-sfc-cp=\"\" data-sfc-root=\"c\" data-sfc-cb=\"\" data-hveid=\"CAEIABAI\"><span class=\"T286Pc\" data-sfc-cp=\"\" data-sfc-root=\"c\" data-sfc-cb=\"\"><strong class=\"Yjhzub\" data-sfc-root=\"c\" data-sfc-cb=\"\">Impacto:<\/strong> Lejos de ocultarlo, esa caracter\u00edstica particular acentuaba su gesticulaci\u00f3n dram\u00e1tica al cantar.<\/span><span class=\"uJ19be notranslate\" data-sfc-root=\"c\" data-wiz-uids=\"ZJUEYb_n,ZJUEYb_o\" data-sfc-cb=\"\"><span class=\"vKEkVd\" data-animation-atomic=\"\" data-wiz-attrbind=\"class=ZJUEYb_m\/TKHnVd\"><span aria-hidden=\"true\">\u00a0<\/span><\/span><\/span><\/li>\n<\/ul>\n<\/div>\n<\/div>\n<\/div>\n<\/div>\n<\/div>\n<\/div>\n<\/div>\n<\/div>\n<\/section>\n<\/div>\n<\/div>\n<\/div>\n<\/div>\n<\/div>\n<div dir=\"auto\" style=\"text-align: justify;\">Su lucha contra la enfermedad tambi\u00e9n fue silenciosa. Durante a\u00f1os combati\u00f3 un c\u00e1ncer que la fue desgastando poco a poco. Sigui\u00f3 componiendo y cantando con dignidad, pero su salud se deterior\u00f3 hasta que falleci\u00f3 el 6 de abril de 2009 a los 61 a\u00f1os en Madrid.<span data-subtree=\"aimfl,mfl\">La cantante y compositora espa\u00f1ola <\/span><strong class=\"Yjhzub\" data-sfc-root=\"c\" data-sfc-cb=\"\"><span data-sfc-root=\"c\" data-wiz-uids=\"x9Ypbd_9\" data-sfc-cb=\"\"><a class=\"GI370e\" href=\"https:\/\/www.google.com\/search?client=firefox-b-d&amp;q=Mari+Trini&amp;ved=2ahUKEwjRwpKM5o-UAxXxUaQEHduqFKoQgK4QegYIAQgAEAM\" data-ved=\"2ahUKEwjRwpKM5o-UAxXxUaQEHduqFKoQgK4QegYIAQgAEAM\" data-hveid=\"CAEIABAD\">Mari Trini<\/a><\/span><\/strong> falleci\u00f3 el 6 de abril de 2009 a los 61 a\u00f1os en Murcia, a causa de un c\u00e1ncer de h\u00edgado (algunas fuentes mencionan pulm\u00f3n) tras una larga enfermedad. Fue una figura ic\u00f3nica de la m\u00fasica espa\u00f1ola de los a\u00f1os 70 y 80, conocida por \u00e9xitos como \u00ab<span data-sfc-root=\"c\" data-wiz-uids=\"x9Ypbd_c\" data-sfc-cb=\"\"><a class=\"GI370e\" href=\"https:\/\/www.google.com\/search?client=firefox-b-d&amp;q=Yo+no+soy+%C3%A9sa&amp;ved=2ahUKEwjRwpKM5o-UAxXxUaQEHduqFKoQgK4QegYIAQgAEAU\" data-ved=\"2ahUKEwjRwpKM5o-UAxXxUaQEHduqFKoQgK4QegYIAQgAEAU\" data-hveid=\"CAEIABAF\">Yo no soy \u00e9sa<\/a><\/span>\u00ab.<\/div>\n<div dir=\"auto\" style=\"text-align: justify;\">\u00a0<\/div>\n<div dir=\"auto\" style=\"text-align: justify;\">Mari Trini eligi\u00f3 morir como vivi\u00f3: con discreci\u00f3n. No quiso grandes homenajes ni espect\u00e1culos medi\u00e1ticos. Su entierro fue \u00edntimo y su legado musical, sin embargo, se ha mantenido intacto.<\/div>\n<div dir=\"auto\" style=\"text-align: justify;\">Hoy, m\u00e1s de 17 a\u00f1os despu\u00e9s de su muerte, sus canciones siguen sonando y emocionando. Fue una artista pionera que cant\u00f3 al amor libre, a la independencia de la mujer y a los sentimientos sin miedo, incluso cuando ella misma ten\u00eda que esconder gran parte de su vida.<\/div>\n<div dir=\"auto\" style=\"text-align: justify;\">\u00a0<\/div>\n<div dir=\"auto\" style=\"text-align: justify;\">Una voz libre en un tiempo de silencios. Un legado indestructible que trasciende su dolor y sus secretos<\/div>\n<div dir=\"auto\">\u00a0<\/div>\n","protected":false},"excerpt":{"rendered":"<p>MARI TRINI: La VERDAD sobre su VIDA OCULTA, su AMOR PROHIBIDO y su LEGADO INDESTRUCTIBLE&#8230;<\/p>\n","protected":false},"author":1,"featured_media":83595,"comment_status":"closed","ping_status":"closed","sticky":false,"template":"","format":"standard","meta":{"_coblocks_attr":"","_coblocks_dimensions":"","_coblocks_responsive_height":"","_coblocks_accordion_ie_support":"","jetpack_post_was_ever_published":false,"_jetpack_newsletter_access":"","_jetpack_dont_email_post_to_subs":false,"_jetpack_newsletter_tier_id":0,"_jetpack_memberships_contains_paywalled_content":false,"_jetpack_memberships_contains_paid_content":false,"footnotes":"","jetpack_publicize_message":"","jetpack_publicize_feature_enabled":true,"jetpack_social_post_already_shared":true,"jetpack_social_options":{"image_generator_settings":{"template":"highway","default_image_id":0,"enabled":false},"version":2}},"categories":[1161,44,6937],"tags":[],"class_list":["post-83594","post","type-post","status-publish","format-standard","has-post-thumbnail","hentry","category-ciudadania","category-noticias-de-hoy","category-sociedad"],"jetpack_publicize_connections":[],"jetpack_featured_media_url":"https:\/\/i0.wp.com\/miradordeatarfe.es\/wp-content\/uploads\/2026\/04\/images.webp?fit=414%2C415&ssl=1","jetpack_likes_enabled":true,"jetpack_sharing_enabled":true,"_links":{"self":[{"href":"https:\/\/miradordeatarfe.es\/index.php?rest_route=\/wp\/v2\/posts\/83594","targetHints":{"allow":["GET"]}}],"collection":[{"href":"https:\/\/miradordeatarfe.es\/index.php?rest_route=\/wp\/v2\/posts"}],"about":[{"href":"https:\/\/miradordeatarfe.es\/index.php?rest_route=\/wp\/v2\/types\/post"}],"author":[{"embeddable":true,"href":"https:\/\/miradordeatarfe.es\/index.php?rest_route=\/wp\/v2\/users\/1"}],"replies":[{"embeddable":true,"href":"https:\/\/miradordeatarfe.es\/index.php?rest_route=%2Fwp%2Fv2%2Fcomments&post=83594"}],"version-history":[{"count":1,"href":"https:\/\/miradordeatarfe.es\/index.php?rest_route=\/wp\/v2\/posts\/83594\/revisions"}],"predecessor-version":[{"id":83596,"href":"https:\/\/miradordeatarfe.es\/index.php?rest_route=\/wp\/v2\/posts\/83594\/revisions\/83596"}],"wp:featuredmedia":[{"embeddable":true,"href":"https:\/\/miradordeatarfe.es\/index.php?rest_route=\/wp\/v2\/media\/83595"}],"wp:attachment":[{"href":"https:\/\/miradordeatarfe.es\/index.php?rest_route=%2Fwp%2Fv2%2Fmedia&parent=83594"}],"wp:term":[{"taxonomy":"category","embeddable":true,"href":"https:\/\/miradordeatarfe.es\/index.php?rest_route=%2Fwp%2Fv2%2Fcategories&post=83594"},{"taxonomy":"post_tag","embeddable":true,"href":"https:\/\/miradordeatarfe.es\/index.php?rest_route=%2Fwp%2Fv2%2Ftags&post=83594"}],"curies":[{"name":"wp","href":"https:\/\/api.w.org\/{rel}","templated":true}]}}