{"id":83597,"date":"2026-05-01T09:27:52","date_gmt":"2026-05-01T07:27:52","guid":{"rendered":"https:\/\/miradordeatarfe.es\/?p=83597"},"modified":"2026-04-28T07:31:30","modified_gmt":"2026-04-28T05:31:30","slug":"mas-bienestar-mas-estado-y-mas-sindicatos-una-nueva-via-economica-frente-a-la-ola-trumpista","status":"publish","type":"post","link":"https:\/\/miradordeatarfe.es\/?p=83597","title":{"rendered":"M\u00e1s bienestar, m\u00e1s Estado y m\u00e1s sindicatos: una nueva v\u00eda econ\u00f3mica frente a la ola trumpista"},"content":{"rendered":"<h3 style=\"text-align: justify;\">El mundo vive un momento de transici\u00f3n entre el fin de la hegemon\u00eda del ideario neoliberal y el alumbramiento de un nuevo modelo. Un grupo de economistas vinculados a la London School of Economics est\u00e1 impulsando una nueva hoja de ruta que rompe con la ortodoxia: el sector p\u00fablico es crucial y los sindicatos vuelven a tener peso<\/h3>\n<div class=\"a_c clearfix\" data-dtm-region=\"articulo_cuerpo\">\n<p class=\"\" style=\"text-align: justify;\">De todas las sentencias, escritas o atribuidas a Antonio Gramsci, tal vez la m\u00e1s acorde a este tiempo en la econom\u00eda mundial es aquella que dec\u00eda: <a title=\"https:\/\/elpais.com\/chile\/2025-02-09\/monstruos.html\" href=\"https:\/\/elpais.com\/chile\/2025-02-09\/monstruos.html\" target=\"_blank\" rel=\"noopener noreferrer\" data-link-track-dtm=\"\" data-mrf-link=\"https:\/\/elpais.com\/chile\/2025-02-09\/monstruos.html\">\u201cEl viejo mundo se muere, el nuevo tarda en aparecer. Y en ese claroscuro surgen los monstruos\u201d. <\/a>Estos son muchos y diversos. El mundo afronta una dif\u00edcil transici\u00f3n entre el fin de la hegemon\u00eda del ideario neoliberal, identificado de forma m\u00e1s o menos precisa con <a title=\"https:\/\/elpais.com\/economia\/negocios\/2025-02-09\/el-nuevo-consenso-de-washington.html\" href=\"https:\/\/elpais.com\/economia\/negocios\/2025-02-09\/el-nuevo-consenso-de-washington.html\" target=\"_blank\" rel=\"noopener noreferrer\" data-link-track-dtm=\"\" data-mrf-link=\"https:\/\/elpais.com\/economia\/negocios\/2025-02-09\/el-nuevo-consenso-de-washington.html\">aquel llamado Consenso de Washington<\/a>, y un nuevo modelo que no acaba de configurarse. En el entreacto, han asomado los monstruos, un golpe al orden global que hab\u00eda regido desde la Segunda Guerra Mundial. Un grupo de economistas ha construido ahora una alternativa, que abraza al mismo tiempo el comercio global y a los sindicatos, que apoya el control de los d\u00e9ficits p\u00fablicos pero resalta el papel del Estado en el capitalismo. Lo han llamado, con toda la intenci\u00f3n, el Consenso de Londres.<\/p>\n<p class=\"\" style=\"text-align: justify;\">El de Washington no era, en realidad, un consenso general, ni se cre\u00f3 en Washington como un evangelio para el mundo. El t\u00e9rmino lo acu\u00f1\u00f3 el economista \u00adJohn Williamson en 1989 dentro de un documento de trabajo que prepar\u00f3 para una conferencia sobre las medidas que resultaban convenientes <a title=\"https:\/\/elpais.com\/diario\/2004\/10\/30\/economia\/1099087220_850215.html\" href=\"https:\/\/elpais.com\/diario\/2004\/10\/30\/economia\/1099087220_850215.html\" target=\"_blank\" rel=\"noopener noreferrer\" data-link-track-dtm=\"\" data-mrf-link=\"https:\/\/elpais.com\/diario\/2004\/10\/30\/economia\/1099087220_850215.html\">para que Am\u00e9rica Latina lidiara con la grave crisis de deuda que sufr\u00eda desde mediados de los a\u00f1os ochenta<\/a>. Williamson elabor\u00f3 una lista de 10 pol\u00edticas liberalizadoras bendecidas por las dos grandes instituciones econ\u00f3micas radicadas en la capital de Estados Unidos \u2014el Fondo Monetario Internacional y el Banco Mundial\u2014 que se establecieron como requisitos para ayudar a una regi\u00f3n que hab\u00eda experimentado a\u00f1os de fallida intervenci\u00f3n estatal.<\/p>\n<p class=\"\" style=\"text-align: justify;\">El autor no pod\u00eda imaginar entonces que aquel <i>paper <\/i>pasar\u00eda a la posteridad como los mandamientos escritos en piedra de forma universal y pas\u00f3 muchos a\u00f1os despu\u00e9s aclarando conceptos. \u201cNo fue formulado como una prescripci\u00f3n de pol\u00edticas para el desarrollo\u201d, <a title=\"https:\/\/elpais.com\/diario\/2005\/10\/10\/economia\/1128895207_850215.html\" href=\"https:\/\/elpais.com\/diario\/2005\/10\/10\/economia\/1128895207_850215.html\" target=\"_blank\" rel=\"noopener noreferrer\" data-link-track-dtm=\"\" data-mrf-link=\"https:\/\/elpais.com\/diario\/2005\/10\/10\/economia\/1128895207_850215.html\">se\u00f1alar\u00eda Williamson en 2004, sino como un conjunto de principios para \u201cdescribir\u201d una agenda de formas de actuaci\u00f3n<\/a> que, como \u00e9l mismo admit\u00eda, eran \u201crazonables, aunque incompletas\u201d. Nada que escapase a la bendici\u00f3n de aquel <i>establishment <\/i>dominante formaba parte del dec\u00e1logo y este, adem\u00e1s, iba dirigido a un contexto latinoamericano muy concreto.<\/p>\n<p class=\"\" style=\"text-align: justify;\">El clima pol\u00edtico del momento \u2014con una Administraci\u00f3n de Clinton (1993-2001) mascar\u00f3n de proa de la globalizaci\u00f3n\u2014 contribuy\u00f3 a simplificar ese consenso en dos ideas: privatizar al m\u00e1ximo y reducir el papel de los Estados al m\u00ednimo. Estas medidas se aplicaron de forma aislada e incorrecta al tiempo que potencias emergentes como China y la India estaban integrando a pasos agigantados sus econom\u00edas en el sistema global. Y ese Consenso de Washington, convertido en doctrina dominante, no ha dejado de provocar cr\u00edticas y debate. Durante a\u00f1os, alertar de los efectos negativos de la globalizaci\u00f3n conllevaba acusaciones de negacionismo, pero el parte de guerra de los damnificados acab\u00f3 resultando demasiado evidente. Cuando baj\u00f3 la marea (de la euforia financiera e inmobiliaria), pudimos ver cu\u00e1nta gente estaba desnuda, seg\u00fan la imagen que sol\u00eda utilizar Warren Buffett. Y, sobre todo <a title=\"https:\/\/elpais.com\/economia\/2018\/09\/07\/actualidad\/1536333092_303809.html\" href=\"https:\/\/elpais.com\/economia\/2018\/09\/07\/actualidad\/1536333092_303809.html\" target=\"_blank\" rel=\"noopener noreferrer\" data-link-track-dtm=\"\" data-mrf-link=\"https:\/\/elpais.com\/economia\/2018\/09\/07\/actualidad\/1536333092_303809.html\">a ra\u00edz de la Gran Recesi\u00f3n de 2008, el neoliberalismo radical acab\u00f3 en el banquillo<\/a> de los acusados.<\/p>\n<p class=\"\" style=\"text-align: justify;\">Casi cuatro d\u00e9cadas despu\u00e9s, un nutrido grupo de expertos de diferentes vertientes acad\u00e9micas e ideol\u00f3gicas, aunque todos con alg\u00fan tipo de vinculaci\u00f3n con la London School of Economics, decidieron elaborar una versi\u00f3n alternativa a todo esto. A partir de una conferencia celebrada en 2023, los profesores Andr\u00e9s Velasco y Tim Besley organizaron 15 grupos de trabajo con una pregunta: \u00bfQu\u00e9 hemos aprendido desde 1990, cuando surgi\u00f3 el Consenso de Washington? Y la respuesta cobr\u00f3 la forma de un libro editado el pasado mes de noviembre con t\u00edtulo f\u00e1cil de imaginar:<a title=\"https:\/\/press.lse.ac.uk\/books\/e\/10.31389\/lsepress.tlc\" href=\"https:\/\/press.lse.ac.uk\/books\/e\/10.31389\/lsepress.tlc\" target=\"_blank\" rel=\"noopener noreferrer\" data-link-track-dtm=\"\" data-mrf-link=\"https:\/\/press.lse.ac.uk\/books\/e\/10.31389\/lsepress.tlc\"><i> The London Consensus. Economic Principles for the 21st Century<\/i><\/a> (el Consenso de Londres. Principios econ\u00f3micos para el siglo XXI, sin publicar al espa\u00f1ol). Algo m\u00e1s de 600 p\u00e1ginas estructuradas en 17 cap\u00edtulos en los que, adem\u00e1s de los inspiradores del proyecto, participan firmas como el economista turco Dani Rodrik, gran <a title=\"https:\/\/elpais.com\/economia\/negocios\/2026-03-21\/dani-rodrik-trump-no-es-solo-un-riesgo-economico-es-la-mayor-amenaza-de-nuestro-tiempo.html\" href=\"https:\/\/elpais.com\/economia\/negocios\/2026-03-21\/dani-rodrik-trump-no-es-solo-un-riesgo-economico-es-la-mayor-amenaza-de-nuestro-tiempo.html\" target=\"_blank\" rel=\"noopener noreferrer\" data-link-track-dtm=\"\" data-mrf-link=\"https:\/\/elpais.com\/economia\/negocios\/2026-03-21\/dani-rodrik-trump-no-es-solo-un-riesgo-economico-es-la-mayor-amenaza-de-nuestro-tiempo.html\">analista tambi\u00e9n de la pol\u00edtica que anticip\u00f3 los riesgos de la hiperglobalizaci\u00f3n antes de la Gran Recesi\u00f3n<\/a>, cuando pocas voces de la academia lo hac\u00edan; el franc\u00e9s Philippe Aghion, Nobel de 2025 por su trabajo sobre el proceso de crecimiento y la destrucci\u00f3n creativa; Christopher Pissarides, chipriota, Nobel en 2010 y experto en el mercado de trabajo; la francesa H\u00e9l\u00e8ne Rey, experta en pol\u00edtica monetaria reci\u00e9n nombrada jefa del departamento de Econom\u00eda del Banco de Pagos Internacionales, o Ricardo Haussman, exministro venezolano exiliado en EE UU y profesor en Harvard, entre otros.<\/p>\n<figure class=\"a_m a_m-h \" style=\"text-align: justify;\"><span class=\"_db a_m_w _pr lb_btn\"><img data-recalc-dims=\"1\" loading=\"lazy\" decoding=\"async\" class=\"_re lazyload a_m-h alignleft\" src=\"https:\/\/i0.wp.com\/imagenes.elpais.com\/resizer\/v2\/AXVWQWQTUVELHDJGIJ36QMXONQ.jpg?resize=414%2C233&#038;ssl=1\" sizes=\"auto, (min-width:1199px) 760px,(min-width:1001px) calc((100vw - 44px-11*31px)\/12*8+217), (min-width:767px) 767px, 100vw\" srcset=\"https:\/\/imagenes.elpais.com\/resizer\/v2\/AXVWQWQTUVELHDJGIJ36QMXONQ.jpg?auth=51d353437de6e2584149f154d93dad2ecd8e6d9896a6ba1c4e0946efb4085751&amp;width=414 414w,https:\/\/imagenes.elpais.com\/resizer\/v2\/AXVWQWQTUVELHDJGIJ36QMXONQ.jpg?auth=51d353437de6e2584149f154d93dad2ecd8e6d9896a6ba1c4e0946efb4085751&amp;width=828 640w,https:\/\/imagenes.elpais.com\/resizer\/v2\/AXVWQWQTUVELHDJGIJ36QMXONQ.jpg?auth=51d353437de6e2584149f154d93dad2ecd8e6d9896a6ba1c4e0946efb4085751&amp;width=980 1000w,https:\/\/imagenes.elpais.com\/resizer\/v2\/AXVWQWQTUVELHDJGIJ36QMXONQ.jpg?auth=51d353437de6e2584149f154d93dad2ecd8e6d9896a6ba1c4e0946efb4085751&amp;width=1960 1960w\" alt=\"\" width=\"414\" height=\"233\" \/><\/span><figcaption class=\"a_m_p\" aria-hidden=\"true\">U<em>n barco cargado de contenedores de comercio exterior en la bah\u00eda de Jiaozhou, China, el pasado 13 de abril. <span class=\"a_m_m\">Costfoto \/ NurPhoto \/ Getty Images<\/span><\/em><\/figcaption><\/figure>\n<h3 class=\"\" style=\"text-align: justify;\">Una v\u00eda con vocaci\u00f3n prescriptiva<\/h3>\n<p class=\"\" style=\"text-align: justify;\">Como ocurri\u00f3 en 1989, no es un consenso propiamente dicho, pero s\u00ed tiene vocaci\u00f3n prescriptiva. \u201cHicimos este libro precisamente porque sentimos que los<a title=\"https:\/\/elpais.com\/internacional\/elecciones-usa\/2024-11-03\/lideres-ultras-y-populistas-de-todo-el-mundo-esperan-con-ansia-una-victoria-de-trump.html\" href=\"https:\/\/elpais.com\/internacional\/elecciones-usa\/2024-11-03\/lideres-ultras-y-populistas-de-todo-el-mundo-esperan-con-ansia-una-victoria-de-trump.html\" target=\"_blank\" rel=\"noopener noreferrer\" data-link-track-dtm=\"\" data-mrf-link=\"https:\/\/elpais.com\/internacional\/elecciones-usa\/2024-11-03\/lideres-ultras-y-populistas-de-todo-el-mundo-esperan-con-ansia-una-victoria-de-trump.html\"> gobiernos y l\u00edderes pol\u00edticos no populistas<\/a>, ya sean de centroizquierda o de centroderecha \u2014\u00adp\u00f3ngase la etiqueta que se quiera\u2014 se han quedado sin guion, sin programa, y dan palos de ciego. Este libro es un intento para darle a esos gobiernos no populistas, no autoritarios, un manual o una gu\u00eda que los ayude a formular pol\u00edticas y a combatir las locuras que est\u00e1n ocurriendo\u201d, explica el profesor Velasco, que fue ministro de Finanzas de Chile con el Gobierno de Michelle Bachelet. Velasco est\u00e1 llevando a cabo una intensa campa\u00f1a de difusi\u00f3n sobre este marco, con una gira que le ha llevado por medio mundo (Washington, Nueva Delhi, Buenos Aires, Ciudad de Panam\u00e1 o Sao Paulo) y que el 11 de mayo recalar\u00e1 en Madrid.<\/p>\n<p class=\"\" style=\"text-align: justify;\">Estos d\u00edas se cumplen cerca de dos meses de guerra con Ir\u00e1n. El estrecho de Ormuz, por el que transita una quinta parte del gas y el petr\u00f3leo que se consume en todo el mundo, <a title=\"https:\/\/elpais.com\/internacional\/2026-04-24\/el-cerco-maritimo-estadounidense-agrava-la-fragil-situacion-economica-de-iran.html\" href=\"https:\/\/elpais.com\/internacional\/2026-04-24\/el-cerco-maritimo-estadounidense-agrava-la-fragil-situacion-economica-de-iran.html\" target=\"_blank\" rel=\"noopener noreferrer\" data-link-track-dtm=\"\" data-mrf-link=\"https:\/\/elpais.com\/internacional\/2026-04-24\/el-cerco-maritimo-estadounidense-agrava-la-fragil-situacion-economica-de-iran.html\">ha sido bloqueado por el r\u00e9gimen de Teher\u00e1n y por Estados Unidos<\/a>. El conflicto en Oriente Pr\u00f3ximo, iniciado por Israel y tambi\u00e9n por Estados Unidos, ha escalado. Donald Trump pronuncia palabras gruesas. Con el fin de presionar para un acuerdo r\u00e1pido, ha amenazado con arrasar el pa\u00eds entero. Hoy sigue la contienda y la incertidumbre, las previsiones de las grandes econom\u00edas se han revisado a la baja y la volatilidad se apodera de los mercados. Aunque el <i>factor Trump <\/i>como agente de desorden empez\u00f3 mucho antes, con la guerra arancelaria, y su desaf\u00edo particular al multilateralismo y las reglas surgidas tras la II Guerra Mundial.<\/p>\n<p class=\"\" style=\"text-align: justify;\">Trump no es un ap\u00f3stol del Consenso de Washington, tampoco lo enmienda en la totalidad. En t\u00e9rminos de <a title=\"https:\/\/elpais.com\/economia\/2025-01-27\/trump-menos-libres-y-mas-desiguales.html\" href=\"https:\/\/elpais.com\/economia\/2025-01-27\/trump-menos-libres-y-mas-desiguales.html\" target=\"_blank\" rel=\"noopener noreferrer\" data-link-track-dtm=\"\" data-mrf-link=\"https:\/\/elpais.com\/economia\/2025-01-27\/trump-menos-libres-y-mas-desiguales.html\">desregulaci\u00f3n y privatizaci\u00f3n de servicios y agencias p\u00fablicas, se ha mostrado entusiasta<\/a>, pero incumple en disciplina fiscal, pues sus recortes agresivos de impuestos han elevado el d\u00e9ficit p\u00fablico y, evidentemente, act\u00faa en contra del principio de apertura comercial total.<\/p>\n<p class=\"\" style=\"text-align: justify;\">El Consenso de Londres busca algo parecido a la tercera v\u00eda o, tal vez, una nueva doctrina que abandona aquel falso consenso de hace cuatro d\u00e9cadas pero se erige en alternativa al trumpismo. Cinco principios generales son el andamiaje de este nuevo marco:<\/p>\n<p class=\"\" style=\"text-align: justify;\"><b>1. No se trata solo de dinero, el bienestar es clave.<\/b> Lo que produces, <a title=\"https:\/\/elpais.com\/elpais\/2020\/01\/22\/ciencia\/1579699978_545319.html\" href=\"https:\/\/elpais.com\/elpais\/2020\/01\/22\/ciencia\/1579699978_545319.html\" target=\"_blank\" rel=\"noopener noreferrer\" data-link-track-dtm=\"\" data-mrf-link=\"https:\/\/elpais.com\/elpais\/2020\/01\/22\/ciencia\/1579699978_545319.html\">c\u00f3mo lo haces (el tipo de empleo necesario) y d\u00f3nde, importa<\/a>. No todos los males econ\u00f3micos o sociales pueden resolverse en la fase de redistribuci\u00f3n posterior a la producci\u00f3n, algunos deben corregirse antes.<\/p>\n<p class=\"\" style=\"text-align: justify;\"><b>2. El crecimiento importa, pero tambi\u00e9n el lugar donde ocurre.<\/b> El crecimiento tiene efectos positivos m\u00e1s all\u00e1 de la creaci\u00f3n de empleo, el aumento salarial o el consumo, revierte tambi\u00e9n en ingresos del Estado que puede mejorar el Bienestar y la formaci\u00f3n de la sociedad. Hay un \u201cgran argumento\u201d, sostienen los expertos, en aplicar pol\u00edticas de innovaci\u00f3n activistas.<\/p>\n<p class=\"\" style=\"text-align: justify;\"><b>3. El Estado es un asegurador de \u00faltimo recurso. <\/b>Asegurador, en el sentido de dar seguridad. El Consenso de Washington se centr\u00f3 solo en<a title=\"https:\/\/elpais.com\/economia\/negocios\/2026-03-22\/bancos-centrales-energia-y-volatilidad-global.html\" href=\"https:\/\/elpais.com\/economia\/negocios\/2026-03-22\/bancos-centrales-energia-y-volatilidad-global.html\" target=\"_blank\" rel=\"noopener noreferrer\" data-link-track-dtm=\"\" data-mrf-link=\"https:\/\/elpais.com\/economia\/negocios\/2026-03-22\/bancos-centrales-energia-y-volatilidad-global.html\"> la necesidad de controlar la volatilidad macroecon\u00f3mica<\/a> fruto de pol\u00edticas fiscales irresponsables, pero es necesario ejercer este papel ante todo tipo de volatilidad, como en materia medioambiental.<\/p>\n<p class=\"\" style=\"text-align: justify;\"><b>4. No hay buena econom\u00eda sin buena pol\u00edtica.<\/b> Esta es la que debe crear el ecosistema adecuado para el desarrollo de la innovaci\u00f3n y de la actividad.<\/p>\n<p class=\"\" style=\"text-align: justify;\"><b>5. Un Estado capaz es el complemento esencial para todo. <\/b>Muy vinculado con el punto cuatro. No solo<a title=\"https:\/\/elpais.com\/argentina\/2024-10-13\/milei-una-motosierra-que-desguaza-el-estado.html\" href=\"https:\/\/elpais.com\/argentina\/2024-10-13\/milei-una-motosierra-que-desguaza-el-estado.html\" target=\"_blank\" rel=\"noopener noreferrer\" data-link-track-dtm=\"\" data-mrf-link=\"https:\/\/elpais.com\/argentina\/2024-10-13\/milei-una-motosierra-que-desguaza-el-estado.html\"> el Estado no sobra, tampoco es un mero prestador de servicios<\/a> de seguridad, salud y educaci\u00f3n b\u00e1sicos. Es necesario \u201cinvertir en el Estado\u201d para tener las estructuras adecuadas.<\/p>\n<figure class=\"a_m a_m-h \" style=\"text-align: justify;\"><span class=\"_db a_m_w\"><img data-recalc-dims=\"1\" loading=\"lazy\" decoding=\"async\" class=\"_re lazyload a_m-h alignright\" src=\"https:\/\/i0.wp.com\/imagenes.elpais.com\/resizer\/v2\/6JIQEXCR7FFSNIIYWOQBYZNQOI.jpg?resize=414%2C233&#038;ssl=1\" sizes=\"auto, (min-width:1199px) 760px,(min-width:1001px) calc((100vw - 44px-11*31px)\/12*8+217), (min-width:767px) 767px, 100vw\" srcset=\"https:\/\/imagenes.elpais.com\/resizer\/v2\/6JIQEXCR7FFSNIIYWOQBYZNQOI.jpg?auth=500169dd3102463db830b806916f9339f5cef4e3035a56e645a0afe0b097da18&amp;width=414 414w,https:\/\/imagenes.elpais.com\/resizer\/v2\/6JIQEXCR7FFSNIIYWOQBYZNQOI.jpg?auth=500169dd3102463db830b806916f9339f5cef4e3035a56e645a0afe0b097da18&amp;width=828 640w,https:\/\/imagenes.elpais.com\/resizer\/v2\/6JIQEXCR7FFSNIIYWOQBYZNQOI.jpg?auth=500169dd3102463db830b806916f9339f5cef4e3035a56e645a0afe0b097da18&amp;width=980 1000w,https:\/\/imagenes.elpais.com\/resizer\/v2\/6JIQEXCR7FFSNIIYWOQBYZNQOI.jpg?auth=500169dd3102463db830b806916f9339f5cef4e3035a56e645a0afe0b097da18&amp;width=1960 1960w\" alt=\"\" width=\"414\" height=\"233\" \/><\/span><figcaption class=\"a_m_p\" aria-hidden=\"true\"><em>De Izquierda a derecha y de arriba abajo: Christopher Pissarides; Ricardo Hausmann; Andr\u00e9s Velasco; Philippe Aghion; H\u00e9l\u00e8ne Rey y Dani Rodrik.<\/em><\/figcaption><\/figure>\n<p class=\"\" style=\"text-align: justify;\">Lo primero que llama la atenci\u00f3n de esta lista es que en dos del total de cinco se resalta el papel de los poderes p\u00fablicos no como problema precisamente, sino todo lo contrario. \u201cCrecer exige mucho m\u00e1s que sacar al Gobierno de la cancha\u201d, apunta Velasco, a quien el debate de m\u00e1s o menos Estado le parece propio de otro tiempo. \u201cNo se trata de si el<a title=\"https:\/\/elpais.com\/economia\/2025-11-27\/espana-sera-el-pais-de-la-ocde-que-mayor-proporcion-del-pib-dedicara-a-pagar-pensiones-en-2050.html\" href=\"https:\/\/elpais.com\/economia\/2025-11-27\/espana-sera-el-pais-de-la-ocde-que-mayor-proporcion-del-pib-dedicara-a-pagar-pensiones-en-2050.html\" target=\"_blank\" rel=\"noopener noreferrer\" data-link-track-dtm=\"\" data-mrf-link=\"https:\/\/elpais.com\/economia\/2025-11-27\/espana-sera-el-pais-de-la-ocde-que-mayor-proporcion-del-pib-dedicara-a-pagar-pensiones-en-2050.html\"> gasto p\u00fablico es un 40% o un 50% del PIB<\/a>\u201d, a\u00f1ade. Philippe Aghion y John Van Reenen abordan este papel p\u00fablico cuando analizan la productividad verde e inclusiva. Aghion lleva un cuarto de siglo estudiando cu\u00e1les son las condiciones bajo las cuales una econom\u00eda crece y, muy resumido, explica que hay un ecosistema que lleva a la innovaci\u00f3n, que es la llave para mejorar la productividad. Y ese ecosistema requiere un sector privado pujante, pero tambi\u00e9n de reglas de un Estado que opere como socio de la actividad privada, que provee de esos bienes y recursos para crecer.<\/p>\n<p class=\"\" style=\"text-align: justify;\">El trabajo de Aghion se solapa en parte con el an\u00e1lisis que elabora Dani Rodrik, la propuesta de un nuevo paradigma <a title=\"https:\/\/elpais.com\/economia\/negocios\/2025-02-09\/dani-rodrik-para-enfrentarse-al-gran-poder-de-los-lobbies-los-politicos-deberan-crear-una-nueva-conciencia-colectiva-entre-los-trabajadores.html\" href=\"https:\/\/elpais.com\/economia\/negocios\/2025-02-09\/dani-rodrik-para-enfrentarse-al-gran-poder-de-los-lobbies-los-politicos-deberan-crear-una-nueva-conciencia-colectiva-entre-los-trabajadores.html\" target=\"_blank\" rel=\"noopener noreferrer\" data-link-track-dtm=\"\" data-mrf-link=\"https:\/\/elpais.com\/economia\/negocios\/2025-02-09\/dani-rodrik-para-enfrentarse-al-gran-poder-de-los-lobbies-los-politicos-deberan-crear-una-nueva-conciencia-colectiva-entre-los-trabajadores.html\">que bautiza \u201cproductivismo\u201d y difiere del marco neoliberal<\/a>; prioriza la diseminaci\u00f3n de las oportunidades de la econom\u00eda productiva por todos los sectores y regiones. Otorga ese mencionado papel fundamentado a los gobiernos y la sociedad civil para conseguir el objetivo y enfatiza la producci\u00f3n y la inversi\u00f3n sobre las finanzas, revitalizando las comunidades locales ante la globalizaci\u00f3n.<\/p>\n<p class=\"\" style=\"text-align: justify;\">El Consenso de Londres no desmantela todo lo establecido en 1989, mantiene la preocupaci\u00f3n por la prudencia fiscal y la inflaci\u00f3n, pero las novedades resultan evidentes. Tal vez, lo m\u00e1s provocador respecto a los viejos dogmas es su apoyo a los sindicatos. Estos no son vistos como un obst\u00e1culo a la flexibilidad, como muestra, por ejemplo, <a title=\"https:\/\/cincodias.elpais.com\/cincodias\/2009\/12\/12\/economia\/1260598860_850215.html\" href=\"https:\/\/cincodias.elpais.com\/cincodias\/2009\/12\/12\/economia\/1260598860_850215.html\" target=\"_blank\" rel=\"noopener noreferrer\" data-link-track-dtm=\"\" data-mrf-link=\"https:\/\/cincodias.elpais.com\/cincodias\/2009\/12\/12\/economia\/1260598860_850215.html\">la <i>flexiseguridad <\/i>escandinava<\/a>, sino como una manera de negociar mejoras importantes de productividad, y les otorga, de hecho, un papel que va m\u00e1s all\u00e1 de la negociaci\u00f3n colectiva. Tambi\u00e9n hay una defensa de pol\u00edticas de igualdad de g\u00e9nero en los centros de trabajo \u2014hoy convertidas en un desaf\u00edo ante el Gobierno estadounidense\u2014 y programas de cuidado infantil y bajas por paternidad y maternidad, que no es algo universal.<\/p>\n<p class=\"\" style=\"text-align: justify;\">El perfil socialdem\u00f3crata de muchas de las medidas que proponen resulta evidente, si bien sus promotores insisten en que este programa no sigue ideolog\u00eda alguna, que solo se centra en hacer \u201cbuena econom\u00eda\u201d, poniendo en valor el \u201cpragmatismo\u201d y el \u201cgradualismo\u201d. Tambi\u00e9n difiere del consenso de 1989 en la relevancia que concede al problema de la desigualdad, lo que no es ninguna obviedad. El cap\u00edtulo dedicado a ello se titula \u201c\u00bfHay un nuevo consenso sobre desigualdad?\u201d, y el encargado de elaborarlo es el profesor brasile\u00f1o Francisco H. G. Ferreira, que, <i>spoiler<\/i>, no, no ve ese consenso. S\u00ed hay una asunci\u00f3n de la existencia de las brechas, pero la importancia que se le otorga a estas ha experimentado, a su juicio, un retroceso. Desde el segundo mandato de Trump, \u201cesta conciencia no existe como tal, ni en desigualdad econ\u00f3mica ni en otro tipo de desigualdades\u201d, se\u00f1ala.<\/p>\n<p class=\"\" style=\"text-align: justify;\">Washington aparece en el centro de todo. La duda que plantean economistas como <a title=\"https:\/\/elpais.com\/ideas\/2026-02-28\/branko-milanovic-economista-las-clases-medias-occidentales-esperaban-que-la-globalizacion-les-funcionase-y-no-lo-ha-hecho.html\" href=\"https:\/\/elpais.com\/ideas\/2026-02-28\/branko-milanovic-economista-las-clases-medias-occidentales-esperaban-que-la-globalizacion-les-funcionase-y-no-lo-ha-hecho.html\" target=\"_blank\" rel=\"noopener noreferrer\" data-link-track-dtm=\"\" data-mrf-link=\"https:\/\/elpais.com\/ideas\/2026-02-28\/branko-milanovic-economista-las-clases-medias-occidentales-esperaban-que-la-globalizacion-les-funcionase-y-no-lo-ha-hecho.html\">Branko Milanovic, un referente mundial en materia de igualdad<\/a>, es si un set de principios pueden tener \u00e9xito en un mundo sin el apoyo de la mayor potencia mundial. El de Washington, recuerda Milanovic, fue un consenso entre una serie de organizaciones, y as\u00ed se convirti\u00f3 en \u201cla ideolog\u00eda dominante\u201d. \u201cNo creo que ahora tengamos nada que se parezca\u201d, afirma. \u201cSi los pa\u00edses occidentales, especialmente EE UU, entran en esta guerra de aranceles y elevan el proteccionismo, \u00bfcu\u00e1l va a ser el Consejo del Banco Mundial o el FMI cuando vayan a Nigeria? \u00bfVamos a liberalizar el comercio?\u201d, plantea.<\/p>\n<h3 class=\"\" style=\"text-align: justify;\">El auge del proteccionismo<\/h3>\n<p class=\"\" style=\"text-align: justify;\">El mundo ha experimentado un auge del proteccionismo, un fen\u00f3meno nacido a ra\u00edz de la inquietud que ha acabado despertando una desindustrializaci\u00f3n que agrav\u00f3 la pandemia. En EE UU, la primera Administraci\u00f3n de Trump inici\u00f3 la cruzada arancelaria, y <a title=\"https:\/\/elpais.com\/internacional\/2021-01-02\/biden-recibe-en-herencia-la-guerra-tecnologica-con-china.html\" href=\"https:\/\/elpais.com\/internacional\/2021-01-02\/biden-recibe-en-herencia-la-guerra-tecnologica-con-china.html\" target=\"_blank\" rel=\"noopener noreferrer\" data-link-track-dtm=\"\" data-mrf-link=\"https:\/\/elpais.com\/internacional\/2021-01-02\/biden-recibe-en-herencia-la-guerra-tecnologica-con-china.html\">Joe Biden mantuvo los grav\u00e1menes en lo que se refiere a China<\/a> y lanz\u00f3 un macroprograma para potenciar la industria del pa\u00eds. \u00bfD\u00f3nde est\u00e1 la frontera entre la pol\u00edtica industrial nacional, a la que hoy por hoy se han abonado la mayor parte de las econom\u00edas desarrolladas, y el nacionalismo econ\u00f3mico puro y duro? \u00bfEn que uno opt\u00f3 por usar el palo y el otro la zanahoria?<\/p>\n<p class=\"\" style=\"text-align: justify;\">Tampoco el retroceso proteccionista es puramente transatl\u00e1ntico. La propia UE \u2014como han alertado el FMI, el Banco Central Europeo y el informe Draghi\u2014 <a title=\"https:\/\/elpais.com\/economia\/2025-12-29\/es-trump-el-problema-el-comercio-interior-europeo-se-contrae-mientras-crece-fuera-de-la-ue.html\" href=\"https:\/\/elpais.com\/economia\/2025-12-29\/es-trump-el-problema-el-comercio-interior-europeo-se-contrae-mientras-crece-fuera-de-la-ue.html\" target=\"_blank\" rel=\"noopener noreferrer\" data-link-track-dtm=\"\" data-mrf-link=\"https:\/\/elpais.com\/economia\/2025-12-29\/es-trump-el-problema-el-comercio-interior-europeo-se-contrae-mientras-crece-fuera-de-la-ue.html\">mantiene \u201caranceles autoinfligidos\u201d<\/a>, usando las palabras de Christine Lagarde, en forma de barreras comerciales entre pa\u00edses miembros. El FMI calcul\u00f3 en 2024 que el efecto de esas barreras equivaldr\u00eda a un arancel del 45% para mercanc\u00edas y del 110% para servicios.<\/p>\n<p class=\"\" style=\"text-align: justify;\">La econom\u00eda global se enfrenta a muchos problemas, pero tambi\u00e9n a asignaturas pendientes que no han sido creadas por el inquilino de la Casa Blanca, como el cambio clim\u00e1tico, la irrupci\u00f3n de la inteligencia artificial y la resistencia de los colectivos perjudicados por la globalizaci\u00f3n. Sin la cohesi\u00f3n social, concluyen tambi\u00e9n los defensores del Consenso de Londres, tampoco hay buena econom\u00eda.<\/p>\n<\/div>\n<aside class=\"w w-sea\">\n<div class=\"w_b\">\n<div class=\"_g _g-xs\">\n<div class=\"w-sea_txt\">\n<div class=\"_df\">\n<h3 class=\"w-sea_txt_na\"><a href=\"https:\/\/elpais.com\/autor\/amanda-mars\/\" rel=\"autor_bottom\">Amanda Mars<\/a><\/h3>\n<p>FOTO: <span class=\"a_m_m\">MIKEL JASO<\/span><\/p>\n<p>https:\/\/elpais.com\/ideas\/2026-04-26\/mas-bienestar-mas-estado-y-mas-sindicatos-una-nueva-via-economica-frente-a-la-ola-trumpista.html<\/p>\n<\/div>\n<\/div>\n<\/div>\n<\/div>\n<\/aside>\n","protected":false},"excerpt":{"rendered":"<p>El mundo vive un momento de transici\u00f3n entre el fin de la hegemon\u00eda del ideario&#8230;<\/p>\n","protected":false},"author":1,"featured_media":83598,"comment_status":"closed","ping_status":"closed","sticky":false,"template":"","format":"standard","meta":{"_coblocks_attr":"","_coblocks_dimensions":"","_coblocks_responsive_height":"","_coblocks_accordion_ie_support":"","jetpack_post_was_ever_published":false,"_jetpack_newsletter_access":"","_jetpack_dont_email_post_to_subs":false,"_jetpack_newsletter_tier_id":0,"_jetpack_memberships_contains_paywalled_content":false,"_jetpack_memberships_contains_paid_content":false,"footnotes":"","jetpack_publicize_message":"","jetpack_publicize_feature_enabled":true,"jetpack_social_post_already_shared":true,"jetpack_social_options":{"image_generator_settings":{"template":"highway","default_image_id":0,"enabled":false},"version":2}},"categories":[10797,1161,44,7671,6937],"tags":[],"class_list":["post-83597","post","type-post","status-publish","format-standard","has-post-thumbnail","hentry","category-ciencia","category-ciudadania","category-noticias-de-hoy","category-politica","category-sociedad"],"jetpack_publicize_connections":[],"jetpack_featured_media_url":"https:\/\/miradordeatarfe.es\/wp-content\/uploads\/2026\/04\/G67FSH26RNGAZHCXUIWF55DD2M.avif","jetpack_likes_enabled":true,"jetpack_sharing_enabled":true,"_links":{"self":[{"href":"https:\/\/miradordeatarfe.es\/index.php?rest_route=\/wp\/v2\/posts\/83597","targetHints":{"allow":["GET"]}}],"collection":[{"href":"https:\/\/miradordeatarfe.es\/index.php?rest_route=\/wp\/v2\/posts"}],"about":[{"href":"https:\/\/miradordeatarfe.es\/index.php?rest_route=\/wp\/v2\/types\/post"}],"author":[{"embeddable":true,"href":"https:\/\/miradordeatarfe.es\/index.php?rest_route=\/wp\/v2\/users\/1"}],"replies":[{"embeddable":true,"href":"https:\/\/miradordeatarfe.es\/index.php?rest_route=%2Fwp%2Fv2%2Fcomments&post=83597"}],"version-history":[{"count":1,"href":"https:\/\/miradordeatarfe.es\/index.php?rest_route=\/wp\/v2\/posts\/83597\/revisions"}],"predecessor-version":[{"id":83599,"href":"https:\/\/miradordeatarfe.es\/index.php?rest_route=\/wp\/v2\/posts\/83597\/revisions\/83599"}],"wp:featuredmedia":[{"embeddable":true,"href":"https:\/\/miradordeatarfe.es\/index.php?rest_route=\/wp\/v2\/media\/83598"}],"wp:attachment":[{"href":"https:\/\/miradordeatarfe.es\/index.php?rest_route=%2Fwp%2Fv2%2Fmedia&parent=83597"}],"wp:term":[{"taxonomy":"category","embeddable":true,"href":"https:\/\/miradordeatarfe.es\/index.php?rest_route=%2Fwp%2Fv2%2Fcategories&post=83597"},{"taxonomy":"post_tag","embeddable":true,"href":"https:\/\/miradordeatarfe.es\/index.php?rest_route=%2Fwp%2Fv2%2Ftags&post=83597"}],"curies":[{"name":"wp","href":"https:\/\/api.w.org\/{rel}","templated":true}]}}