{"id":83600,"date":"2026-05-03T10:32:18","date_gmt":"2026-05-03T08:32:18","guid":{"rendered":"https:\/\/miradordeatarfe.es\/?p=83600"},"modified":"2026-04-30T13:59:03","modified_gmt":"2026-04-30T11:59:03","slug":"granada-tierra-sonada-por-quien","status":"publish","type":"post","link":"https:\/\/miradordeatarfe.es\/?p=83600","title":{"rendered":"GRANADA &#8216;Tierra so\u00f1ada, \u00bfpor qui\u00e9n?&#8217;"},"content":{"rendered":"<h3 class=\"entrad\" style=\"text-align: justify;\">Un magn\u00edfico art\u00edculo de Sonia Herrera Justicia, doctora en Historia y Arte, sobre Granada y en qu\u00e9 se est\u00e1 convirtiendo, en el que muchas y muchos se ver\u00e1n reflejados. Recomendado.<\/h3>\n<div class=\"cuerpo\" style=\"text-align: justify;\">\n<p>Granada me recibi\u00f3 bajo la lluvia, como si quisiera darme la bienvenida a su manera. Una tarde de octubre, hace once a\u00f1os, llegu\u00e9 a la ciudad de la Alhambra como tantos otros, guiada por los estudios. Pero hubo algo, dif\u00edcil de explicar, que me ancl\u00f3 a esta tierra. Algunos ya me hab\u00edan hablado de ese embrujo.<\/p>\n<p>Escribo estas l\u00edneas con cierta desaz\u00f3n y, por qu\u00e9 no decirlo, con una mezcla de rabia y tristeza. Porque la Granada de hace once a\u00f1os no s\u00e9 d\u00f3nde est\u00e1. Once a\u00f1os. \u00bfQu\u00e9 son once a\u00f1os para quienes llevan toda una vida aqu\u00ed? \u00bfQu\u00e9 estar\u00e1n viendo hoy los ojos de los albaicineros, de los vecinos del Zaid\u00edn o de quienes viven junto al Mercado de San Agust\u00edn?<\/p>\n<p>Hoy, esa ciudad que me acogi\u00f3 empieza a resultar cada vez m\u00e1s dif\u00edcil de reconocer. Hace apenas unos d\u00edas le\u00eda que \u201cLa Tertulia\u201d, una se\u00f1a de identidad de la cultura granadina, cerraba sus puertas tras 46 a\u00f1os. A partir de junio, lo \u00fanico que quedar\u00e1 ser\u00e1 el recuerdo o quiz\u00e1 otro caf\u00e9 de franquicia, qui\u00e9n sabe.<\/p>\n<p>A \u201cLa Tertulia\u201d se suma una lista cada vez m\u00e1s larga: en estos once a\u00f1os he visto desaparecer, una a una, florister\u00edas, casas de comidas caseras, librer\u00edas, tabernas y plazas que resultan inhabitables, tomadas por tiendas de recuerdos y grupos de m\u00e1s de treinta personas, palo <em>selfie<\/em> en mano, en busca de una foto id\u00e9ntica a miles de otras.<\/p>\n<p class=\"sumari\">Una ciudad no deja de ser lo que era de un d\u00eda para otro. Se transforma lentamente, a base de peque\u00f1as renuncias. Pero la pregunta es inevitable: \u00bfhacia qu\u00e9 modelo de ciudad se dirige Granada?<\/p>\n<p>No solo est\u00e1 en juego la est\u00e9tica, ni se trata tampoco de nostalgia. Lo que verdaderamente importa es el tipo de vida que una ciudad hace posible. Si el futuro se piensa en clave de un progreso urbanizado, alejado de la identidad, que solo apuesta por la oposici\u00f3n entre lo urbano y lo rural y en el que todo parece reducirse al cemento, \u00bfd\u00f3nde queda el paisanaje? Cuando desaparecen los espacios de encuentro, cuando el comercio de proximidad asfixiado por el capital, cede ante lo uniforme, cuando el centro y los barrios hist\u00f3ricos dejan de ser habitables, tambi\u00e9n se debilita el tejido que sostiene lo cotidiano.<\/p>\n<p>Granada corre el riesgo de convertirse en un lugar pensado para ser recorrido, fotografiado, <em>instagrameable<\/em> y consumido, pero no necesariamente vivo. Y en ese tr\u00e1nsito, se diluyen las relaciones vecinales, se empobrece la vida cultural y se rompe ese fr\u00e1gil equilibrio entre quienes llegan y quienes permanecen.<\/p>\n<p>Tal vez a\u00fan estemos a tiempo de reflexionar qu\u00e9 ciudad queremos habitar. Porque toda transformaci\u00f3n implica decisiones, aunque a veces se presenten como inevitables. Y si nos preguntamos por lo que est\u00e1 ocurriendo, o si la incomodidad nos asalta, recordemos que cada ciudadano, con peque\u00f1os actos, tambi\u00e9n contribuye a sostener la vida de la ciudad. No todo depende de \u00e9l, pero tampoco es irrelevante: la vida cotidiana, cuando se cuida y se comparte, tambi\u00e9n es una forma de resistencia. Apostemos por el barrio.<\/p>\n<p>\u201c\u00bfTe acuerdas que desde la ventana, a lo lejos, se ve\u00eda el mar?\u201d, le dec\u00eda una se\u00f1ora a su hija desde el Puerto de M\u00e1laga. Ojal\u00e1 un d\u00eda no tengamos que recordar a Granada en pasado.<\/p>\n<div class=\"divdest\"><strong>Sonia Herrera Justicia <\/strong>es Doctora en Historia y Artes, Coordinadora docente de la <a href=\"https:\/\/fundacionindex.com\/\">Fundaci\u00f3n Index (Granada) <\/a>y profesora colaboradora extraordinaria en el Departamento de Historia de la Ciencia de la Universidad de Granada. Su trabajo se centra en la recuperaci\u00f3n de los saberes populares en salud, especialmente en el \u00e1mbito rural. Interesada en la memoria colectiva y en las formas en que los territorios construyen la identidad, investiga c\u00f3mo los procesos de transformaci\u00f3n social afectan tanto a los cuidados cotidianos como a la transmisi\u00f3n de saberes entre generaciones.\u00a0<\/p>\n<p>Perfil de Facebook:\u00a0<a href=\"https:\/\/www.facebook.com\/SoniaherreraJ\/\">Sonia Herrera Justicia<\/a>.<\/div>\n<\/div>\n<div>\u00a0<\/div>\n<div style=\"text-align: justify;\">FOTO: M.R. Panor\u00e1mica de Granada.<\/div>\n<div>\u00a0<\/div>\n<div>https:\/\/www.elindependientedegranada.es\/ciudadania\/tierra-sonada-quien<\/div>\n","protected":false},"excerpt":{"rendered":"<p>Un magn\u00edfico art\u00edculo de Sonia Herrera Justicia, doctora en Historia y Arte, sobre Granada y&#8230;<\/p>\n","protected":false},"author":1,"featured_media":83601,"comment_status":"closed","ping_status":"closed","sticky":false,"template":"","format":"standard","meta":{"_coblocks_attr":"","_coblocks_dimensions":"","_coblocks_responsive_height":"","_coblocks_accordion_ie_support":"","jetpack_post_was_ever_published":false,"_jetpack_newsletter_access":"","_jetpack_dont_email_post_to_subs":false,"_jetpack_newsletter_tier_id":0,"_jetpack_memberships_contains_paywalled_content":false,"_jetpack_memberships_contains_paid_content":false,"footnotes":"","jetpack_publicize_message":"","jetpack_publicize_feature_enabled":true,"jetpack_social_post_already_shared":true,"jetpack_social_options":{"image_generator_settings":{"template":"highway","default_image_id":0,"enabled":false},"version":2}},"categories":[1161,10781,44],"tags":[],"class_list":["post-83600","post","type-post","status-publish","format-standard","has-post-thumbnail","hentry","category-ciudadania","category-granada","category-noticias-de-hoy"],"jetpack_publicize_connections":[],"jetpack_featured_media_url":"https:\/\/i0.wp.com\/miradordeatarfe.es\/wp-content\/uploads\/2026\/04\/granada_2_0.jpg?fit=650%2C271&ssl=1","jetpack_likes_enabled":true,"jetpack_sharing_enabled":true,"_links":{"self":[{"href":"https:\/\/miradordeatarfe.es\/index.php?rest_route=\/wp\/v2\/posts\/83600","targetHints":{"allow":["GET"]}}],"collection":[{"href":"https:\/\/miradordeatarfe.es\/index.php?rest_route=\/wp\/v2\/posts"}],"about":[{"href":"https:\/\/miradordeatarfe.es\/index.php?rest_route=\/wp\/v2\/types\/post"}],"author":[{"embeddable":true,"href":"https:\/\/miradordeatarfe.es\/index.php?rest_route=\/wp\/v2\/users\/1"}],"replies":[{"embeddable":true,"href":"https:\/\/miradordeatarfe.es\/index.php?rest_route=%2Fwp%2Fv2%2Fcomments&post=83600"}],"version-history":[{"count":1,"href":"https:\/\/miradordeatarfe.es\/index.php?rest_route=\/wp\/v2\/posts\/83600\/revisions"}],"predecessor-version":[{"id":83602,"href":"https:\/\/miradordeatarfe.es\/index.php?rest_route=\/wp\/v2\/posts\/83600\/revisions\/83602"}],"wp:featuredmedia":[{"embeddable":true,"href":"https:\/\/miradordeatarfe.es\/index.php?rest_route=\/wp\/v2\/media\/83601"}],"wp:attachment":[{"href":"https:\/\/miradordeatarfe.es\/index.php?rest_route=%2Fwp%2Fv2%2Fmedia&parent=83600"}],"wp:term":[{"taxonomy":"category","embeddable":true,"href":"https:\/\/miradordeatarfe.es\/index.php?rest_route=%2Fwp%2Fv2%2Fcategories&post=83600"},{"taxonomy":"post_tag","embeddable":true,"href":"https:\/\/miradordeatarfe.es\/index.php?rest_route=%2Fwp%2Fv2%2Ftags&post=83600"}],"curies":[{"name":"wp","href":"https:\/\/api.w.org\/{rel}","templated":true}]}}