{"id":83605,"date":"2026-05-01T10:00:20","date_gmt":"2026-05-01T08:00:20","guid":{"rendered":"https:\/\/miradordeatarfe.es\/?p=83605"},"modified":"2026-05-01T10:20:14","modified_gmt":"2026-05-01T08:20:14","slug":"los-datos-rebaten-la-supuesta-discriminacion-de-los-espanoles-frente-a-los-inmigrantes-que-alega-vox","status":"publish","type":"post","link":"https:\/\/miradordeatarfe.es\/?p=83605","title":{"rendered":"Los datos rebaten la supuesta discriminaci\u00f3n de los espa\u00f1oles frente a los inmigrantes que alega Vox"},"content":{"rendered":"<h3 style=\"text-align: justify;\">La poblaci\u00f3n nativa es la que m\u00e1s se beneficia del Ingreso M\u00ednimo Vital (82,5%) y usa m\u00e1s la asistencia sanitaria que la extranjera<\/h3>\n<div class=\"a_c clearfix\" data-dtm-region=\"articulo_cuerpo\">\n<p class=\"\" style=\"text-align: justify;\">La portavoz de Vox en la Asamblea de Madrid, Isabel P\u00e9rez Mo\u00f1ino, se quej\u00f3 el pasado 19 de febrero en la c\u00e1mara regional de que \u201cj\u00f3venes como Fran y Bea, j\u00f3venes espa\u00f1oles, nacidos en Madrid, de padres espa\u00f1oles que trabajan y pagan impuestos para sostener Madrid\u201d no vean nunca sus nombres en la lista de beneficiarios de vivienda p\u00fablica. \u201cLes voy a leer los nombres de algunas personas que s\u00ed se han llevado una vivienda p\u00fablica en un municipio hace muy poquito en Madrid\u201d, anunci\u00f3. Y empez\u00f3 a leer: \u201cKamal, Michael Dan, Peter Favio, Andrea Olguta, Monsef, Danitza, Hicham, Jasminka, Intisar, Nelson Moise, Walter, Hafida\u201d. \u201cEstas personas no tienen la culpa\u201d, agreg\u00f3, \u201cde estar pasando por delante de Fran y Bea y de tantos espa\u00f1oles a la hora de acceder a una vivienda p\u00fablica. Por cierto, tambi\u00e9n pasan por delante en las listas de espera en sanidad, en la guarder\u00eda, en las ayudas directas a la maternidad o al alquiler. Los culpables son ustedes que promueven que Fran y Bea sean discriminados en su propio pa\u00eds para beneficiar a los que acaban de llegar\u201d.<\/p>\n<p class=\"\" style=\"text-align: justify;\">P\u00e9rez Mo\u00f1ino resumi\u00f3, en su intervenci\u00f3n, el argumentario que utiliza Vox para defender la que el partido ha llamado \u201cprioridad nacional\u201d<i>, <\/i>la idea que ha conseguido colocar en los acuerdos con el PP para gobernar Extremadura y Arag\u00f3n. Frente a quienes, <a title=\"https:\/\/elpais.com\/espana\/2026-04-24\/los-obispos-acusan-de-injurias-a-abascal-por-acusar-a-la-iglesia-de-hacer-negocio-con-la-inmigracion-ilegal.html\" href=\"https:\/\/elpais.com\/espana\/2026-04-24\/los-obispos-acusan-de-injurias-a-abascal-por-acusar-a-la-iglesia-de-hacer-negocio-con-la-inmigracion-ilegal.html\" target=\"_self\" rel=\"\" data-link-track-dtm=\"\" data-mrf-link=\"https:\/\/elpais.com\/espana\/2026-04-24\/los-obispos-acusan-de-injurias-a-abascal-por-acusar-a-la-iglesia-de-hacer-negocio-con-la-inmigracion-ilegal.html\">como la jerarqu\u00eda de la Iglesia cat\u00f3lica, <\/a>les reprochan que quieran discriminar a los inmigrantes, alegan que son los espa\u00f1oles quienes est\u00e1n en realidad discriminados respecto a \u201clos de fuera\u201d.<\/p>\n<p class=\"\" style=\"text-align: justify;\">El l\u00edder de Vox, Santiago Abascal, lo defendi\u00f3 as\u00ed el pasado mi\u00e9rcoles en el programa Espejo P\u00fablico, de Antena 3. \u201cLos espa\u00f1oles tienen que tener prioridad porque est\u00e1n discriminados en estos momentos en el acceso a la vivienda p\u00fablica y a las ayudas sociales. Es lo que me cuentan personalmente cuando hablo con los espa\u00f1oles necesitados y lo que vemos cuando salen las listas de ayudas sociales y de asignaci\u00f3n de viviendas p\u00fablicas\u201d, argument\u00f3.<\/p>\n<p class=\"\" style=\"text-align: justify;\">Mientras interven\u00eda en la Asamblea de Madrid, P\u00e9rez Mo\u00f1ino blandi\u00f3 en sus manos una de esas listas. Aunque no lo explic\u00f3, se trataba de la asignaci\u00f3n de 180 viviendas p\u00fablicas en r\u00e9gimen de alquiler en el municipio de Majadahonda. Pero la relaci\u00f3n de nombres que ley\u00f3 en voz alta no correspond\u00eda a las personas \u201cque s\u00ed se han llevado una vivienda\u201d, como ella dijo, sino a la lista provisional de admitidos y descartados para participar en el sorteo en el que se asignar\u00e1n las casas. Solo cuatro de las 12 personas que mencion\u00f3 hab\u00edan sido admitidas en el sorteo, mientras que la solicitud de las otras ocho hab\u00eda sido excluida provisionalmente por no haber presentado toda la documentaci\u00f3n.<\/p>\n<p class=\"\" style=\"text-align: justify;\">Lo m\u00e1s sorprendente, sin embargo, es que P\u00e9rez Mo\u00f1ino diera por hecho que todas las personas que mencion\u00f3 son extranjeras solo porque su nombre no pareciera lo bastante castizo. Para determinar el origen de alguien, es m\u00e1s significativo el apellido, aunque hay dirigentes de Vox con apellido de origen extranjero, como Hermann Tertsch o Roc\u00edo de Meer. En cambio, varios de los citados por la portavoz del grupo ultra en Madrid se apellidan Castedo, Becerra o Arias, como pod\u00eda comprobar en el listado que ten\u00eda en sus manos. En todo caso, las viviendas no se las adjudicar\u00e1 nadie que \u201cacabe de llegar\u201d, como aseguraba P\u00e9rez Mo\u00f1ino, ya que para participar en el concurso es necesario acreditar que se ha estado \u201cempadronado en el municipio de Majadahonda durante los \u00faltimos diez a\u00f1os ininterrumpidos\u201d. Es decir, m\u00e1s tiempo del que Vox y el PP han pactado en Extremadura: cinco a\u00f1os de empadronamiento para el alquiler de vivienda p\u00fablica y diez para la compra.<\/p>\n<p class=\"\" style=\"text-align: justify;\">M\u00e1s all\u00e1 de la vivienda p\u00fablica, la principal prestaci\u00f3n social que existe en Espa\u00f1a es el Ingreso M\u00ednimo Vital (IMV), una ayuda destinada a las personas en situaci\u00f3n de pobreza severa o riesgo de exclusi\u00f3n. En 2026, la prestaci\u00f3n m\u00ednima es de 733,6 euros al mes por doce pagas al a\u00f1o para un adulto solo y un m\u00e1ximo de 1.775,3 euros al mes para una familia monoparental con cuatro o m\u00e1s menores. Para poder acceder a esta paga de la Seguridad Social se exige, adem\u00e1s de estar en situaci\u00f3n de vulnerabilidad econ\u00f3mica, \u201ctener residencia legal y efectiva en Espa\u00f1a de forma continuada e ininterrumpida durante al menos el a\u00f1o anterior a presentar la solicitud\u201d; lo que excluye a los inmigrantes irregulares y, de nuevo, a los reci\u00e9n llegados.<\/p>\n<p class=\"\" style=\"text-align: justify;\">En enero de este a\u00f1o, un total de 798.312 personas cobraban el IMV, seg\u00fan datos de la Secretar\u00eda de Estado de la Seguridad Social y Pensiones. Se trata de una prestaci\u00f3n mayoritariamente femenina: el 67,9% de los titulares son mujeres, por un 32,1% de varones. Tambi\u00e9n hay un sesgo en favor de los extranjeros, pero mucho menor: el 17,5% de los titulares de este ingreso son extranjeros, frente al 82,5% de espa\u00f1oles. Como los extranjeros representan el 14,6% de la poblaci\u00f3n total de Espa\u00f1a, est\u00e1n sobrerrepresentados casi tres puntos en el IMV, mucho menos que las mujeres, que lo est\u00e1n en 17 puntos, sin que eso signifique que los varones est\u00e9n discriminados. En realidad, ambos colectivos, mujeres e inmigrantes, son los m\u00e1s vulnerables y, por eso, los m\u00e1s amenazados de caer en la pobreza.<\/p>\n<p class=\"\" style=\"text-align: justify;\">En Extremadura, que es donde se ha iniciado el debate sobre la \u201cprioridad nacional<i>\u201c, <\/i>los extranjeros que cobran el IMV suponen solo el 5,9% del total, un porcentaje similar al que representan en la poblaci\u00f3n regional. En Arag\u00f3n, segunda comunidad en la que Vox ha impuesto su idea, el porcentaje de inmigrantes (30%) s\u00ed duplica su presencia en la sociedad (14,1%), igual que en Castilla y Le\u00f3n (16,5% frente a 8,5%). En cambio, en Andaluc\u00eda, que celebra elecciones el 17 de mayo, el porcentaje de extranjeros titulares del IMV (8,9%) es inferior a su peso en la poblaci\u00f3n (10,8%).<\/p>\n<p class=\"\" style=\"text-align: justify;\">El otro gran pilar del Estado del bienestar es la asistencia sanitaria que, seg\u00fan Vox, se encuentra colapsada en Espa\u00f1a por la \u201cinvasi\u00f3n migratoria\u201d, a la que culpa de las largas listas de espera. Sin embargo, todos los estudios realizados hasta ahora indican lo contrario. \u201cLa poblaci\u00f3n inmigrante usa menos los servicios sanitarios en comparaci\u00f3n con la aut\u00f3ctona\u201d, afirma categ\u00f3ricamente el trabajo <i>Acceso al sistema sanitario de la poblaci\u00f3n inmigrante en Espa\u00f1a seg\u00fan posici\u00f3n socioecon\u00f3mica<\/i>, publicado en 2025 por la Revista Cl\u00ednica de Medicina de Familia. Entre las clases bajas, el 78,4% de los inmigrantes acude al m\u00e9dico de familia (82,9% los espa\u00f1oles), el 45% a los especialistas (54,9% los espa\u00f1oles) y tienen menos hospitalizaciones (5% frente a 8,5%). Especialmente preocupante es el escaso uso que hacen los inmigrantes de las mamograf\u00edas (66,4% frente a 82,8% de las espa\u00f1olas) y las vacunas (34,2% frente al 56% de la poblaci\u00f3n espa\u00f1ola). El estudio constata, sin embargo, que \u201cen las clases altas, el acceso [a los servicios sanitarios] es similar en ambos grupos\u201d, espa\u00f1oles y extranjeros.<\/p>\n<p class=\"\" style=\"text-align: justify;\">Vox no solo quiere dar preferencia a los espa\u00f1oles sobre los inmigrantes en el acceso a las ayudas p\u00fablicas, sino que en alg\u00fan caso pretende excluir a estos \u00faltimos por completo. La moci\u00f3n que el grupo parlamentario de Abascal defendi\u00f3 la semana pasada en el Congreso, y que fue rechazada, ped\u00eda promover \u201clas modificaciones normativas oportunas del Sistema de la Seguridad Social para asegurar que prestaciones y pensiones de naturaleza no contributiva quedan reservadas a los espa\u00f1oles\u201d, con car\u00e1cter exclusivo. Es decir, que ning\u00fan inmigrante reciba el Ingreso M\u00ednimo Vital (IMV).<\/p>\n<\/div>\n<aside class=\"w w-sea\">\n<div class=\"w_b\">\n<div class=\"_g _g-xs\">\n<div class=\"w-sea_txt\">\n<div class=\"_df\">\n<h3 class=\"w-sea_txt_na\"><a href=\"https:\/\/elpais.com\/autor\/miguel-gonzalez\/\" rel=\"autor_bottom\">Miguel Gonz\u00e1lez<\/a><\/h3>\n<p>FOTO:\u00a0 <span class=\"a_m_m\">VOX (EFE)<\/span><\/p>\n<p>https:\/\/elpais.com\/espana\/2026-04-27\/los-datos-rebaten-la-supuesta-discriminacion-de-los-espanoles-frente-a-los-inmigrantes-que-alega-vox.html<\/p>\n<\/div>\n<\/div>\n<\/div>\n<\/div>\n<\/aside>\n","protected":false},"excerpt":{"rendered":"<p>La poblaci\u00f3n nativa es la que m\u00e1s se beneficia del Ingreso M\u00ednimo Vital (82,5%) y&#8230;<\/p>\n","protected":false},"author":1,"featured_media":83606,"comment_status":"closed","ping_status":"closed","sticky":false,"template":"","format":"standard","meta":{"_coblocks_attr":"","_coblocks_dimensions":"","_coblocks_responsive_height":"","_coblocks_accordion_ie_support":"","jetpack_post_was_ever_published":false,"_jetpack_newsletter_access":"","_jetpack_dont_email_post_to_subs":false,"_jetpack_newsletter_tier_id":0,"_jetpack_memberships_contains_paywalled_content":false,"_jetpack_memberships_contains_paid_content":false,"footnotes":"","jetpack_publicize_message":"","jetpack_publicize_feature_enabled":true,"jetpack_social_post_already_shared":false,"jetpack_social_options":{"image_generator_settings":{"template":"highway","default_image_id":0,"enabled":false},"version":2}},"categories":[1161,10820,186,44],"tags":[],"class_list":["post-83605","post","type-post","status-publish","format-standard","has-post-thumbnail","hentry","category-ciudadania","category-emigracion","category-instituciones","category-noticias-de-hoy"],"jetpack_publicize_connections":[],"jetpack_featured_media_url":"https:\/\/i0.wp.com\/miradordeatarfe.es\/wp-content\/uploads\/2026\/04\/Screenshot-2026-04-29-at-10-29-54-Los-datos-rebaten-la-supuesta-discriminacion-de-los-espanoles-frente-a-los-inmigrantes-que-alega-Vox-Espana-EL-PAIS.png?fit=806%2C480&ssl=1","jetpack_likes_enabled":true,"jetpack_sharing_enabled":true,"_links":{"self":[{"href":"https:\/\/miradordeatarfe.es\/index.php?rest_route=\/wp\/v2\/posts\/83605","targetHints":{"allow":["GET"]}}],"collection":[{"href":"https:\/\/miradordeatarfe.es\/index.php?rest_route=\/wp\/v2\/posts"}],"about":[{"href":"https:\/\/miradordeatarfe.es\/index.php?rest_route=\/wp\/v2\/types\/post"}],"author":[{"embeddable":true,"href":"https:\/\/miradordeatarfe.es\/index.php?rest_route=\/wp\/v2\/users\/1"}],"replies":[{"embeddable":true,"href":"https:\/\/miradordeatarfe.es\/index.php?rest_route=%2Fwp%2Fv2%2Fcomments&post=83605"}],"version-history":[{"count":1,"href":"https:\/\/miradordeatarfe.es\/index.php?rest_route=\/wp\/v2\/posts\/83605\/revisions"}],"predecessor-version":[{"id":83607,"href":"https:\/\/miradordeatarfe.es\/index.php?rest_route=\/wp\/v2\/posts\/83605\/revisions\/83607"}],"wp:featuredmedia":[{"embeddable":true,"href":"https:\/\/miradordeatarfe.es\/index.php?rest_route=\/wp\/v2\/media\/83606"}],"wp:attachment":[{"href":"https:\/\/miradordeatarfe.es\/index.php?rest_route=%2Fwp%2Fv2%2Fmedia&parent=83605"}],"wp:term":[{"taxonomy":"category","embeddable":true,"href":"https:\/\/miradordeatarfe.es\/index.php?rest_route=%2Fwp%2Fv2%2Fcategories&post=83605"},{"taxonomy":"post_tag","embeddable":true,"href":"https:\/\/miradordeatarfe.es\/index.php?rest_route=%2Fwp%2Fv2%2Ftags&post=83605"}],"curies":[{"name":"wp","href":"https:\/\/api.w.org\/{rel}","templated":true}]}}