{"id":83608,"date":"2026-05-01T11:00:08","date_gmt":"2026-05-01T09:00:08","guid":{"rendered":"https:\/\/miradordeatarfe.es\/?p=83608"},"modified":"2026-05-01T10:20:31","modified_gmt":"2026-05-01T08:20:31","slug":"la-frontera-invisible-por-escrito-por-javier-arenas","status":"publish","type":"post","link":"https:\/\/miradordeatarfe.es\/?p=83608","title":{"rendered":"\u00abLA FRONTERA INVISIBLE\u00bb  por Javier Arenas Montero"},"content":{"rendered":"<h3 style=\"text-align: justify;\">Hay ideas que se repiten tanto que acaban pareciendo verdad sin serlo. Ideas que separan, que ordenan vidas en filas invisibles, que deciden qui\u00e9n \u201cmerece\u201d y qui\u00e9n \u201cespera\u201d. Pero la vida, la de verdad, no cabe en consignas.<\/h3>\n<p style=\"text-align: justify;\">Y, sin embargo, existe una frontera que no aparece en los mapas. Una frontera invisible que no se cruza con pasaporte ni con sellos, pero que marca destinos: la que divide a quienes son vistos como \u201cde aqu\u00ed\u201d y a quienes, aunque vivan, trabajen y respiren a nuestro lado, siguen siendo mirados como si no pertenecieran del todo.<\/p>\n<p style=\"text-align: justify;\">La vida tiene otros nombres: el del campo bajo el sol, el de las manos que cuidan a nuestros mayores, el de los trabajos duros que sostienen lo cotidiano en silencio. Tiene el nombre de quien se levanta sin certezas, pero con una esperanza sencilla: trabajar, sobrevivir y sacar adelante a los suyos.<\/p>\n<p style=\"text-align: justify;\">Y tambi\u00e9n tiene el nombre de quienes ya lo han perdido casi todo antes de llegar aqu\u00ed. Personas que huyen de la pobreza, de la guerra, de la persecuci\u00f3n. Personas que cruzan el mar en una patera sin saber si habr\u00e1 otro amanecer, aferradas a lo \u00fanico que no les han podido quitar: la esperanza.<\/p>\n<p style=\"text-align: justify;\">Cuando llegan, no encuentran un final feliz. Encuentran fr\u00edo, incertidumbre, cansancio\u2026 y la exigencia de empezar de cero como si la vida anterior no hubiera existido. Y aun as\u00ed siguen. Porque no hay alternativa. Porque rendirse no es una opci\u00f3n cuando lo \u00fanico que buscas es vivir.<\/p>\n<p style=\"text-align: justify;\">Pero a veces lo m\u00e1s duro no es el viaje. Es la forma en que esa frontera invisible se vuelve mirada. Es cuando dejan de ver a una persona y empiezan a ver una sospecha. Cuando se les atribuyen culpas f\u00e1ciles para problemas complejos. Cuando se olvida que detr\u00e1s de cada rostro hay una historia que no eligi\u00f3 su origen.<\/p>\n<p style=\"text-align: justify;\">Y en ese momento ocurre algo silencioso pero profundo: la frontera invisible se refuerza. No con leyes, sino con palabras. No con muros, sino con prejuicios. Y lo que queda al otro lado no son n\u00fameros ni debates, sino vidas que siguen intentando sostenerse.<\/p>\n<p style=\"text-align: justify;\">Por eso la pregunta no deber\u00eda ser qui\u00e9n va primero, sino c\u00f3mo hemos llegado a aceptar que alguien pueda quedarse detr\u00e1s de esa l\u00ednea que no se ve, pero se siente. Porque una sociedad no se mide por a qui\u00e9n protege m\u00e1s, sino por a qui\u00e9n no abandona nunca.<\/p>\n<p style=\"text-align: justify;\">Acoger, integrar, reconocer no es un gesto extraordinario. Es lo m\u00ednimo cuando se recuerda lo esencial: que nadie elige d\u00f3nde nace, pero todos deber\u00edan tener derecho a vivir con dignidad.<\/p>\n<p style=\"text-align: justify;\">Al final, cuando se quitan los ruidos, los prejuicios y las etiquetas, todo se queda en lo \u00fanico que importa de verdad: personas. Y ninguna deber\u00eda tener que demostrar que merece serlo.<\/p>\n<div class=\"heading-space\">por Javier Arenas\u00a0 Montero<\/div>\n<div id=\"twocolumns\" class=\"content__wrapper\">\n<div id=\"content\" class=\"content__main\">\n<article id=\"post-15649\" class=\"post-15649 post type-post status-publish format-standard has-post-thumbnail hentry category-videoclips tag-fronteras-invisibles tag-la-barraca tag-mallorca-ska media-block single-post\">\n<div class=\"entry\">\n<div class=\" vc_row wpb_row vc_row-fluid in_container \">\n<div class=\"wpb_column vc_column_container vc_col-sm-12\">\n<div class=\"vc_column-inner\">\n<div class=\"wpb_wrapper\">\n<div class=\"wpb_text_column wpb_content_element \">\n<div class=\"wpb_wrapper\">\n<p>FOTO: La Banda de Mallorca <em><strong>La Barraca<\/strong><\/em> lanza el videoclip <em><strong>Fronteras Invisibles<\/strong><\/em><\/p>\n<\/div>\n<\/div>\n<\/div>\n<\/div>\n<\/div>\n<\/div>\n<\/div>\n<\/article>\n<\/div>\n<\/div>\n","protected":false},"excerpt":{"rendered":"<p>Hay ideas que se repiten tanto que acaban pareciendo verdad sin serlo. Ideas que separan,&#8230;<\/p>\n","protected":false},"author":1,"featured_media":83609,"comment_status":"closed","ping_status":"closed","sticky":false,"template":"","format":"standard","meta":{"_coblocks_attr":"","_coblocks_dimensions":"","_coblocks_responsive_height":"","_coblocks_accordion_ie_support":"","jetpack_post_was_ever_published":false,"_jetpack_newsletter_access":"","_jetpack_dont_email_post_to_subs":false,"_jetpack_newsletter_tier_id":0,"_jetpack_memberships_contains_paywalled_content":false,"_jetpack_memberships_contains_paid_content":false,"footnotes":"","jetpack_publicize_message":"","jetpack_publicize_feature_enabled":true,"jetpack_social_post_already_shared":true,"jetpack_social_options":{"image_generator_settings":{"template":"highway","default_image_id":0,"enabled":false},"version":2}},"categories":[2,1161,10820,44],"tags":[],"class_list":["post-83608","post","type-post","status-publish","format-standard","has-post-thumbnail","hentry","category-atarfe","category-ciudadania","category-emigracion","category-noticias-de-hoy"],"jetpack_publicize_connections":[],"jetpack_featured_media_url":"https:\/\/i0.wp.com\/miradordeatarfe.es\/wp-content\/uploads\/2026\/04\/sddefault.jpg?fit=640%2C480&ssl=1","jetpack_likes_enabled":true,"jetpack_sharing_enabled":true,"_links":{"self":[{"href":"https:\/\/miradordeatarfe.es\/index.php?rest_route=\/wp\/v2\/posts\/83608","targetHints":{"allow":["GET"]}}],"collection":[{"href":"https:\/\/miradordeatarfe.es\/index.php?rest_route=\/wp\/v2\/posts"}],"about":[{"href":"https:\/\/miradordeatarfe.es\/index.php?rest_route=\/wp\/v2\/types\/post"}],"author":[{"embeddable":true,"href":"https:\/\/miradordeatarfe.es\/index.php?rest_route=\/wp\/v2\/users\/1"}],"replies":[{"embeddable":true,"href":"https:\/\/miradordeatarfe.es\/index.php?rest_route=%2Fwp%2Fv2%2Fcomments&post=83608"}],"version-history":[{"count":7,"href":"https:\/\/miradordeatarfe.es\/index.php?rest_route=\/wp\/v2\/posts\/83608\/revisions"}],"predecessor-version":[{"id":83616,"href":"https:\/\/miradordeatarfe.es\/index.php?rest_route=\/wp\/v2\/posts\/83608\/revisions\/83616"}],"wp:featuredmedia":[{"embeddable":true,"href":"https:\/\/miradordeatarfe.es\/index.php?rest_route=\/wp\/v2\/media\/83609"}],"wp:attachment":[{"href":"https:\/\/miradordeatarfe.es\/index.php?rest_route=%2Fwp%2Fv2%2Fmedia&parent=83608"}],"wp:term":[{"taxonomy":"category","embeddable":true,"href":"https:\/\/miradordeatarfe.es\/index.php?rest_route=%2Fwp%2Fv2%2Fcategories&post=83608"},{"taxonomy":"post_tag","embeddable":true,"href":"https:\/\/miradordeatarfe.es\/index.php?rest_route=%2Fwp%2Fv2%2Ftags&post=83608"}],"curies":[{"name":"wp","href":"https:\/\/api.w.org\/{rel}","templated":true}]}}