{"id":83617,"date":"2026-04-30T11:21:33","date_gmt":"2026-04-30T09:21:33","guid":{"rendered":"https:\/\/miradordeatarfe.es\/?p=83617"},"modified":"2026-04-29T14:02:19","modified_gmt":"2026-04-29T12:02:19","slug":"atarfe-la-feria-de-la-ciencia-convierte-a-sus-alumnos-en-protagonistas","status":"publish","type":"post","link":"https:\/\/miradordeatarfe.es\/?p=83617","title":{"rendered":"ATARFE: La Feria de la Ciencia convierte a sus alumnos en protagonistas"},"content":{"rendered":"<h3 class=\"single-title \" style=\"text-align: justify;\">Los j\u00f3venes divulgadores toman el Coliseo de Atarfe: la Feria de la Ciencia convierte a sus alumnos en protagonistas.El municipio re\u00fane, hasta el 30 de abril, a su comunidad educativa y a estudiantes de cuatro pa\u00edses en una cita que transforma el aprendizaje en una vivencia abierta a la ciudadan\u00eda.<\/h3>\n<p style=\"text-align: justify;\" data-start=\"340\" data-end=\"740\">El <strong>Coliseo de Atarfe<\/strong> se ha transformado desde el pasado 27 de abril en un gran laboratorio abierto. Hasta el 30 de abril, la <strong>XVII Feria de la Ciencia<\/strong> convierte a los alumnos y alumnas de los centros educativos del municipio en aut\u00e9nticos divulgadores cient\u00edficos, capaces no solo de mostrar, sino tambi\u00e9n de explicar, defender y <strong>compartir los proyectos en los que han trabajado durante todo el curso<\/strong>.<\/p>\n<p style=\"text-align: justify;\" data-start=\"742\" data-end=\"1067\">La iniciativa va mucho m\u00e1s all\u00e1 de una exposici\u00f3n escolar. Es el punto de encuentro de <strong>meses de investigaci\u00f3n en las aulas<\/strong> que ahora cobran vida ante familias, docentes y visitantes. En cada stand, los estudiantes asumen un papel protagonista, explicando con seguridad y entusiasmo sus experimentos, hip\u00f3tesis y conclusiones.<\/p>\n<p style=\"text-align: justify;\" data-start=\"1069\" data-end=\"1622\">La alcaldesa, <strong data-start=\"1083\" data-end=\"1104\">Yolanda Fern\u00e1ndez<\/strong>, ha puesto en valor el crecimiento y la consolidaci\u00f3n de esta cita: \u201cCada a\u00f1o estamos m\u00e1s contentos de organizarla, porque aqu\u00ed confluyen ni\u00f1os, familias, maestros y maestras, y este a\u00f1o adem\u00e1s con participaci\u00f3n de<strong> Brasil, M\u00e9jico, Per\u00fa y Colombia<\/strong>\u201d. La regidora ha subrayado tambi\u00e9n el esfuerzo que hay detr\u00e1s: \u201cEs un trabajo de todo el a\u00f1o. Desde el inicio del curso los centros preparan sus exposiciones y desde el Ayuntamiento ofrecemos apoyo log\u00edstico, econ\u00f3mico y todos los recursos necesarios para que esto sea posible\u201d.<\/p>\n<h2 style=\"text-align: justify;\" data-section-id=\"cvn1s4\" data-start=\"1624\" data-end=\"1668\">J\u00f3venes divulgadores que toman la palabra<\/h2>\n<p style=\"text-align: justify;\" data-start=\"1670\" data-end=\"2001\">Pero si hay algo que define esta feria es <strong>el papel de los estudiantes<\/strong>. Aqu\u00ed no hay carteles mudos ni trabajos que se quedan en una mesa. Hay voces. Hay relato. Hay alumnos que se colocan al otro lado, miran a quien se acerca y explican con criterio, con lenguaje propio y con una sorprendente soltura qu\u00e9 han investigado y por qu\u00e9.<\/p>\n<p style=\"text-align: justify;\" data-start=\"1670\" data-end=\"2001\"><img data-recalc-dims=\"1\" loading=\"lazy\" decoding=\"async\" class=\"size-medium wp-image-764001 alignleft\" title=\"Feria Ciencia\" src=\"https:\/\/i0.wp.com\/www.granadadigital.es\/wp-content\/uploads\/2026\/04\/WhatsApp-Image-2026-04-28-at-13.18.58-1-711x400.jpeg?resize=640%2C360&#038;ssl=1\" sizes=\"auto, (max-width: 711px) 100vw, 711px\" srcset=\"https:\/\/www.granadadigital.es\/wp-content\/uploads\/2026\/04\/WhatsApp-Image-2026-04-28-at-13.18.58-1-711x400.jpeg 711w, https:\/\/www.granadadigital.es\/wp-content\/uploads\/2026\/04\/WhatsApp-Image-2026-04-28-at-13.18.58-1-1110x624.jpeg 1110w, https:\/\/www.granadadigital.es\/wp-content\/uploads\/2026\/04\/WhatsApp-Image-2026-04-28-at-13.18.58-1-1536x864.jpeg 1536w, https:\/\/www.granadadigital.es\/wp-content\/uploads\/2026\/04\/WhatsApp-Image-2026-04-28-at-13.18.58-1-1010x568.jpeg 1010w, https:\/\/www.granadadigital.es\/wp-content\/uploads\/2026\/04\/WhatsApp-Image-2026-04-28-at-13.18.58-1-316x178.jpeg 316w, https:\/\/www.granadadigital.es\/wp-content\/uploads\/2026\/04\/WhatsApp-Image-2026-04-28-at-13.18.58-1-150x84.jpeg 150w, https:\/\/www.granadadigital.es\/wp-content\/uploads\/2026\/04\/WhatsApp-Image-2026-04-28-at-13.18.58-1-116x65.jpeg 116w, https:\/\/www.granadadigital.es\/wp-content\/uploads\/2026\/04\/WhatsApp-Image-2026-04-28-at-13.18.58-1-100x56.jpeg 100w, https:\/\/www.granadadigital.es\/wp-content\/uploads\/2026\/04\/WhatsApp-Image-2026-04-28-at-13.18.58-1-240x135.jpeg 240w, https:\/\/www.granadadigital.es\/wp-content\/uploads\/2026\/04\/WhatsApp-Image-2026-04-28-at-13.18.58-1-1080x608.jpeg 1080w, https:\/\/www.granadadigital.es\/wp-content\/uploads\/2026\/04\/WhatsApp-Image-2026-04-28-at-13.18.58-1.jpeg 2048w\" alt=\"Feria Ciencia \" width=\"640\" height=\"360\" \/><\/p>\n<div class=\"code-block code-block-70b1b7fc60ecf882f79eef3c3eb82c3d code-block-40\" style=\"text-align: justify;\"><ins id=\"revive-0-6\" data-revive-zoneid=\"36\" data-revive-id=\"3675e576db6d1cc6cb6554b6e5954dc7\" data-revive-seq=\"6\" data-revive-loaded=\"1\"><\/p>\n<div id=\"beacon_5e4fde7e5a\"><img loading=\"lazy\" decoding=\"async\" src=\"https:\/\/granadadigitaladserver.granadadigital.es\/www\/delivery\/lg.php?bannerid=0&amp;campaignid=0&amp;zoneid=36&amp;loc=https%3A%2F%2Fwww.granadadigital.es%2Fdivulgadores-coliseo-atarfe-ciencia%2F&amp;cb=5e4fde7e5a\" alt=\"\" width=\"0\" height=\"0\" \/><\/div>\n<p><\/ins><\/div>\n<p style=\"text-align: justify;\" data-start=\"2003\" data-end=\"2242\">Ese cambio lo resume perfectamente el coordinador <strong>Francisco Jos\u00e9 Jim\u00e9nez Molina<\/strong>: \u201cEl alumnado no hace un trabajo para una nota, lo hace para contarlo. Se convierte en divulgador cient\u00edfico y eso cambia completamente la manera de aprender\u201d.<\/p>\n<p style=\"text-align: justify;\" data-start=\"2244\" data-end=\"2540\">Y se nota. Se ve en c\u00f3mo argumentan, en c\u00f3mo responden preguntas, en c\u00f3mo adaptan su discurso seg\u00fan qui\u00e9n tienen delante, ya sea otro compa\u00f1ero, un docente o una familia. La feria no solo muestra proyectos, entrena competencias reales: comunicar, sintetizar, defender ideas, despertar curiosidad.\u00a0<strong>\u201cLo importante es que ese aprendizaje ha sido vivido\u201d<\/strong>, insiste Jim\u00e9nez Molina. \u201cY cuando lo vives y lo cuentas, se queda\u201d.<\/p>\n<h2 style=\"text-align: justify;\" data-section-id=\"1sj3vsv\" data-start=\"2666\" data-end=\"2717\">Ciencia que sale del aula y conecta con el mundo<\/h2>\n<p style=\"text-align: justify;\" data-start=\"2719\" data-end=\"2953\">Ese esp\u00edritu divulgador ha dado un paso m\u00e1s en esta <strong>edici\u00f3n con la apertura internacional.<\/strong> La presencia de j\u00f3venes de Per\u00fa, Colombia, Brasil y M\u00e9xico no solo suma stands, suma miradas distintas de entender la ciencia y de comunicarla.<\/p>\n<p style=\"text-align: justify;\" data-start=\"2955\" data-end=\"3262\">Lejos de ser una simple participaci\u00f3n simb\u00f3lica, estos<strong> encuentros generan di\u00e1logo entre iguales<\/strong>. Estudiantes que comparten inquietudes, comparan proyectos y descubren que la ciencia es un lenguaje com\u00fan que rompe fronteras. Una conversaci\u00f3n global que empieza en un aula de Atarfe y se proyecta hacia fuera.<\/p>\n<p style=\"text-align: justify;\" data-start=\"3264\" data-end=\"3434\"><strong>\u201cLa feria est\u00e1 saliendo hacia afuera\u201d<\/strong>, explica el coordinador. \u201cCada vez vienen m\u00e1s centros y ahora tambi\u00e9n esa participaci\u00f3n internacional que la hace a\u00fan m\u00e1s especial\u201d.<\/p>\n<p style=\"text-align: justify;\" data-start=\"3436\" data-end=\"3692\" data-is-last-node=\"\" data-is-only-node=\"\">Durante estos d\u00edas,<strong> Atarfe no solo expone ciencia. La vive, la cuenta y la comparte<\/strong>. Y en ese proceso, sus j\u00f3venes no solo aprenden, se convierten en algo mucho m\u00e1s potente: en quienes hacen que la ciencia llegue, se entienda y despierte nuevas vocaciones.<\/p>\n<h3 style=\"text-align: justify;\" data-start=\"3436\" data-end=\"3692\"><a class=\"autor_entry_name\" title=\"Entradas de Toni Nogueras\" href=\"https:\/\/www.granadadigital.es\/author\/toni-nogueras\/\">Toni Nogueras <\/a><\/h3>\n<p style=\"text-align: justify;\">https:\/\/www.granadadigital.es\/divulgadores-coliseo-atarfe-ciencia\/<\/p>\n<p style=\"text-align: justify;\">\u00a0<\/p>\n","protected":false},"excerpt":{"rendered":"<p>Los j\u00f3venes divulgadores toman el Coliseo de Atarfe: la Feria de la Ciencia convierte a&#8230;<\/p>\n","protected":false},"author":1,"featured_media":83618,"comment_status":"closed","ping_status":"closed","sticky":false,"template":"","format":"standard","meta":{"_coblocks_attr":"","_coblocks_dimensions":"","_coblocks_responsive_height":"","_coblocks_accordion_ie_support":"","jetpack_post_was_ever_published":false,"_jetpack_newsletter_access":"","_jetpack_dont_email_post_to_subs":false,"_jetpack_newsletter_tier_id":0,"_jetpack_memberships_contains_paywalled_content":false,"_jetpack_memberships_contains_paid_content":false,"footnotes":"","jetpack_publicize_message":"","jetpack_publicize_feature_enabled":true,"jetpack_social_post_already_shared":true,"jetpack_social_options":{"image_generator_settings":{"template":"highway","default_image_id":0,"enabled":false},"version":2}},"categories":[9597,1161,10778,44],"tags":[],"class_list":["post-83617","post","type-post","status-publish","format-standard","has-post-thumbnail","hentry","category-cientificos-atarfenos","category-ciudadania","category-feria-de-la-ciencia-atarfe","category-noticias-de-hoy"],"jetpack_publicize_connections":[],"jetpack_featured_media_url":"https:\/\/i0.wp.com\/miradordeatarfe.es\/wp-content\/uploads\/2026\/04\/Los-jovenes-divulgadores-en-la-XVII-Feria-de-las-Ciencias-de-Atarfe.webp?fit=1280%2C720&ssl=1","jetpack_likes_enabled":true,"jetpack_sharing_enabled":true,"_links":{"self":[{"href":"https:\/\/miradordeatarfe.es\/index.php?rest_route=\/wp\/v2\/posts\/83617","targetHints":{"allow":["GET"]}}],"collection":[{"href":"https:\/\/miradordeatarfe.es\/index.php?rest_route=\/wp\/v2\/posts"}],"about":[{"href":"https:\/\/miradordeatarfe.es\/index.php?rest_route=\/wp\/v2\/types\/post"}],"author":[{"embeddable":true,"href":"https:\/\/miradordeatarfe.es\/index.php?rest_route=\/wp\/v2\/users\/1"}],"replies":[{"embeddable":true,"href":"https:\/\/miradordeatarfe.es\/index.php?rest_route=%2Fwp%2Fv2%2Fcomments&post=83617"}],"version-history":[{"count":1,"href":"https:\/\/miradordeatarfe.es\/index.php?rest_route=\/wp\/v2\/posts\/83617\/revisions"}],"predecessor-version":[{"id":83619,"href":"https:\/\/miradordeatarfe.es\/index.php?rest_route=\/wp\/v2\/posts\/83617\/revisions\/83619"}],"wp:featuredmedia":[{"embeddable":true,"href":"https:\/\/miradordeatarfe.es\/index.php?rest_route=\/wp\/v2\/media\/83618"}],"wp:attachment":[{"href":"https:\/\/miradordeatarfe.es\/index.php?rest_route=%2Fwp%2Fv2%2Fmedia&parent=83617"}],"wp:term":[{"taxonomy":"category","embeddable":true,"href":"https:\/\/miradordeatarfe.es\/index.php?rest_route=%2Fwp%2Fv2%2Fcategories&post=83617"},{"taxonomy":"post_tag","embeddable":true,"href":"https:\/\/miradordeatarfe.es\/index.php?rest_route=%2Fwp%2Fv2%2Ftags&post=83617"}],"curies":[{"name":"wp","href":"https:\/\/api.w.org\/{rel}","templated":true}]}}