{"id":8362,"date":"2016-04-20T08:30:41","date_gmt":"2016-04-20T08:30:41","guid":{"rendered":"http:\/\/miradordeatarfe.es\/?p=8362"},"modified":"2016-04-20T08:47:26","modified_gmt":"2016-04-20T08:47:26","slug":"el-equipo-de-gobiuerno-de-atarfe-pide-personarse-pide-una-auditoria-al-tribunal-de-cuentas-del-gobierno-anterior","status":"publish","type":"post","link":"https:\/\/miradordeatarfe.es\/?p=8362","title":{"rendered":"El equipo de gobierno de Atarfe pide  una auditor\u00eda al Tribunal de Cuentas del gobierno anterior"},"content":{"rendered":"<p><span class=\"contenidos_subtitulo\">Rueda de prensa ofrecida por el equipo de gobierno, la parlamentaria andaluza Carmen Liz\u00e1rraga, la diputada de Podemos por Granada, Ana Terr\u00f3n y el secretario general de Podemos, Alberto Matar\u00e1n. Nota emitida por el equipo de Gobierno Municipal y publicada por Europa Press<\/span><br \/>\n<!--more--><\/p>\n<div><\/div>\n<div>en la foto: De izda. a dcha., Ana Terr\u00f3n, Rosa F\u00e9lix, Francisco Rodr\u00edguez Quesada, Carmen Liz\u00e1rraga y Alberto Matar\u00e1n.<\/div>\n<div><\/div>\n<div>GRANADA, 18 Abr. (<a class=\"enlaces_contenidos\" href=\"http:\/\/www.europapress.es\/andalucia\/noticia-atarfe-granada-pide-personarse-acusacion-caso-medina-elvira-20160418144129.html\" target=\"_blank\"><strong>EUROPA PRESS<\/strong><\/a>) &#8211; \u00a0 \u00a0El Ayuntamiento de Atarfe (Granada), gobernado por Por Atarfe S\u00ed, ha presentado su petici\u00f3n de personarse como acusaci\u00f3n particular en el caso sobre las supuestas irregularidades cometidas en la concesi\u00f3n de las licencias de primera ocupaci\u00f3n de la macrourbanizaci\u00f3n Medina Elvira y ha anunciado que<em> pedir\u00e1 al Tribunal de Cuentas una auditor\u00eda de los \u00faltimos a\u00f1os de gesti\u00f3n municipal, a manos del PSOE<\/em>.<\/div>\n<div><\/div>\n<div>Todo, despu\u00e9s de que el pasado 25 de enero la Audiencia Provincial de Granada, cuando estaba previsto el comienzo del juicio por este asunto, devolviera la causa al Juzgado de Instrucci\u00f3n 4 de Granada, que despu\u00e9s declar\u00f3 la posible responsabilidad civil subsidiaria del Ayuntamiento de Atarfe.<\/div>\n<div><\/div>\n<div>Si el Ayuntamiento fuera finalmente condenado, se dar\u00eda la paradoja de que el actual equipo de gobierno tuviera que hacer frente de forma subsidiaria a las indemnizaciones que se desprendieran de esta causa, que ser\u00e1 juzgada en la Audiencia, por unas posibles ilegalidades presuntamente cometidas por aquellos a los que denunciaron con anterioridad, los exalcaldes V\u00edctor S\u00e1nchez S\u00e1nchez y Tom\u00e1s Ruiz Maeso, aunque el primero no acude a las vistas previstas contra \u00e9l por su delicado estado de salud.<\/div>\n<div><\/div>\n<div>En rueda de prensa, el alcalde de la localidad, <strong>Francisco Rodr\u00edguez Quesada<\/strong>, ha alertado de que <em>el Ayuntamiento est\u00e1 \u00aben la UVI\u00bb y ha lanzado un \u00abSOS\u00bb<\/em> al resto de partidos pol\u00edticos para \u00abregularizar\u00bb la situaci\u00f3n en Atarfe, con una deuda que alcanza los 70 millones de euros y que podr\u00eda incrementarse en otros 300 millones m\u00e1s si finalmente, se condena al Ayuntamiento.<\/div>\n<div><\/div>\n<div>De hecho, ha incidido en que los ciudadanos de Atarfe y el actual equipo de gobierno son \u00abv\u00edctimas\u00bb de la acci\u00f3n de los anteriores mandatarios, los exalcaldes socialistas, y de sus \u00abnoches de delirio, sus viajes a Cuba o sus desmanes urban\u00edsticos\u00bb. Por ello, Rodr\u00edguez Quesada ha pedido al PSOE que \u00abdepure responsabilidades\u00bb al respecto y no permita que sigan en el Ayuntamiento concejales vinculados a las anteriores corporaciones, como por ejemplo la propia esposa de V\u00edctor S\u00e1nchez.<\/div>\n<div><\/div>\n<div>La concejal de Urbanismo en la localidad, <strong>Rosa F\u00e9lix<\/strong>, ha explicado que con su petici\u00f3n de personarse como acusaci\u00f3n particular el Ayuntamiento \u00abno quiere eludir su responsabilidad\u00bb, pero ha indicado que quien tiene que asumirla son los anteriores gobernantes y aquellos que no ejercieron el control necesario para que no se cometieran las irregularidades que van a ir a juicio. \u00a0 \u00a0De hecho, ha se\u00f1alado que la actual corporaci\u00f3n no s\u00f3lo est\u00e1 tomando medidas en el \u00e1mbito judicial, sino tambi\u00e9n en el administrativo, y est\u00e1 intentando llegar a acuerdos con los propietarios de las viviendas de la urbanizaci\u00f3n.<\/div>\n<div><\/div>\n<div>En el escrito de personaci\u00f3n, al que ha tenido acceso Europa Press, el Ayuntamiento recuerda las escuchas telef\u00f3nicas que se practicaron al exalcalde Ruiz Maeso en el marco de una investigaci\u00f3n en M\u00e1laga por un asunto de tr\u00e1fico de drogas en el que estar\u00eda implicado uno de los empresarios promotores de Medina Elvira, y que en ellas se evidenciaron las maniobras del socialista para que el municipio dejara de cobrar lo que le correspond\u00eda por la operaci\u00f3n urban\u00edstica.<\/div>\n<div><\/div>\n<div>En ese sentido, incide el Ayuntamiento en que los anteriores gobernantes, del PSOE, tuvieron una actuaci\u00f3n \u00abcontraria al inter\u00e9s p\u00fablico\u00bb, con \u00abespecial nitidez\u00bb en las manifestaciones de Ruiz Maeso, que lleg\u00f3 a decir frases como estas en esas escuchas: \u00abEjecutemos otro aval, repart\u00e1monos como buenos hermanos y yo me encargar\u00e9 de que M. cobre lo que pueda, t\u00fa lo que puedas y el otro lo que pueda para que esto ande\u00bb.<\/div>\n<div><\/div>\n<div>Adem\u00e1s, Atarfe recoge en su escrito de personaci\u00f3n, presentada hace una semana, que el propio equipo de delitos econ\u00f3micos de la Guardia Civil constat\u00f3 que de los m\u00e1s de tres millones que el Ayuntamiento deber\u00eda haber recibido de la promotora Vladiglof, tan s\u00f3lo percibi\u00f3 un mill\u00f3n de euros. \u00abLo dicho hace sospechar que se haya podido desviar el dinero percibido por el Ayuntamiento, que entrar\u00eda a formar parte del patrimonio p\u00fablico de suelo, a cualquier otra cuesti\u00f3n distinta que no sea la conservaci\u00f3n y ampliaci\u00f3n del propio patrimonio\u00bb, sostuvo la Guardia Civil, seg\u00fan incide el Ayuntamiento en el documento de petici\u00f3n de personaci\u00f3n.<\/div>\n<div><\/div>\n<div>Por todo, el Ayuntamiento entiende que tiene un \u00abinter\u00e9s leg\u00edtimo\u00bb como parte perjudicada, y ha incidido en la \u00abparadoja\u00bb de pretender que sea responsable civil subsidiario \u00abcuando los delitos se han cometido contra el Consistorio y los intereses p\u00fablicos\u00bb, para \u00abservir a los intereses de una asociaci\u00f3n criminal que acumula m\u00e1s de 20 causas penales.<\/div>\n<div><\/div>\n<div>La parlamentaria andaluza de Podemos, <strong>Carmen Liz\u00e1rraga<\/strong>, ha destacado el ejercicio de transparencia del gobierno de Atarfe frente a la \u201copacidad\u201d de sus predecesores. Ha recordado que una de sus primeras iniciativas parlamentarias de Podemos, que el Gobierno andaluz no tuvo en cuenta, persegu\u00eda la fiscalizaci\u00f3n de la gesti\u00f3n en los ayuntamientos de Atarfe y C\u00e1diz por parte de la C\u00e1mara de Cuentas de Andaluc\u00eda.<\/div>\n<div><\/div>\n<div>En la misma l\u00ednea, la diputada de Podemos por Granada, <strong>Ana Terr\u00f3n<\/strong>, ha anunciado que presentar\u00e1 una iniciativa para que el Tribunal de Cuentas audite la gesti\u00f3n realizada en Atarfe durante el \u00faltimo gobierno socialista.<\/div>\n<div><\/div>\n<div><a class=\"enlaces_contenidos\" href=\"http:\/\/www.europapress.es\/andalucia\/noticia-atarfe-granada-pide-personarse-acusacion-caso-medina-elvira-20160418144129.html\" target=\"_blank\"><strong>Enlace de Europa Press para leer la noticia \u00edntegra<\/strong><\/a>.<\/div>\n<div><\/div>\n<p>&nbsp;<\/p>\n<div class=\"contenedor_contenidos_extra\">\n<p>FICHEROS ADJUNTOS<\/p>\n<p><img data-recalc-dims=\"1\" decoding=\"async\" src=\"https:\/\/i0.wp.com\/www.ciudadatarfe.com\/imagenes\/pdf_fondogris.jpg?w=640\" alt=\"\" align=\"absmiddle\" border=\"0\" \/><img data-recalc-dims=\"1\" loading=\"lazy\" decoding=\"async\" src=\"https:\/\/i0.wp.com\/www.ciudadatarfe.com\/imagenes\/espacio.gif?resize=8%2C18\" alt=\"\" width=\"8\" height=\"18\" align=\"absmiddle\" border=\"0\" \/><a class=\"contenidos_extra_enlacesinteres_txt\" href=\"http:\/\/www.ciudadatarfe.com\/data\/ficherosadjuntos_contenidosweb\/contenidos_1535_1095_20160418194055.pdf\" target=\"_blank\">Escrito presentado ante el Juzgado de Instrucci\u00f3n 4 de Granada<\/a><span class=\"contenidos_extra_enlacesinteres_url\"> [206,25 Kb] <\/span><br \/>\n<img data-recalc-dims=\"1\" loading=\"lazy\" decoding=\"async\" src=\"https:\/\/i0.wp.com\/www.ciudadatarfe.com\/imagenes\/espacio.gif?resize=1%2C5\" alt=\"\" width=\"1\" height=\"5\" border=\"0\" \/><\/p>\n<\/div>\n","protected":false},"excerpt":{"rendered":"<p>Rueda de prensa ofrecida por el equipo de gobierno, la parlamentaria andaluza Carmen Liz\u00e1rraga, la&#8230;<\/p>\n","protected":false},"author":1,"featured_media":8363,"comment_status":"closed","ping_status":"closed","sticky":false,"template":"","format":"standard","meta":{"_coblocks_attr":"","_coblocks_dimensions":"","_coblocks_responsive_height":"","_coblocks_accordion_ie_support":"","jetpack_post_was_ever_published":false,"_jetpack_newsletter_access":"","_jetpack_dont_email_post_to_subs":false,"_jetpack_newsletter_tier_id":0,"_jetpack_memberships_contains_paywalled_content":false,"_jetpack_memberships_contains_paid_content":false,"footnotes":"","jetpack_publicize_message":"","jetpack_publicize_feature_enabled":true,"jetpack_social_post_already_shared":false,"jetpack_social_options":{"image_generator_settings":{"template":"highway","default_image_id":0,"enabled":false},"version":2}},"categories":[2,186,44],"tags":[81,2514,2515],"class_list":["post-8362","post","type-post","status-publish","format-standard","has-post-thumbnail","hentry","category-atarfe","category-instituciones","category-noticias-de-hoy","tag-atarfe","tag-equipo-de-gobierno","tag-trtibunales"],"jetpack_publicize_connections":[],"jetpack_featured_media_url":"https:\/\/i0.wp.com\/miradordeatarfe.es\/wp-content\/uploads\/2016\/04\/1535_1861_20160418175531.jpg?fit=442%2C295&ssl=1","jetpack_likes_enabled":true,"jetpack_sharing_enabled":true,"_links":{"self":[{"href":"https:\/\/miradordeatarfe.es\/index.php?rest_route=\/wp\/v2\/posts\/8362","targetHints":{"allow":["GET"]}}],"collection":[{"href":"https:\/\/miradordeatarfe.es\/index.php?rest_route=\/wp\/v2\/posts"}],"about":[{"href":"https:\/\/miradordeatarfe.es\/index.php?rest_route=\/wp\/v2\/types\/post"}],"author":[{"embeddable":true,"href":"https:\/\/miradordeatarfe.es\/index.php?rest_route=\/wp\/v2\/users\/1"}],"replies":[{"embeddable":true,"href":"https:\/\/miradordeatarfe.es\/index.php?rest_route=%2Fwp%2Fv2%2Fcomments&post=8362"}],"version-history":[{"count":5,"href":"https:\/\/miradordeatarfe.es\/index.php?rest_route=\/wp\/v2\/posts\/8362\/revisions"}],"predecessor-version":[{"id":8406,"href":"https:\/\/miradordeatarfe.es\/index.php?rest_route=\/wp\/v2\/posts\/8362\/revisions\/8406"}],"wp:featuredmedia":[{"embeddable":true,"href":"https:\/\/miradordeatarfe.es\/index.php?rest_route=\/wp\/v2\/media\/8363"}],"wp:attachment":[{"href":"https:\/\/miradordeatarfe.es\/index.php?rest_route=%2Fwp%2Fv2%2Fmedia&parent=8362"}],"wp:term":[{"taxonomy":"category","embeddable":true,"href":"https:\/\/miradordeatarfe.es\/index.php?rest_route=%2Fwp%2Fv2%2Fcategories&post=8362"},{"taxonomy":"post_tag","embeddable":true,"href":"https:\/\/miradordeatarfe.es\/index.php?rest_route=%2Fwp%2Fv2%2Ftags&post=8362"}],"curies":[{"name":"wp","href":"https:\/\/api.w.org\/{rel}","templated":true}]}}