{"id":83620,"date":"2026-04-30T11:00:29","date_gmt":"2026-04-30T09:00:29","guid":{"rendered":"https:\/\/miradordeatarfe.es\/?p=83620"},"modified":"2026-04-29T16:55:22","modified_gmt":"2026-04-29T14:55:22","slug":"los-versos-de-la-igualdad-por-juan-de-dios-villanueva-roa","status":"publish","type":"post","link":"https:\/\/miradordeatarfe.es\/?p=83620","title":{"rendered":"\u00abLos versos de la igualdad\u00bb por Juan de Dios Villanueva Roa"},"content":{"rendered":"<p style=\"text-align: justify;\">Siempre cre\u00ed prioritario para cualquier sociedad que quienes la habitasen fueran felices, que cada cual pudiese desarrollar al m\u00e1ximo sus potencialidades, que aportase lo que pudiese y que todos tuvieran las mismas oportunidades.<\/p>\n<p style=\"text-align: justify;\">Y quienes encontraran en su haber alguna discapacidad, la sociedad la minimizara ayudando a potenciar las capacidades que tuviese. Pero en estos d\u00edas leo que hay quien cree que pertenecer a una sociedad y disfrutar de sus derechos (las obligaciones parecen ser de otros) depende de haber visto sus primeras luces en Espa\u00f1a, quien se adue\u00f1a de esta patria haci\u00e9ndola suya y universalizando sus ideas.<\/p>\n<p style=\"text-align: justify;\">Todos, creen, debemos pensar lo mismo que \u00e9l, y si no has nacido aqu\u00ed (como si se tratase de una decisi\u00f3n personal igual que llevarse dinero a Andorra o vivir del cuento y predicar con palabros) debes irte o ponerte en una cola en la que todos los nacidos en esta patria est\u00e1n delante. No importa la historia (habr\u00eda que estudiar m\u00e1s sobre nuestros or\u00edgenes) ni nosotros como emigrantes, ni el trabajo que est\u00e1n haciendo por esta, nuestra patri\u00f3tica sociedad, por nuestros mayores, campos, construcciones; sobre la econom\u00eda de esos que se consideran m\u00e1s porque usan una pulserita o han nacido en el \u00faltimo cortijo, barrio o Puerta Real.<\/p>\n<p style=\"text-align: justify;\">Piensan que eso otorga todos los derechos frente a quienes cuidan a sus padres, cultivan los alimentos que comen o construyen edificios en los que habitan. M\u00e1s espa\u00f1oles porque se apellidan P\u00e9rez o Garc\u00eda o Fonseca de los Neveros y Castro de Peloponeso. El d\u00eda en el que aquellos est\u00e9n dirigiendo empresas, pasando consultas o ense\u00f1ando en las universidades como algo normalizado esta patria ser\u00e1 real; mientras, solo es una ficci\u00f3n en la que unos cuantos se piensan superiores porque tienen algo que han heredado sin m\u00e1s. La ignorancia no entiende de versos.<\/p>\n<p>FOTO:peri\u00f3dico ABC BLOGS<\/p>\n<p>&nbsp;<\/p>\n","protected":false},"excerpt":{"rendered":"<p>Siempre cre\u00ed prioritario para cualquier sociedad que quienes la habitasen fueran felices, que cada cual&#8230;<\/p>\n","protected":false},"author":1,"featured_media":83621,"comment_status":"closed","ping_status":"closed","sticky":false,"template":"","format":"standard","meta":{"_coblocks_attr":"","_coblocks_dimensions":"","_coblocks_responsive_height":"","_coblocks_accordion_ie_support":"","jetpack_post_was_ever_published":false,"_jetpack_newsletter_access":"","_jetpack_dont_email_post_to_subs":false,"_jetpack_newsletter_tier_id":0,"_jetpack_memberships_contains_paywalled_content":false,"_jetpack_memberships_contains_paid_content":false,"footnotes":"","jetpack_publicize_message":"","jetpack_publicize_feature_enabled":true,"jetpack_social_post_already_shared":true,"jetpack_social_options":{"image_generator_settings":{"template":"highway","default_image_id":0,"enabled":false},"version":2}},"categories":[1161,10820,44,7671],"tags":[],"class_list":["post-83620","post","type-post","status-publish","format-standard","has-post-thumbnail","hentry","category-ciudadania","category-emigracion","category-noticias-de-hoy","category-politica"],"jetpack_publicize_connections":[],"jetpack_featured_media_url":"https:\/\/i0.wp.com\/miradordeatarfe.es\/wp-content\/uploads\/2026\/04\/pn-pn-pn-620x1077-1.webp?fit=1200%2C2084&ssl=1","jetpack_likes_enabled":true,"jetpack_sharing_enabled":true,"_links":{"self":[{"href":"https:\/\/miradordeatarfe.es\/index.php?rest_route=\/wp\/v2\/posts\/83620","targetHints":{"allow":["GET"]}}],"collection":[{"href":"https:\/\/miradordeatarfe.es\/index.php?rest_route=\/wp\/v2\/posts"}],"about":[{"href":"https:\/\/miradordeatarfe.es\/index.php?rest_route=\/wp\/v2\/types\/post"}],"author":[{"embeddable":true,"href":"https:\/\/miradordeatarfe.es\/index.php?rest_route=\/wp\/v2\/users\/1"}],"replies":[{"embeddable":true,"href":"https:\/\/miradordeatarfe.es\/index.php?rest_route=%2Fwp%2Fv2%2Fcomments&post=83620"}],"version-history":[{"count":1,"href":"https:\/\/miradordeatarfe.es\/index.php?rest_route=\/wp\/v2\/posts\/83620\/revisions"}],"predecessor-version":[{"id":83622,"href":"https:\/\/miradordeatarfe.es\/index.php?rest_route=\/wp\/v2\/posts\/83620\/revisions\/83622"}],"wp:featuredmedia":[{"embeddable":true,"href":"https:\/\/miradordeatarfe.es\/index.php?rest_route=\/wp\/v2\/media\/83621"}],"wp:attachment":[{"href":"https:\/\/miradordeatarfe.es\/index.php?rest_route=%2Fwp%2Fv2%2Fmedia&parent=83620"}],"wp:term":[{"taxonomy":"category","embeddable":true,"href":"https:\/\/miradordeatarfe.es\/index.php?rest_route=%2Fwp%2Fv2%2Fcategories&post=83620"},{"taxonomy":"post_tag","embeddable":true,"href":"https:\/\/miradordeatarfe.es\/index.php?rest_route=%2Fwp%2Fv2%2Ftags&post=83620"}],"curies":[{"name":"wp","href":"https:\/\/api.w.org\/{rel}","templated":true}]}}