{"id":83623,"date":"2026-04-30T10:11:53","date_gmt":"2026-04-30T08:11:53","guid":{"rendered":"https:\/\/miradordeatarfe.es\/?p=83623"},"modified":"2026-04-29T17:13:05","modified_gmt":"2026-04-29T15:13:05","slug":"primero-de-mayo-en-granada-derechos-no-trincheras-salarios-vivienda-y-democracia","status":"publish","type":"post","link":"https:\/\/miradordeatarfe.es\/?p=83623","title":{"rendered":"Primero de Mayo en Granada &#8216;Derechos, no Trincheras. Salarios, Vivienda y Democracia&#8217;."},"content":{"rendered":"<div id=\"content\" class=\"fw\">\n<div class=\"w66 pr7 left col1\">\n<article class=\"fw main hentry post-314102 noticias type-noticias status-publish has-post-thumbnail hentry secciones-la-capital etiquetas-1o-de-mayo etiquetas-ccoo etiquetas-dia-del-trabajador etiquetas-manifestacion-1-de-mayo etiquetas-ugt-granada\">\n<section class=\"fw\">\n<h2>Las manifestaciones del <strong>1 de Mayo<\/strong>, D\u00eda Internacional del Trabajo,\u00a0 se celebrar\u00e1n\u00a0 en Motril y en <strong>Granada desde el Triunfo <\/strong>a partir de las <strong>12.00 horas<\/strong><\/h2>\n<h3>\u00a0<strong>El lema de las manifestaciones de este d\u00eda de los Trabajadores\u00a0 es &#8216;Derechos, no Trincheras. Salarios, Vivienda y Democracia&#8217;\u00a0<\/strong><\/h3>\n<h3 class=\"intro\" style=\"text-align: justify;\">CCOO y UGT hacen un llamamiento a convertir la jornada en \u00abuna reivindicaci\u00f3n global por la paz, el progreso social y un reparto m\u00e1s justo de la riqueza acumulada\u00bb<\/h3>\n<p style=\"text-align: justify;\">El secretario general de UGT, Luis Miguel Guti\u00e9rrez, ha destacado que el actual contexto social, econ\u00f3mico y pol\u00edtico exige \u00abuna defensa firme\u00bb de los derechos sociales, los servicios p\u00fablicos y \u00abun rechazo absoluto a la guerra\u00bb.<\/p>\n<p style=\"text-align: justify;\">As\u00ed, ha advertido de que el auge de la extrema derecha representa \u00abuna amenaza directa\u00bb para el movimiento sindical y las conquistas b\u00e1sicas de los trabajadores, por lo que ha hecho un llamamiento a convertir la jornada en \u00abuna reivindicaci\u00f3n global por la paz, el progreso social y un reparto m\u00e1s justo de la riqueza acumulada\u00bb.<\/p>\n<p style=\"text-align: justify;\">En el \u00e1mbito laboral, el l\u00edder sindical ha denunciado problemas estructurales como \u00abla alta siniestralidad, el exceso de horas extraordinarias y la necesidad de encarecer el despido siguiendo las directrices europeas\u00bb. Asimismo, el representante de UGT ha vinculado la p\u00e9rdida de poder adquisitivo de las familias al deterioro del estado de bienestar, se\u00f1alando que el elevado coste de la vivienda y las carencias en la sanidad p\u00fablica obligan a los ciudadanos a destinar \u00abuna parte injusta de sus salarios a servicios b\u00e1sicos que deber\u00edan estar garantizados\u00bb.<\/p>\n<p style=\"text-align: justify;\">Guti\u00e9rrez ha instado a la patronal granadina a mantener la negociaci\u00f3n colectiva \u00abcon subidas salariales suficientes y con cl\u00e1usulas de garant\u00eda salarial, para que el crecimiento se refleje de manera directa en las n\u00f3minas de los granadinos\u00bb.<\/p>\n<p style=\"text-align: justify;\">Por su parte, el secretario general de CCOO Granada, Daniel Mesa, ha explicado que este 1\u00ba de Mayo llama a la participaci\u00f3n para exigir pol\u00edticas que refuercen los salarios y el empleo de calidad, el acceso a la vivienda, la protecci\u00f3n social y la democracia.<\/p>\n<p style=\"text-align: justify;\">En este sentido, ha insistido Mesa, el crecimiento econ\u00f3mico tiene que traducirse en \u00abmejoras para la clase trabajadora\u00bb. \u00abEl reto debe seguir siendo el de ahondar en el sistema de reparto en los diez convenios colectivos de gran calado que afronta el sindicato y que incluyen a 80.000 personas trabajadoras de nuestra provincia\u00bb, ha asegurado.<\/p>\n<p style=\"text-align: justify;\">Tambi\u00e9n se ha referido el secretario provincial de CCOO al encarecimiento del precio de la vivienda, \u201ceste 1\u00ba de mayo debe convertirse en un clamor para que nadie tenga que destinar m\u00e1s del 30% de su salario al pago de una hipoteca o de un alquiler\u201d. Para ello, han registrado una Iniciativa Legislativa Popular, porque \u00absin una vivienda digna no hay proyecto de visa posible\u00bb.<\/p>\n<p style=\"text-align: justify;\">Por otra parte, ha incidido en que se est\u00e1n haciendo \u00abcientos de horas extraordinarias en nuestra provincia sin un control, y por ello insistimos en la importancia de la correcta aplicaci\u00f3n del control horario en las empresas\u00bb.<\/p>\n<h3 class=\"entry-title\"><span class=\"section-name\"><span class=\"autor\"> Redacci\u00f3n aG <\/span><\/span><\/h3>\n<p>FOTO: Foto: UGT Granada<\/p>\n<blockquote class=\"wp-embedded-content\" data-secret=\"HfwgHrQzwh\"><p><a href=\"https:\/\/www.ahoragranada.com\/noticias\/primero-de-mayo-en-granada-para-reivindicar-los-derechos-sociales-subida-de-salarios-y-acceso-a-la-vivienda\/\">Primero de Mayo en Granada para reivindicar derechos sociales, subida de salarios y acceso a la vivienda<\/a><\/p><\/blockquote>\n<p><iframe loading=\"lazy\" class=\"wp-embedded-content\" sandbox=\"allow-scripts\" security=\"restricted\" style=\"position: absolute; visibility: hidden;\" title=\"\u00abPrimero de Mayo en Granada para reivindicar derechos sociales, subida de salarios y acceso a la vivienda\u00bb \u2014 Ahora Granada\" src=\"https:\/\/www.ahoragranada.com\/noticias\/primero-de-mayo-en-granada-para-reivindicar-los-derechos-sociales-subida-de-salarios-y-acceso-a-la-vivienda\/embed\/#?secret=gSdcKuuEwm#?secret=HfwgHrQzwh\" data-secret=\"HfwgHrQzwh\" width=\"600\" height=\"338\" frameborder=\"0\" marginwidth=\"0\" marginheight=\"0\" scrolling=\"no\"><\/iframe><\/p>\n<\/section>\n<\/article>\n<\/div>\n<\/div>\n","protected":false},"excerpt":{"rendered":"<p>Las manifestaciones del 1 de Mayo, D\u00eda Internacional del Trabajo,\u00a0 se celebrar\u00e1n\u00a0 en Motril y&#8230;<\/p>\n","protected":false},"author":1,"featured_media":83624,"comment_status":"closed","ping_status":"closed","sticky":false,"template":"","format":"standard","meta":{"_coblocks_attr":"","_coblocks_dimensions":"","_coblocks_responsive_height":"","_coblocks_accordion_ie_support":"","jetpack_post_was_ever_published":false,"_jetpack_newsletter_access":"","_jetpack_dont_email_post_to_subs":false,"_jetpack_newsletter_tier_id":0,"_jetpack_memberships_contains_paywalled_content":false,"_jetpack_memberships_contains_paid_content":false,"footnotes":"","jetpack_publicize_message":"","jetpack_publicize_feature_enabled":true,"jetpack_social_post_already_shared":true,"jetpack_social_options":{"image_generator_settings":{"template":"highway","default_image_id":0,"enabled":false},"version":2}},"categories":[1161,10781,44,7671],"tags":[],"class_list":["post-83623","post","type-post","status-publish","format-standard","has-post-thumbnail","hentry","category-ciudadania","category-granada","category-noticias-de-hoy","category-politica"],"jetpack_publicize_connections":[],"jetpack_featured_media_url":"https:\/\/i0.wp.com\/miradordeatarfe.es\/wp-content\/uploads\/2026\/04\/WhatsApp-Image-2026-04-20-at-11.34.28-1.jpeg?fit=1008%2C1344&ssl=1","jetpack_likes_enabled":true,"jetpack_sharing_enabled":true,"_links":{"self":[{"href":"https:\/\/miradordeatarfe.es\/index.php?rest_route=\/wp\/v2\/posts\/83623","targetHints":{"allow":["GET"]}}],"collection":[{"href":"https:\/\/miradordeatarfe.es\/index.php?rest_route=\/wp\/v2\/posts"}],"about":[{"href":"https:\/\/miradordeatarfe.es\/index.php?rest_route=\/wp\/v2\/types\/post"}],"author":[{"embeddable":true,"href":"https:\/\/miradordeatarfe.es\/index.php?rest_route=\/wp\/v2\/users\/1"}],"replies":[{"embeddable":true,"href":"https:\/\/miradordeatarfe.es\/index.php?rest_route=%2Fwp%2Fv2%2Fcomments&post=83623"}],"version-history":[{"count":1,"href":"https:\/\/miradordeatarfe.es\/index.php?rest_route=\/wp\/v2\/posts\/83623\/revisions"}],"predecessor-version":[{"id":83625,"href":"https:\/\/miradordeatarfe.es\/index.php?rest_route=\/wp\/v2\/posts\/83623\/revisions\/83625"}],"wp:featuredmedia":[{"embeddable":true,"href":"https:\/\/miradordeatarfe.es\/index.php?rest_route=\/wp\/v2\/media\/83624"}],"wp:attachment":[{"href":"https:\/\/miradordeatarfe.es\/index.php?rest_route=%2Fwp%2Fv2%2Fmedia&parent=83623"}],"wp:term":[{"taxonomy":"category","embeddable":true,"href":"https:\/\/miradordeatarfe.es\/index.php?rest_route=%2Fwp%2Fv2%2Fcategories&post=83623"},{"taxonomy":"post_tag","embeddable":true,"href":"https:\/\/miradordeatarfe.es\/index.php?rest_route=%2Fwp%2Fv2%2Ftags&post=83623"}],"curies":[{"name":"wp","href":"https:\/\/api.w.org\/{rel}","templated":true}]}}