{"id":83637,"date":"2026-04-30T13:42:52","date_gmt":"2026-04-30T11:42:52","guid":{"rendered":"https:\/\/miradordeatarfe.es\/?p=83637"},"modified":"2026-04-30T13:44:20","modified_gmt":"2026-04-30T11:44:20","slug":"transbordo-gratis-en-el-transporte-publico-del-area-metropolitana-a-partir-del-1-de-mayo","status":"publish","type":"post","link":"https:\/\/miradordeatarfe.es\/?p=83637","title":{"rendered":"Transbordo gratis en el transporte p\u00fablico del \u00c1rea Metropolitana A PARTIR DEL 1 DE MAYO"},"content":{"rendered":"<h3 class=\"v-a-s-t\">La Diputaci\u00f3n de Granada destinar\u00e1 m\u00e1s de 653.000 euros para cubrir el coste de los ocho meses en los que estar\u00e1 vigente esta medida en 2026<\/h3>\n<p class=\"v-d-p\">La Diputaci\u00f3n de Granada ha aprobado el convenio de colaboraci\u00f3n con el Consorcio de Transporte Metropolitano y la Consejer\u00eda de Fomento para financiar el coste del transbordo en el transporte p\u00fablico del \u00c1rea Metropolitana.<\/p>\n<p class=\"v-d-p\">La medida, aprobada en Junta de Gobierno Extraordinaria y que <strong>entrar\u00e1 en vigo el 1 de mayo<\/strong>, beneficiar\u00e1 a miles de granadinos, teniendo en cuenta que, seg\u00fan los datos del Consorcio, el pasado a\u00f1o m\u00e1s de dos millones y medio de viajeros tuvieron que realizar transbordos para completar sus desplazamientos.<\/p>\n<p class=\"v-d-p\">El acuerdo tiene como objetivo eliminar el coste adicional en los desplazamientos que implican el uso combinado de distintos modos de transporte \u2014como autob\u00fas metropolitano, metro o autob\u00fas urbano\u2014, favoreciendo as\u00ed la intermodalidad y mejorando la accesibilidad al sistema de transporte p\u00fablico en el \u00c1rea Metropolitana.<\/p>\n<p class=\"v-d-p\">El importe econ\u00f3mico estimado como aportaci\u00f3n de la instituci\u00f3n provincial asciende a 653.172,60 euros para cubrir el coste de los ocho meses en los que estar\u00e1 vigente esta medida en 2026, una cuant\u00eda que se incrementar\u00e1 en 2027 para financiar el ejercicio completo. Esta aportaci\u00f3n se calcular\u00e1 en funci\u00f3n del n\u00famero real de transbordos realizados y bonificados a trav\u00e9s del sistema de billetaje del Consorcio, que ser\u00e1 el encargado de justificar y liquidar peri\u00f3dicamente los datos de uso.<\/p>\n<div class=\"xdj266r x14z9mp xat24cr x1lziwak x1vvkbs x126k92a\">\u00a0<\/div>\n<div class=\"x14z9mp xat24cr x1lziwak x1vvkbs xtlvy1s x126k92a\">\n<div dir=\"auto\">https:\/\/www.ideal.es\/granada\/provincia-granada\/llega-transbordo-gratis-transporte-publico-area-metropolitana-20260430105627-nt.html<\/div>\n<\/div>\n","protected":false},"excerpt":{"rendered":"<p>La Diputaci\u00f3n de Granada destinar\u00e1 m\u00e1s de 653.000 euros para cubrir el coste de los&#8230;<\/p>\n","protected":false},"author":1,"featured_media":83638,"comment_status":"closed","ping_status":"closed","sticky":false,"template":"","format":"standard","meta":{"_coblocks_attr":"","_coblocks_dimensions":"","_coblocks_responsive_height":"","_coblocks_accordion_ie_support":"","jetpack_post_was_ever_published":false,"_jetpack_newsletter_access":"","_jetpack_dont_email_post_to_subs":false,"_jetpack_newsletter_tier_id":0,"_jetpack_memberships_contains_paywalled_content":false,"_jetpack_memberships_contains_paid_content":false,"footnotes":"","jetpack_publicize_message":"","jetpack_publicize_feature_enabled":true,"jetpack_social_post_already_shared":true,"jetpack_social_options":{"image_generator_settings":{"template":"highway","default_image_id":0,"enabled":false},"version":2}},"categories":[2,1161,10781,186,44],"tags":[],"class_list":["post-83637","post","type-post","status-publish","format-standard","has-post-thumbnail","hentry","category-atarfe","category-ciudadania","category-granada","category-instituciones","category-noticias-de-hoy"],"jetpack_publicize_connections":[],"jetpack_featured_media_url":"https:\/\/i0.wp.com\/miradordeatarfe.es\/wp-content\/uploads\/2026\/04\/transbordo-gratis-granada-knqE-U202022126961wjB-1200x840%40Ideal.webp?fit=1200%2C838&ssl=1","jetpack_likes_enabled":true,"jetpack_sharing_enabled":true,"_links":{"self":[{"href":"https:\/\/miradordeatarfe.es\/index.php?rest_route=\/wp\/v2\/posts\/83637","targetHints":{"allow":["GET"]}}],"collection":[{"href":"https:\/\/miradordeatarfe.es\/index.php?rest_route=\/wp\/v2\/posts"}],"about":[{"href":"https:\/\/miradordeatarfe.es\/index.php?rest_route=\/wp\/v2\/types\/post"}],"author":[{"embeddable":true,"href":"https:\/\/miradordeatarfe.es\/index.php?rest_route=\/wp\/v2\/users\/1"}],"replies":[{"embeddable":true,"href":"https:\/\/miradordeatarfe.es\/index.php?rest_route=%2Fwp%2Fv2%2Fcomments&post=83637"}],"version-history":[{"count":1,"href":"https:\/\/miradordeatarfe.es\/index.php?rest_route=\/wp\/v2\/posts\/83637\/revisions"}],"predecessor-version":[{"id":83639,"href":"https:\/\/miradordeatarfe.es\/index.php?rest_route=\/wp\/v2\/posts\/83637\/revisions\/83639"}],"wp:featuredmedia":[{"embeddable":true,"href":"https:\/\/miradordeatarfe.es\/index.php?rest_route=\/wp\/v2\/media\/83638"}],"wp:attachment":[{"href":"https:\/\/miradordeatarfe.es\/index.php?rest_route=%2Fwp%2Fv2%2Fmedia&parent=83637"}],"wp:term":[{"taxonomy":"category","embeddable":true,"href":"https:\/\/miradordeatarfe.es\/index.php?rest_route=%2Fwp%2Fv2%2Fcategories&post=83637"},{"taxonomy":"post_tag","embeddable":true,"href":"https:\/\/miradordeatarfe.es\/index.php?rest_route=%2Fwp%2Fv2%2Ftags&post=83637"}],"curies":[{"name":"wp","href":"https:\/\/api.w.org\/{rel}","templated":true}]}}