{"id":83640,"date":"2026-05-01T10:32:57","date_gmt":"2026-05-01T08:32:57","guid":{"rendered":"https:\/\/miradordeatarfe.es\/?p=83640"},"modified":"2026-04-30T13:58:30","modified_gmt":"2026-04-30T11:58:30","slug":"las-54-cruces-que-vestiran-granada-el-2-y-3-de-mayo","status":"publish","type":"post","link":"https:\/\/miradordeatarfe.es\/?p=83640","title":{"rendered":"Las 54 cruces que vestir\u00e1n Granada el 2 y 3 de mayo"},"content":{"rendered":"<h2 class=\"v-a-s-t\" style=\"text-align: justify;\">Este es el listado de las diferentes cruces de la capital y su ubicaci\u00f3n<\/h2>\n<p class=\"v-d-p\" style=\"text-align: justify;\">La celebraci\u00f3n de las Cruces llega este fin de semana a Granada los d\u00edas 2 y 3 de mayo. La capital contar\u00e1 con dos jornadas <span class=\"paywall pw-open\">en las que 54 cruces ser\u00e1n las protagonistas, dentro de las diferentes categor\u00edas de calles y plazas; escaparates; <a title=\"hermandades y cofrad\u00edas\" href=\"https:\/\/www.ideal.es\/semanasantagranada\/cruces-cofrades-granada-2026-horarios-ubicaciones-programacion-20260428143143-nt.html\" data-voc-vtm-id=\"in-text-traffic\" data-mrf-link=\"www.ideal.es\">hermandades y cofrad\u00edas<\/a>; y patios. Ser\u00e1n ocho menos que el a\u00f1o pasado, ya que en 2025 hubo 62.<\/span><\/p>\n<div class=\"paywall\">\n<aside class=\"v-c-cmp v-c-cmp--ab-m\">\n<div class=\"v-cmp-prp\">\n<div class=\"v-cnt v-cnt--t3 v-cnt--t3a\">\n<div class=\"v-cnt__c\">\u00a0<\/div>\n<\/div>\n<div class=\"v-prp\">\n<div class=\"v-d v-d--1 v-d--b v-d--ab-c\">\n<p class=\"v-d-p\">Los d\u00edas 2 y 3 de mayo estar\u00e1n llenos de actividades en la capital con motivo de las Cruces. El Ayuntamiento de Granada ha compartido <span class=\"paywall pw-open\">la programaci\u00f3n para esta celebraci\u00f3n, que se iniciar\u00e1 el s\u00e1bado a las 12 horas en el patio del Ayuntamiento con el preg\u00f3n, a cargo de Carlos Mar\u00edn L\u00f3pez, m\u00fasico y comunicador. Seguidamente tendr\u00e1 lugar la entrega de premios del concurso de cruces adornadas 2026. <\/span><\/p>\n<div class=\"paywall\">\n<p class=\"v-d-p\">La Plaza del Carmen y la explanada del Palacio de Congresos ser\u00e1n las zonas que albergar\u00e1n diferentes actuaciones el <strong>s\u00e1bado<\/strong>:<\/p>\n<div class=\"v-c-cmp v-n-mrg\">\n<h3 class=\"v-cmp-suh\">Plaza del Carmen<\/h3>\n<\/div>\n<div class=\"v-c-cmp\">\n<div class=\"v-cmp-u\">\n<ul class=\"v-u v-u--t2\" data-mrf-recirculation=\"\u00daltimas noticias\">\n<li class=\"v-u__l\">\n<div class=\"v-d-p\">13.30 &#8211; 14.30 | Escuela municipal de flamenco &#8216;Reina Sof\u00eda&#8217;<\/div>\n<\/li>\n<li class=\"v-u__l\">\n<div class=\"v-d-p\">14.30 &#8211; 16.00 | M\u00fasica ambiente<\/div>\n<\/li>\n<li class=\"v-u__l\">\n<div class=\"v-d-p\">16.45 &#8211; 17.45 | Grupo Municipal de Bailes Regionales<\/div>\n<\/li>\n<li class=\"v-u__l\">\n<div class=\"v-d-p\">18.00 &#8211; 18.45 | Asociaci\u00f3n de Vecinos Cervantes<\/div>\n<\/li>\n<li class=\"v-u__l\">\n<div class=\"v-d-p\">19.00 &#8211; 19.45 | Escuela Mundial Og\u00edjares<\/div>\n<\/li>\n<li class=\"v-u__l\">\n<div class=\"v-d-p\">20.00 &#8211; 20.45 | Pasi\u00f3n Flamenca<\/div>\n<\/li>\n<li class=\"v-u__l\">\n<div class=\"v-d-p\">21.00 &#8211; 21.45 | Academia de baile Adri\u00e1n y Cristina<\/div>\n<\/li>\n<li class=\"v-u__l\">\n<div class=\"v-d-p\">22.00 &#8211; 22.45 | Grupo de baile de M\u00f3nica Mingorance<\/div>\n<\/li>\n<\/ul>\n<\/div>\n<\/div>\n<div class=\"v-c-cmp v-n-mrg\">\n<h3 class=\"v-cmp-suh\">Explanada del Palacio de Congresos<\/h3>\n<\/div>\n<div class=\"v-c-cmp\">\n<div class=\"v-cmp-u\">\n<ul class=\"v-u v-u--t2\" data-mrf-recirculation=\"\u00daltimas noticias\">\n<li class=\"v-u__l\">\n<div class=\"v-d-p\">19.00 | <strong>Gala del D\u00eda de la Cruz en Granada. Radiol\u00e9<\/strong> . Actuaciones continuas de grupos por sevillanas: Con Manguara, Brisa de la Puebla, Media Luna, Iv\u00e1n Gallego, Manuel Orta, Los Sure\u00f1os, Cantares de Huelva, Mar\u00eda M\u00e1rquez, Los del Guadalquivir, Domingo Manguara y Alicia Fern\u00e1ndez.<\/div>\n<\/li>\n<\/ul>\n<\/div>\n<\/div>\n<p class=\"v-d-p\">El <strong>domingo<\/strong>, las actividades programadas comenzar\u00e1n a las 13 horas en la Plaza del Carmen \u2013donde se concentrar\u00e1n durante la jornada\u2013 y finalizar\u00e1n en la Plaza de las Pasiegas con un concierto de la Banda Municipal de M\u00fasica que tendr\u00e1 lugar a las 19 horas.<\/p>\n<div class=\"v-c-cmp\">\n<div class=\"v-cmp-u\">\n<ul class=\"v-u v-u--t2\" data-mrf-recirculation=\"\u00daltimas noticias\">\n<li class=\"v-u__l\">\n<div class=\"v-d-p\">13.00 &#8211; 13.45 | El Jaleo, Caser\u00eda de Montijo<\/div>\n<\/li>\n<li class=\"v-u__l\">\n<div class=\"v-d-p\">14.30 &#8211; 15.00 | M\u00fasica ambiente<\/div>\n<\/li>\n<li class=\"v-u__l\">\n<div class=\"v-d-p\">15.30 &#8211; 16.30 | Coro Abriendo Camino<\/div>\n<\/li>\n<li class=\"v-u__l\">\n<div class=\"v-d-p\">16.45 &#8211; 17.45 | Asociaci\u00f3n de Vecinos Zaid\u00edn-Vergeles<\/div>\n<\/li>\n<li class=\"v-u__l\">\n<div class=\"v-d-p\">17.50 &#8211; 18.25 | Asociaci\u00f3n de Vecinos Realejo-San Mat\u00edas<\/div>\n<\/li>\n<li class=\"v-u__l\">\n<div class=\"v-d-p\">18.30 &#8211; 19.00 | Pasi\u00f3n Flamenca. Asociaci\u00f3n Lancha del Genil<\/div>\n<\/li>\n<li class=\"v-u__l\">\n<div class=\"v-d-p\">19.05 &#8211; 19.45 | Coro Duende<\/div>\n<\/li>\n<li class=\"v-u__l\">\n<div class=\"v-d-p\">20.00 &#8211; 20.45 | Escuela Flamenco Fanitas<\/div>\n<\/li>\n<li class=\"v-u__l\">\n<div class=\"v-d-p\">21.00 &#8211; 21.45 | Asociaci\u00f3n de Vecinos Zaid\u00edn-Vergeles<\/div>\n<\/li>\n<li class=\"v-u__l\">\n<div class=\"v-d-p\">22.00 &#8211; 22.45 | Coro rociero<\/div>\n<\/li>\n<\/ul>\n<\/div>\n<\/div>\n<\/div>\n<\/div>\n<\/div>\n<\/div>\n<\/aside>\n<h3 class=\"v-d-p\" style=\"text-align: justify;\">Este es el listado de las diferentes cruces de Granada y su ubicaci\u00f3n. Algunas de ellas dispondr\u00e1n de barra y tendr\u00e1n actuaciones en directo.<\/h3>\n<div class=\"v-c-cmp v-n-mrg\" style=\"text-align: justify;\">\n<h3 class=\"v-cmp-suh\">Calles y plazas<\/h3>\n<\/div>\n<div class=\"v-c-cmp\">\n<div class=\"v-cmp-u\">\n<ul class=\"v-u v-u--t2\" data-mrf-recirculation=\"\u00daltimas noticias\">\n<li class=\"v-u__l\" style=\"text-align: justify;\">\n<div class=\"v-d-p\"><strong>Entrera\u00edces<\/strong> | Plaza del Realejo<\/div>\n<\/li>\n<li class=\"v-u__l\">\n<div class=\"v-d-p\" style=\"text-align: justify;\"><strong>Hermandad de la Aurora<\/strong> | Paseo de los Tristes<\/div>\n<\/li>\n<li class=\"v-u__l\">\n<div class=\"v-d-p\"><strong>AAVV. Barrio de la Cruz<\/strong> | Avda. Luis Miranda D\u00e1valos<\/div>\n<\/li>\n<li class=\"v-u__l\">\n<div class=\"v-d-p\"><strong>VG Caf\u00e9<\/strong> | C\/ Mar\u00eda Angustias Gim\u00e9nez<\/div>\n<\/li>\n<\/ul>\n<\/div>\n<\/div>\n<div class=\"v-c-cmp v-n-mrg\">\n<h3 class=\"v-cmp-suh\">Escaparates<\/h3>\n<\/div>\n<div class=\"v-c-cmp\">\n<div class=\"v-cmp-u\">\n<ul class=\"v-u v-u--t2\" data-mrf-recirculation=\"\u00daltimas noticias\">\n<li class=\"v-u__l\">\n<div class=\"v-d-p\"><strong>Fotocopias Genil<\/strong> | C\/ Agustina de Arag\u00f3n, 9<\/div>\n<\/li>\n<li class=\"v-u__l\">\n<div class=\"v-d-p\"><strong>Yedra Arquitectura<\/strong> | C\/ Agua del Albaic\u00edn, local 6<\/div>\n<\/li>\n<li class=\"v-u__l\">\n<div class=\"v-d-p\"><strong>Florister\u00eda Nen\u00fafar<\/strong> | Plaza del Triunfo, 12<\/div>\n<\/li>\n<li class=\"v-u__l\">\n<div class=\"v-d-p\"><strong>Boutique Hotel Luna Triunfo<\/strong> | Plaza del Triunfo, 19<\/div>\n<\/li>\n<li class=\"v-u__l\">\n<div class=\"v-d-p\"><strong>Mercer\u00eda Viuda de S\u00e1ez<\/strong> | C\/ San Ant\u00f3n, 33<\/div>\n<\/li>\n<li class=\"v-u__l\">\n<div class=\"v-d-p\"><strong>Caf\u00e9 Teatro La Far\u00e1ndula<\/strong> | C\/ Duquesa, 11<\/div>\n<\/li>\n<li class=\"v-u__l\">\n<div class=\"v-d-p\"><strong>Florister\u00eda Siela Plant-Art<\/strong> | C\/ Agua del Albaic\u00edn, 14<\/div>\n<\/li>\n<li class=\"v-u__l\">\n<div class=\"v-d-p\"><strong>Bodega El Cordob\u00e9s<\/strong> | Plaza Mar\u00eda Angustias Gim\u00e9nez<\/div>\n<\/li>\n<li class=\"v-u__l\">\n<div class=\"v-d-p\"><strong>Joyer\u00eda Merkaba<\/strong> | C\/ Agua del Albaic\u00edn, 7<\/div>\n<\/li>\n<\/ul>\n<\/div>\n<\/div>\n<div class=\"v-c-cmp v-n-mrg\">\n<h3 class=\"v-cmp-suh\">Escolares<\/h3>\n<\/div>\n<div class=\"v-c-cmp\">\n<div class=\"v-cmp-u\">\n<ul class=\"v-u v-u--t2\" data-mrf-recirculation=\"\u00daltimas noticias\">\n<li class=\"v-u__l\">\n<div class=\"v-d-p\"><strong>Cristo de la Yedra<\/strong> | Paseo de Cartuja, 2<\/div>\n<\/li>\n<li class=\"v-u__l\">\n<div class=\"v-d-p\"><strong>Santo Tom\u00e1s de Villanueva<\/strong> | C\/ Sto. Tom\u00e1s de Villanueva, 17<\/div>\n<\/li>\n<li class=\"v-u__l\">\n<div class=\"v-d-p\"><strong>Sagrado Coraz\u00f3n<\/strong> | Paseo de los Basilios, 3<\/div>\n<\/li>\n<li class=\"v-u__l\">\n<div class=\"v-d-p\"><strong>Ave Mar\u00eda San Isidro<\/strong> | C\/ Concepci\u00f3n Arenal, 20<\/div>\n<\/li>\n<li class=\"v-u__l\">\n<div class=\"v-d-p\"><strong>Amigos de una escuela mejor<\/strong> | Plaza San Nicol\u00e1s, S\/N<\/div>\n<\/li>\n<li class=\"v-u__l\">\n<div class=\"v-d-p\"><strong>Regina Mundi<\/strong> | C\/ Arabial, 63<\/div>\n<\/li>\n<li class=\"v-u__l\">\n<div class=\"v-d-p\"><strong>Sagrada Familia<\/strong> | C\/ Sta. B\u00e1rbara, 14<\/div>\n<\/li>\n<li class=\"v-u__l\">\n<div class=\"v-d-p\"><strong>Scout 524 Albaic\u00edn<\/strong> | C\/ San Gregorio Alto, 5<\/div>\n<\/li>\n<li class=\"v-u__l\">\n<div class=\"v-d-p\"><strong>Scout 40 Domingo Savio<\/strong> | C\/ Almu\u00f1\u00e9car, 9<\/div>\n<\/li>\n<li class=\"v-u__l\">\n<div class=\"v-d-p\"><strong>Ave Mar\u00eda La Quinta<\/strong> | Avda. de Cervantes, 4<\/div>\n<\/li>\n<li class=\"v-u__l\">\n<div class=\"v-d-p\"><strong>Virgen de Gracia<\/strong> | C\/ M\u00fasico Zarzo, 2<\/div>\n<\/li>\n<\/ul>\n<\/div>\n<\/div>\n<div class=\"v-c-cmp v-n-mrg\">\n<h3 class=\"v-cmp-suh\">Hermandades y cofrad\u00edas<\/h3>\n<\/div>\n<div class=\"v-c-cmp\">\n<div class=\"v-cmp-u\">\n<ul class=\"v-u v-u--t2\" data-mrf-recirculation=\"\u00daltimas noticias\">\n<li class=\"v-u__l\">\n<div class=\"v-d-p\"><strong>Sentencia<\/strong> | C\/ Vistillas de los \u00c1ngeles, 1 (Colegio Sto. Domingo)<\/div>\n<\/li>\n<li class=\"v-u__l\">\n<div class=\"v-d-p\"><strong>El Huerto<\/strong> | C\/ Santiago, 20 (Patio Comendadoras de Santiago)<\/div>\n<\/li>\n<li class=\"v-u__l\">\n<div class=\"v-d-p\"><strong>Estudiantes<\/strong> | C\/ Agustina de Arag\u00f3n, 2 (Colegio Tierno Galv\u00e1n)<\/div>\n<\/li>\n<li class=\"v-u__l\">\n<div class=\"v-d-p\"><strong>Los Gitanos<\/strong> | Abad\u00eda del Sacromonte (Cofrad\u00eda de los Gitanos)<\/div>\n<\/li>\n<li class=\"v-u__l\">\n<div class=\"v-d-p\"><strong>Escolapios<\/strong> | Paseo de los Basilios, 2 (Colegio Escolapios)<\/div>\n<\/li>\n<li class=\"v-u__l\">\n<div class=\"v-d-p\"><strong>Paciencia y Penas<\/strong> | C\/ San Jer\u00f3nimo, 31 (Colegio Mayor San Bartolom\u00e9)<\/div>\n<\/li>\n<li class=\"v-u__l\">\n<div class=\"v-d-p\"><strong>Rosario<\/strong> | C\/ Cobertizo de Sto. Domingo (Camar\u00edn Virgen del Rosario)<\/div>\n<\/li>\n<li class=\"v-u__l\">\n<div class=\"v-d-p\"><strong>V\u00eda Crucis<\/strong> | C\/ Cuesta del Chapiz, 3 (Ave Mar\u00eda Casa Madre)<\/div>\n<\/li>\n<li class=\"v-u__l\">\n<div class=\"v-d-p\"><strong>Ferroviarios<\/strong> | Avda. Fuerzas Armadas (Colegio Compa\u00f1\u00eda de Mar\u00eda)<\/div>\n<\/li>\n<li class=\"v-u__l\">\n<div class=\"v-d-p\"><strong>Rescate<\/strong> | C\/ Obispo Hurtado, 6 (Centro Infantil Nazaret)<\/div>\n<\/li>\n<li class=\"v-u__l\">\n<div class=\"v-d-p\"><strong>Tres Ca\u00eddas<\/strong> | C\/ Santiago, 36 (Colegio Virgen del Rosario)<\/div>\n<\/li>\n<li class=\"v-u__l\">\n<div class=\"v-d-p\"><strong>Estrella<\/strong> | Carretera de Murcia, 51 (Escuela Ave Mar\u00eda San Crist\u00f3bal)<\/div>\n<\/li>\n<li class=\"v-u__l\">\n<div class=\"v-d-p\"><strong>Santa Cena<\/strong> | Plaza Girones (Colegio Ntra. Sra. de las Mercedes)<\/div>\n<\/li>\n<li class=\"v-u__l\">\n<div class=\"v-d-p\"><strong>Salesianos<\/strong> | Zona Palacio Deportes<\/div>\n<\/li>\n<li class=\"v-u__l\">\n<div class=\"v-d-p\"><strong>Santo Sepulcro<\/strong> | C\/ Mart\u00ednez de la Rosa, 5 (Colegio La Asunci\u00f3n)<\/div>\n<\/li>\n<li class=\"v-u__l\">\n<div class=\"v-d-p\"><strong>Soledad<\/strong> | Plaza Soledad de San Jer\u00f3nimo<\/div>\n<\/li>\n<li class=\"v-u__l\">\n<div class=\"v-d-p\"><strong>San Agust\u00edn<\/strong> | C\/ San Ant\u00f3n, 40 (Casa Hermandad San Agust\u00edn)<\/div>\n<\/li>\n<li class=\"v-u__l\">\n<div class=\"v-d-p\"><strong>Trabajo<\/strong> | Avda. de D\u00edlar, s\/n (CEIP Parque de las Infantas)<\/div>\n<\/li>\n<\/ul>\n<\/div>\n<\/div>\n<div class=\"v-c-cmp v-n-mrg\">\n<h3 class=\"v-cmp-suh\">Patios<\/h3>\n<\/div>\n<div class=\"v-c-cmp\">\n<div class=\"v-cmp-u\">\n<ul class=\"v-u v-u--t2\" data-mrf-recirculation=\"\u00daltimas noticias\">\n<li class=\"v-u__l\">\n<div class=\"v-d-p\"><strong>AAVV. Comerciantes y Hosteleros Chana<\/strong> | C\/ Medina Olmos, 9 (Colegio Sta. Micaela)<\/div>\n<\/li>\n<li class=\"v-u__l\">\n<div class=\"v-d-p\"><strong>AAVV. F\u00edagares &#8211; R\u00edo &#8211; Tener\u00edas<\/strong> | C\/ Marqu\u00e9s de Mond\u00e9jar, 3 (Sede)<\/div>\n<\/li>\n<li class=\"v-u__l\">\n<div class=\"v-d-p\"><strong>Biblioteca del Paciente<\/strong> | Avda. Fuerzas Armadas<\/div>\n<\/li>\n<li class=\"v-u__l\">\n<div class=\"v-d-p\"><strong>Asociaci\u00f3n Arsconditus<\/strong> | Carrera del Darro, 45 (Capilla)<\/div>\n<\/li>\n<li class=\"v-u__l\">\n<div class=\"v-d-p\"><strong>Asociaci\u00f3n Granada Art\u00edstica<\/strong> | C\/ Zafra, 10 (Patio de la casa Ajsaris)<\/div>\n<\/li>\n<li class=\"v-u__l\">\n<div class=\"v-d-p\"><strong>Asociaci\u00f3n Colegio Mayor Universitario Isabel la Cat\u00f3lica<\/strong> | C\/ Rector L\u00f3pez Arg\u00fceta, 8<\/div>\n<\/li>\n<li class=\"v-u__l\">\n<div class=\"v-d-p\"><strong>Centro de Participaci\u00f3n Activa de Mayores Joaquina Eguaras<\/strong> | C\/ Joaquina Eguaras (Sede)<\/div>\n<\/li>\n<li class=\"v-u__l\">\n<div class=\"v-d-p\"><strong>Amigos de la Caseta Fabiola<\/strong> | C\/ Mart\u00ednez de la Rosa, 5 (Colegio Presentaci\u00f3n)<\/div>\n<\/li>\n<li class=\"v-u__l\">\n<div class=\"v-d-p\"><strong>Fajalauza y Octopus<\/strong> | Carretera de Murcia (F\u00e1brica)<\/div>\n<\/li>\n<li class=\"v-u__l\">\n<div class=\"v-d-p\"><strong>Cruces de Almanj\u00e1yar<\/strong> | Plaza Francisco Javier Simonet (Polideportivo)<\/div>\n<\/li>\n<li class=\"v-u__l\">\n<div class=\"v-d-p\"><strong>Trinidad Ortega<\/strong> | C\/ Bel\u00e9n, 17<\/div>\n<\/li>\n<li class=\"v-u__l\">\n<div class=\"v-d-p\"><strong>Cruz Cervezas Alhambra<\/strong> | Avda. Murcia, 1 (Patio f\u00e1brica)<\/div>\n<\/li>\n<\/ul>\n<\/div>\n<\/div>\n<\/div>\n","protected":false},"excerpt":{"rendered":"<p>Este es el listado de las diferentes cruces de la capital y su ubicaci\u00f3n La&#8230;<\/p>\n","protected":false},"author":1,"featured_media":83641,"comment_status":"closed","ping_status":"closed","sticky":false,"template":"","format":"standard","meta":{"_coblocks_attr":"","_coblocks_dimensions":"","_coblocks_responsive_height":"","_coblocks_accordion_ie_support":"","jetpack_post_was_ever_published":false,"_jetpack_newsletter_access":"","_jetpack_dont_email_post_to_subs":false,"_jetpack_newsletter_tier_id":0,"_jetpack_memberships_contains_paywalled_content":false,"_jetpack_memberships_contains_paid_content":false,"footnotes":"","jetpack_publicize_message":"","jetpack_publicize_feature_enabled":true,"jetpack_social_post_already_shared":true,"jetpack_social_options":{"image_generator_settings":{"template":"highway","default_image_id":0,"enabled":false},"version":2}},"categories":[1161,10781,44,6937],"tags":[],"class_list":["post-83640","post","type-post","status-publish","format-standard","has-post-thumbnail","hentry","category-ciudadania","category-granada","category-noticias-de-hoy","category-sociedad"],"jetpack_publicize_connections":[],"jetpack_featured_media_url":"https:\/\/i0.wp.com\/miradordeatarfe.es\/wp-content\/uploads\/2026\/04\/cruz-mayo-k7SD-U201999660913wDG-1200x840%40Ideal.webp?fit=1200%2C840&ssl=1","jetpack_likes_enabled":true,"jetpack_sharing_enabled":true,"_links":{"self":[{"href":"https:\/\/miradordeatarfe.es\/index.php?rest_route=\/wp\/v2\/posts\/83640","targetHints":{"allow":["GET"]}}],"collection":[{"href":"https:\/\/miradordeatarfe.es\/index.php?rest_route=\/wp\/v2\/posts"}],"about":[{"href":"https:\/\/miradordeatarfe.es\/index.php?rest_route=\/wp\/v2\/types\/post"}],"author":[{"embeddable":true,"href":"https:\/\/miradordeatarfe.es\/index.php?rest_route=\/wp\/v2\/users\/1"}],"replies":[{"embeddable":true,"href":"https:\/\/miradordeatarfe.es\/index.php?rest_route=%2Fwp%2Fv2%2Fcomments&post=83640"}],"version-history":[{"count":1,"href":"https:\/\/miradordeatarfe.es\/index.php?rest_route=\/wp\/v2\/posts\/83640\/revisions"}],"predecessor-version":[{"id":83642,"href":"https:\/\/miradordeatarfe.es\/index.php?rest_route=\/wp\/v2\/posts\/83640\/revisions\/83642"}],"wp:featuredmedia":[{"embeddable":true,"href":"https:\/\/miradordeatarfe.es\/index.php?rest_route=\/wp\/v2\/media\/83641"}],"wp:attachment":[{"href":"https:\/\/miradordeatarfe.es\/index.php?rest_route=%2Fwp%2Fv2%2Fmedia&parent=83640"}],"wp:term":[{"taxonomy":"category","embeddable":true,"href":"https:\/\/miradordeatarfe.es\/index.php?rest_route=%2Fwp%2Fv2%2Fcategories&post=83640"},{"taxonomy":"post_tag","embeddable":true,"href":"https:\/\/miradordeatarfe.es\/index.php?rest_route=%2Fwp%2Fv2%2Ftags&post=83640"}],"curies":[{"name":"wp","href":"https:\/\/api.w.org\/{rel}","templated":true}]}}