{"id":83643,"date":"2026-05-02T11:35:05","date_gmt":"2026-05-02T09:35:05","guid":{"rendered":"https:\/\/miradordeatarfe.es\/?p=83643"},"modified":"2026-05-02T10:43:49","modified_gmt":"2026-05-02T08:43:49","slug":"atarfe-cruces-de-mayo","status":"publish","type":"post","link":"https:\/\/miradordeatarfe.es\/?p=83643","title":{"rendered":"ATARFE: Cruces de Mayo"},"content":{"rendered":"<div>\n<h3 style=\"text-align: justify;\">Atarfe se llena de color, tradici\u00f3n y alegr\u00eda en uno de los fines de semana m\u00e1s especiales del a\u00f1o<\/h3>\n<p style=\"text-align: justify;\">Desde el Ayuntamiento os animamos a recorrer nuestras calles y visitar todas las Cruces de Mayo, disfrutando del ambiente, la m\u00fasica y la convivencia que hacen de esta fiesta algo \u00fanico.<\/p>\n<p style=\"text-align: justify;\">Este a\u00f1o, 10 cruces participan en el concurso:<\/p>\n<p style=\"text-align: justify;\"><strong>&#8211;\u00a0APIEMA COM \u2013 C. Escuelas s\/n<\/strong><br \/>\n<strong>&#8211;\u00a0MANOS CON MEMORIA \u2013 C. Collado de las Ventanas, 1<\/strong><br \/>\n<strong>&#8211;\u00a0CRUZ DE GANCHILLO ENTREALAMOS \u2013 Camino de Caparacena s\/n<\/strong><br \/>\n<strong>&#8211;\u00a0CASA DE LA MISERICORDIA SAN GABRIEL \u2013 C. Buenavista, 5 (Sierra Elvira)<\/strong><br \/>\n<strong>&#8211;\u00a0GRUPO SCOUT CAT\u00d3LICO SANTA ANA \u2013 Plaza de la Iglesia<\/strong><br \/>\n<strong>&#8211;\u00a0LAS FLORES DEL JIM\u00c9NEZ RUEDA \u2013 CEIP Dr. Jim\u00e9nez Rueda<\/strong><br \/>\n<strong>&#8211;\u00a0CRUZ EL MOLINO \u2013 Avda. Andaluc\u00eda, 40<\/strong><br \/>\n<strong>&#8211;\u00a0SOY MUJER: LEBRILLO, C\u00c1NTARA E HIELO \u2013 Casino Labradores (Avda. Andaluc\u00eda)<\/strong><br \/>\n<strong>&#8211;\u00a0CRUZ PP \u2013 Parque Salvador Allende<\/strong><br \/>\n<strong>&#8211;\u00a0RINC\u00d3N FLAMENCO \u2013 C. La Vega, 6<\/strong><\/p>\n<p style=\"text-align: justify;\">Adem\u00e1s, contamos con otras cruces que, aunque no participan en concurso, tambi\u00e9n llenan nuestro pueblo de belleza y tradici\u00f3n:<\/p>\n<p style=\"text-align: justify;\"><strong>&#8211;\u00a0Cruz Casa del Pueblo \u2013 Avda. Estaci\u00f3n s\/n<\/strong><br \/>\n<strong>&#8211;\u00a0Cruz Bar Port\u00f3n \u2013 Avda. Andaluc\u00eda<\/strong><br \/>\n<strong>&#8211;\u00a0Cruz Tarambana \u2013 Paseo de Santa Ana<\/strong><\/p>\n<p style=\"text-align: justify;\">Os esperamos para vivir un fin de semana inolvidable, apoyando nuestras tradiciones y compartiendo momentos \u00fanicos en cada rinc\u00f3n de Atarfe.<\/p>\n<p><iframe loading=\"lazy\" title=\"\u2728 CRUCES DE MAYO EN ATARFE \u2728\" width=\"540\" height=\"960\" src=\"https:\/\/www.youtube.com\/embed\/UxS9-tHM9uw?feature=oembed\" frameborder=\"0\" allow=\"accelerometer; autoplay; clipboard-write; encrypted-media; gyroscope; picture-in-picture; web-share\" referrerpolicy=\"strict-origin-when-cross-origin\" allowfullscreen><\/iframe><\/p>\n<\/div>\n<hr class=\"invisible\" \/>\n","protected":false},"excerpt":{"rendered":"<p>Atarfe se llena de color, tradici\u00f3n y alegr\u00eda en uno de los fines de semana&#8230;<\/p>\n","protected":false},"author":1,"featured_media":83646,"comment_status":"closed","ping_status":"closed","sticky":false,"template":"","format":"standard","meta":{"_coblocks_attr":"","_coblocks_dimensions":"","_coblocks_responsive_height":"","_coblocks_accordion_ie_support":"","jetpack_post_was_ever_published":false,"_jetpack_newsletter_access":"","_jetpack_dont_email_post_to_subs":false,"_jetpack_newsletter_tier_id":0,"_jetpack_memberships_contains_paywalled_content":false,"_jetpack_memberships_contains_paid_content":false,"footnotes":"","jetpack_publicize_message":"","jetpack_publicize_feature_enabled":true,"jetpack_social_post_already_shared":true,"jetpack_social_options":{"image_generator_settings":{"template":"highway","default_image_id":0,"enabled":false},"version":2}},"categories":[12,6916,1161,44,6937],"tags":[],"class_list":["post-83643","post","type-post","status-publish","format-standard","has-post-thumbnail","hentry","category-cultura","category-ayuntamiento-de-atarfe","category-ciudadania","category-noticias-de-hoy","category-sociedad"],"jetpack_publicize_connections":[],"jetpack_featured_media_url":"https:\/\/i0.wp.com\/miradordeatarfe.es\/wp-content\/uploads\/2026\/05\/WhatsApp-Image-2026-05-02-at-10.42.19.jpeg?fit=1530%2C2040&ssl=1","jetpack_likes_enabled":true,"jetpack_sharing_enabled":true,"_links":{"self":[{"href":"https:\/\/miradordeatarfe.es\/index.php?rest_route=\/wp\/v2\/posts\/83643","targetHints":{"allow":["GET"]}}],"collection":[{"href":"https:\/\/miradordeatarfe.es\/index.php?rest_route=\/wp\/v2\/posts"}],"about":[{"href":"https:\/\/miradordeatarfe.es\/index.php?rest_route=\/wp\/v2\/types\/post"}],"author":[{"embeddable":true,"href":"https:\/\/miradordeatarfe.es\/index.php?rest_route=\/wp\/v2\/users\/1"}],"replies":[{"embeddable":true,"href":"https:\/\/miradordeatarfe.es\/index.php?rest_route=%2Fwp%2Fv2%2Fcomments&post=83643"}],"version-history":[{"count":3,"href":"https:\/\/miradordeatarfe.es\/index.php?rest_route=\/wp\/v2\/posts\/83643\/revisions"}],"predecessor-version":[{"id":83647,"href":"https:\/\/miradordeatarfe.es\/index.php?rest_route=\/wp\/v2\/posts\/83643\/revisions\/83647"}],"wp:featuredmedia":[{"embeddable":true,"href":"https:\/\/miradordeatarfe.es\/index.php?rest_route=\/wp\/v2\/media\/83646"}],"wp:attachment":[{"href":"https:\/\/miradordeatarfe.es\/index.php?rest_route=%2Fwp%2Fv2%2Fmedia&parent=83643"}],"wp:term":[{"taxonomy":"category","embeddable":true,"href":"https:\/\/miradordeatarfe.es\/index.php?rest_route=%2Fwp%2Fv2%2Fcategories&post=83643"},{"taxonomy":"post_tag","embeddable":true,"href":"https:\/\/miradordeatarfe.es\/index.php?rest_route=%2Fwp%2Fv2%2Ftags&post=83643"}],"curies":[{"name":"wp","href":"https:\/\/api.w.org\/{rel}","templated":true}]}}