{"id":83648,"date":"2026-05-03T11:20:32","date_gmt":"2026-05-03T09:20:32","guid":{"rendered":"https:\/\/miradordeatarfe.es\/?p=83648"},"modified":"2026-05-03T11:40:47","modified_gmt":"2026-05-03T09:40:47","slug":"atarfe-una-exposicion-que-se-ve-se-toca-y-se-siente","status":"publish","type":"post","link":"https:\/\/miradordeatarfe.es\/?p=83648","title":{"rendered":"ATARFE: Una Exposici\u00f3n que se ve&#8230; se toca&#8230; y se siente"},"content":{"rendered":"<h3 class=\"headline-atom B-700-500-100-N B-850-500-150-N--md\" style=\"text-align: justify;\">\u00abJuguetes que cuentan historias\u201d: Atarfe acoge la exposici\u00f3n inclusiva &#8216;Magia de hojalata&#8217; Podr\u00e1 visitarse del 4 al 29 de mayo en el Centro Cultural Medina Elvira<\/h3>\n<p class=\"paragraph-atom B-510-400-550-N B-525-400-700-N--md paragraph_blur_0\" style=\"text-align: justify;\">El pr\u00f3ximo 4 de mayo, el municipio de <a href=\"https:\/\/www.granadahoy.com\/tag\/atarfe\/\" data-mrf-recirculation=\"Enlace\" data-mrf-link=\"https:\/\/www.granadahoy.com\/tag\/atarfe\/\">Atarfe <\/a>acoger\u00e1 la exposici\u00f3n itinerante \u201cMagia de hojalata, juguetes que cuentan historias\u201d , una propuesta cultural que invita a realizar un viaje al pasado a trav\u00e9s de una colecci\u00f3n de juguetes hist\u00f3ricos, dise\u00f1ada desde un enfoque accesible e inclusivo.<\/p>\n<p class=\"paragraph-atom B-510-400-550-N B-525-400-700-N--md\" style=\"text-align: justify;\">La muestra, que podr\u00e1 visitarse en la Sala de Exposiciones del Centro Cultural Medina Elvira hasta el 29 de mayo, re\u00fane 40 juguetes originales de hojalata de principios del siglo XX , acompa\u00f1adas de sus correspondientes r\u00e9plicas t\u00e1ctiles y paneles expositivos<\/p>\n<p class=\"paragraph-atom B-510-400-550-N B-525-400-700-N--md\" style=\"text-align: justify;\">\u00abCada juguete no solo se contempla, sino que permite descubrir historias, contextos y emociones que conectan generaciones\u00bb, han indicado los organizadores en una nota de prensa.<\/p>\n<h2 class=\"heading-atom B-600-500-200-N B-650-500-300-N--md heading\" style=\"text-align: justify;\">Una pieza ic\u00f3nica a tama\u00f1o real<\/h2>\n<p class=\"paragraph-atom B-510-400-550-N B-525-400-700-N--md\" style=\"text-align: justify;\">Como elemento central, la exposici\u00f3n contar\u00e1 con la r\u00e9plica a tama\u00f1o real de un coche de hojalata, una pieza de gran formato que se ha convertido en el emblema de la muestra. Totalmente accesible e interactiva, permitir\u00e1 al p\u00fablico vivir una experiencia inmersiva: subir al veh\u00edculo, interactuar con \u00e9l y comprender su funcionamiento original.<\/p>\n<h2 class=\"heading-atom B-600-500-200-N B-650-500-300-N--md heading\" style=\"text-align: justify;\">Cultura accesible para todos los p\u00fablicos<\/h2>\n<p class=\"paragraph-atom B-510-400-550-N B-525-400-700-N--md\" style=\"text-align: justify;\">\u201cMagia de hojalata\u201d destaca por su firme apuesta por la accesibilidad universal. La exposici\u00f3n incorpora recursos como r\u00e9plicas en 3D para exploraci\u00f3n t\u00e1ctil, contenidos en braille y audiogu\u00edas accesibles mediante c\u00f3digos QR, facilitando as\u00ed una experienci a completa e inclusiva para todas las personas.<\/p>\n<p class=\"paragraph-atom B-510-400-550-N B-525-400-700-N--md\" style=\"text-align: justify;\">El proyecto est\u00e1 impulsado por Tifloactiva Innovaci\u00f3n, empresa granadina especializada en el desarrollo de experiencias culturales accesibles, y cuenta con el apoyo de la Concejal\u00eda de Cultura del Ayuntamiento de Atarfe .<\/p>\n<p class=\"paragraph-atom B-510-400-550-N B-525-400-700-N--md\" style=\"text-align: justify;\">La exposici\u00f3n se instala en el <strong>Centro Cultural Medina Elvira<\/strong>, uno de los espacios culturales m\u00e1s relevantes de la provincia de <strong>Granada<\/strong>, que adem\u00e1s destaca por ser un recinto accesible, \u00abreforzando as\u00ed el compromiso conjunto por acercar la cultura a toda la ciudadan\u00eda\u00bb, ha concluido.<\/p>\n<h3 style=\"text-align: justify;\"><strong>&#8211; Sala de exposiciones \u2013 Centro Cultural Medina Elvira<\/strong><br \/>\n<strong>&#8211; Del 4 al 29 de mayo<\/strong><\/h3>\n<div class=\"author-content\" style=\"text-align: justify;\"><a class=\"author-content-name A-300-700-500-N\" href=\"https:\/\/www.granadahoy.com\/autores\/m-h\/\" data-mrf-link=\"https:\/\/www.granadahoy.com\/autores\/m-h\/\"> Redacci\u00f3n Granada Hoy<\/a><\/div>\n<p style=\"text-align: justify;\"><img data-recalc-dims=\"1\" loading=\"lazy\" decoding=\"async\" class=\"alignnone wp-image-83653 size-full\" src=\"https:\/\/i0.wp.com\/miradordeatarfe.es\/wp-content\/uploads\/2026\/05\/44eea8b5-a5eb-4507-bf61-710da3e790c8_16-9-aspect-ratio_1600w_0.webp?resize=640%2C360&#038;ssl=1\" alt=\"\" width=\"640\" height=\"360\" srcset=\"https:\/\/i0.wp.com\/miradordeatarfe.es\/wp-content\/uploads\/2026\/05\/44eea8b5-a5eb-4507-bf61-710da3e790c8_16-9-aspect-ratio_1600w_0.webp?w=1600&amp;ssl=1 1600w, https:\/\/i0.wp.com\/miradordeatarfe.es\/wp-content\/uploads\/2026\/05\/44eea8b5-a5eb-4507-bf61-710da3e790c8_16-9-aspect-ratio_1600w_0.webp?resize=300%2C169&amp;ssl=1 300w, https:\/\/i0.wp.com\/miradordeatarfe.es\/wp-content\/uploads\/2026\/05\/44eea8b5-a5eb-4507-bf61-710da3e790c8_16-9-aspect-ratio_1600w_0.webp?resize=1024%2C576&amp;ssl=1 1024w, https:\/\/i0.wp.com\/miradordeatarfe.es\/wp-content\/uploads\/2026\/05\/44eea8b5-a5eb-4507-bf61-710da3e790c8_16-9-aspect-ratio_1600w_0.webp?resize=768%2C432&amp;ssl=1 768w, https:\/\/i0.wp.com\/miradordeatarfe.es\/wp-content\/uploads\/2026\/05\/44eea8b5-a5eb-4507-bf61-710da3e790c8_16-9-aspect-ratio_1600w_0.webp?resize=1536%2C864&amp;ssl=1 1536w, https:\/\/i0.wp.com\/miradordeatarfe.es\/wp-content\/uploads\/2026\/05\/44eea8b5-a5eb-4507-bf61-710da3e790c8_16-9-aspect-ratio_1600w_0.webp?resize=1320%2C743&amp;ssl=1 1320w\" sizes=\"auto, (max-width: 640px) 100vw, 640px\" \/><\/p>\n<p style=\"text-align: justify;\">FOTO: <span class=\"text\">Collage de la exposici\u00f3n inclusiva Magia de hojalata<\/span> \/ <span class=\"signature color-neutral900 tt-u\">Magia de hojalata<\/span><\/p>\n","protected":false},"excerpt":{"rendered":"<p>\u00abJuguetes que cuentan historias\u201d: Atarfe acoge la exposici\u00f3n inclusiva &#8216;Magia de hojalata&#8217; Podr\u00e1 visitarse del&#8230;<\/p>\n","protected":false},"author":1,"featured_media":83649,"comment_status":"closed","ping_status":"closed","sticky":false,"template":"","format":"standard","meta":{"_coblocks_attr":"","_coblocks_dimensions":"","_coblocks_responsive_height":"","_coblocks_accordion_ie_support":"","jetpack_post_was_ever_published":false,"_jetpack_newsletter_access":"","_jetpack_dont_email_post_to_subs":false,"_jetpack_newsletter_tier_id":0,"_jetpack_memberships_contains_paywalled_content":false,"_jetpack_memberships_contains_paid_content":false,"footnotes":"","jetpack_publicize_message":"","jetpack_publicize_feature_enabled":true,"jetpack_social_post_already_shared":true,"jetpack_social_options":{"image_generator_settings":{"template":"highway","default_image_id":0,"enabled":false},"version":2}},"categories":[6916,1161,44,6937],"tags":[],"class_list":["post-83648","post","type-post","status-publish","format-standard","has-post-thumbnail","hentry","category-ayuntamiento-de-atarfe","category-ciudadania","category-noticias-de-hoy","category-sociedad"],"jetpack_publicize_connections":[],"jetpack_featured_media_url":"https:\/\/i0.wp.com\/miradordeatarfe.es\/wp-content\/uploads\/2026\/05\/Screenshot-2026-05-02-at-10-51-56-Magia-de-hojalata-es-una-exposicion-de-juguetes-increible-Exposicion-itinerante-magia-de-hojalata.png?fit=552%2C278&ssl=1","jetpack_likes_enabled":true,"jetpack_sharing_enabled":true,"_links":{"self":[{"href":"https:\/\/miradordeatarfe.es\/index.php?rest_route=\/wp\/v2\/posts\/83648","targetHints":{"allow":["GET"]}}],"collection":[{"href":"https:\/\/miradordeatarfe.es\/index.php?rest_route=\/wp\/v2\/posts"}],"about":[{"href":"https:\/\/miradordeatarfe.es\/index.php?rest_route=\/wp\/v2\/types\/post"}],"author":[{"embeddable":true,"href":"https:\/\/miradordeatarfe.es\/index.php?rest_route=\/wp\/v2\/users\/1"}],"replies":[{"embeddable":true,"href":"https:\/\/miradordeatarfe.es\/index.php?rest_route=%2Fwp%2Fv2%2Fcomments&post=83648"}],"version-history":[{"count":4,"href":"https:\/\/miradordeatarfe.es\/index.php?rest_route=\/wp\/v2\/posts\/83648\/revisions"}],"predecessor-version":[{"id":83656,"href":"https:\/\/miradordeatarfe.es\/index.php?rest_route=\/wp\/v2\/posts\/83648\/revisions\/83656"}],"wp:featuredmedia":[{"embeddable":true,"href":"https:\/\/miradordeatarfe.es\/index.php?rest_route=\/wp\/v2\/media\/83649"}],"wp:attachment":[{"href":"https:\/\/miradordeatarfe.es\/index.php?rest_route=%2Fwp%2Fv2%2Fmedia&parent=83648"}],"wp:term":[{"taxonomy":"category","embeddable":true,"href":"https:\/\/miradordeatarfe.es\/index.php?rest_route=%2Fwp%2Fv2%2Fcategories&post=83648"},{"taxonomy":"post_tag","embeddable":true,"href":"https:\/\/miradordeatarfe.es\/index.php?rest_route=%2Fwp%2Fv2%2Ftags&post=83648"}],"curies":[{"name":"wp","href":"https:\/\/api.w.org\/{rel}","templated":true}]}}