{"id":83657,"date":"2026-05-03T10:00:39","date_gmt":"2026-05-03T08:00:39","guid":{"rendered":"https:\/\/miradordeatarfe.es\/?p=83657"},"modified":"2026-05-03T11:31:11","modified_gmt":"2026-05-03T09:31:11","slug":"divulgacion-y-ciencia-dan-la-vuelta-al-ruedo-en-atarfe","status":"publish","type":"post","link":"https:\/\/miradordeatarfe.es\/?p=83657","title":{"rendered":"Divulgaci\u00f3n y ciencia dan la vuelta al ruedo en Atarfe"},"content":{"rendered":"<div class=\"v-d v-d--1 v-d--b v-d--ab-c\">\n<div class=\"paywall\">\n<p style=\"text-align: justify;\"><strong><em>El martes , 28 de abril, se daba el pistoletazo de salida a la XVII edici\u00f3n de la Feria de la Ciencia de Atarfe que acoge 51 stands y cuenta con la participaci\u00f3n de Brasil, Colombia, M\u00e9xico y Per\u00fa.<\/em><\/strong><\/p>\n<p style=\"text-align: justify;\">Hay que verlo para creerlo. La plaza de toros de Atarfe, adem\u00e1s de festivales taurinos y conciertos musicales, tambi\u00e9n acoge una actividad de gran inter\u00e9s educativo. Nos referimos a la Feria de la Ciencia de Atarfe que este a\u00f1o cumple su 17\u00aa edici\u00f3n y que, en la ma\u00f1ana del martes, se inauguraba oficialmente con su presentaci\u00f3n y una visita institucional incluida.<\/p>\n<figure class=\"wp-block-image size-full\" style=\"text-align: justify;\"><img data-recalc-dims=\"1\" loading=\"lazy\" decoding=\"async\" class=\"wp-image-104872\" src=\"https:\/\/i0.wp.com\/en-clase.ideal.es\/wp-content\/uploads\/2026\/05\/AAM_Feria-de-la-Ciencia-de-Atarfe-2026_12-IeC.jpg?resize=624%2C423&#038;ssl=1\" sizes=\"auto, (max-width: 624px) 100vw, 624px\" srcset=\"https:\/\/en-clase.ideal.es\/wp-content\/uploads\/2026\/05\/AAM_Feria-de-la-Ciencia-de-Atarfe-2026_12-IeC.jpg 624w, https:\/\/en-clase.ideal.es\/wp-content\/uploads\/2026\/05\/AAM_Feria-de-la-Ciencia-de-Atarfe-2026_12-IeC-300x203.jpg 300w\" alt=\"\" width=\"624\" height=\"423\" \/><\/figure>\n<p style=\"text-align: justify;\">Mucho antes, ya estaban todos los stands en funcionamiento y atend\u00edan las visitas, en unos casos eran cient\u00edficos adultos, pero en otros eran escolares de primaria o secundaria los encargados de explicar los m\u00e1s variados contenidos y fen\u00f3menos cient\u00edficos relacionados don distintas disciplinas cient\u00edficas. En torno a las once y media todos fueron invitados a acercarse al escenario desde el que intervendr\u00edan las autoridades educativas y locales.<\/p>\n<figure class=\"wp-block-image size-full\" style=\"text-align: justify;\"><img data-recalc-dims=\"1\" loading=\"lazy\" decoding=\"async\" class=\"wp-image-104877\" src=\"https:\/\/i0.wp.com\/en-clase.ideal.es\/wp-content\/uploads\/2026\/05\/AAM_Feria-de-la-Ciencia-de-Atarfe-2026_05-IeC.jpg?resize=624%2C394&#038;ssl=1\" sizes=\"auto, (max-width: 624px) 100vw, 624px\" srcset=\"https:\/\/en-clase.ideal.es\/wp-content\/uploads\/2026\/05\/AAM_Feria-de-la-Ciencia-de-Atarfe-2026_05-IeC.jpg 624w, https:\/\/en-clase.ideal.es\/wp-content\/uploads\/2026\/05\/AAM_Feria-de-la-Ciencia-de-Atarfe-2026_05-IeC-300x189.jpg 300w\" alt=\"\" width=\"624\" height=\"394\" \/><figcaption class=\"wp-element-caption\"><strong><em>El coordinador de CienciAtarfe da la bienvenida a los asistentes<\/em><\/strong> ::A. A.<\/figcaption><\/figure>\n<p style=\"text-align: justify;\">El coordinador de CuenciAtarfe, <strong>Francisco J. Jim\u00e9nez<\/strong>, daba la bienvenida a los presentes y agradecer\u00eda a los distintos colectivos que est\u00e1n colaborando, especialmente a Atarfe Sostenible, los directores de los centros educativos, la Fundaci\u00f3n Sierra Elvira, al director del CEP, Cora de Elvira, al tiempo que mandaba \u00abun saludo muy especial a la delegaci\u00f3n internacional que nos acompa\u00f1a con 24 stands, tanto de Brasil, Per\u00fa, Colombia y M\u00e9xico\u00bb. Este \u00faltimo pa\u00eds aport\u00f3, adem\u00e1s, a las cuatro personas que interpretar\u00edan varias danzas t\u00edpicas de su pa\u00eds.<\/p>\n<figure class=\"wp-block-image size-full\" style=\"text-align: justify;\"><img data-recalc-dims=\"1\" loading=\"lazy\" decoding=\"async\" class=\"wp-image-104878\" src=\"https:\/\/i0.wp.com\/en-clase.ideal.es\/wp-content\/uploads\/2026\/05\/AAM_Feria-de-la-Ciencia-de-Atarfe-2026_06-IeC.jpg?resize=624%2C416&#038;ssl=1\" sizes=\"auto, (max-width: 624px) 100vw, 624px\" srcset=\"https:\/\/en-clase.ideal.es\/wp-content\/uploads\/2026\/05\/AAM_Feria-de-la-Ciencia-de-Atarfe-2026_06-IeC.jpg 624w, https:\/\/en-clase.ideal.es\/wp-content\/uploads\/2026\/05\/AAM_Feria-de-la-Ciencia-de-Atarfe-2026_06-IeC-300x200.jpg 300w\" alt=\"\" width=\"624\" height=\"416\" \/><figcaption class=\"wp-element-caption\"><strong><em>Dos mexicanas bailan una danza t\u00edpica de su pa\u00eds<\/em><\/strong> ::A.A.<\/figcaption><\/figure>\n<p style=\"text-align: justify;\">Seguidamente pasar\u00eda el micr\u00f3fono a la vicedecana de Innovaci\u00f3n de la Facultad de Ciencias de la Educaci\u00f3n, <strong>Gracia Jim\u00e9nez<\/strong>, quien en representaci\u00f3n de la UGR felicitar\u00eda a los organizadores por el lema elegido para este a\u00f1o (Innovaci\u00f3n en marcha: La Ciencia que nos une) que, en su opini\u00f3n, pone en evidencia la consolidaci\u00f3n de este evento y su proyecci\u00f3n internacional. Igualmente destacar\u00eda que uno de los objetivos de su vicedecanato, es realizar estas actividades de divulgaci\u00f3n pues \u00abla ciencia no se puede quedar en las cuatro paredes de una facultad, tiene que llegar a la sociedad y tenemos que disfrutarla todos\u00bb.<\/p>\n<figure class=\"wp-block-image size-full\" style=\"text-align: justify;\"><img data-recalc-dims=\"1\" loading=\"lazy\" decoding=\"async\" class=\"wp-image-104876\" src=\"https:\/\/i0.wp.com\/en-clase.ideal.es\/wp-content\/uploads\/2026\/05\/AAM_Feria-de-la-Ciencia-de-Atarfe-2026_04-IeC.jpg?resize=624%2C416&#038;ssl=1\" sizes=\"auto, (max-width: 624px) 100vw, 624px\" srcset=\"https:\/\/en-clase.ideal.es\/wp-content\/uploads\/2026\/05\/AAM_Feria-de-la-Ciencia-de-Atarfe-2026_04-IeC.jpg 624w, https:\/\/en-clase.ideal.es\/wp-content\/uploads\/2026\/05\/AAM_Feria-de-la-Ciencia-de-Atarfe-2026_04-IeC-300x200.jpg 300w\" alt=\"\" width=\"624\" height=\"416\" \/><figcaption class=\"wp-element-caption\"><strong><em>Foto de familia de las autoridades, organizadores y participantes<\/em><\/strong> ::A.A.<\/figcaption><\/figure>\n<p style=\"text-align: justify;\">Por su parte, el jefe de servicio de Ordenaci\u00f3n Educativa, <strong>Jos\u00e9 Rodr\u00edguez<\/strong>, manifestar\u00eda su agradecimiento a los colegios atarfe\u00f1os, desde infantil, primaria, educaci\u00f3n permanente e institutos pues son \u00ablos que han constituido el germen de esa feria durante much\u00edsimos a\u00f1os, convirti\u00e9ndose en un referente a nivel de lo que es la investigaci\u00f3n educativa\u00bb.<\/p>\n<figure class=\"wp-block-image size-full\" style=\"text-align: justify;\"><img data-recalc-dims=\"1\" loading=\"lazy\" decoding=\"async\" class=\"wp-image-104875\" src=\"https:\/\/i0.wp.com\/en-clase.ideal.es\/wp-content\/uploads\/2026\/05\/AAM_Feria-de-la-Ciencia-de-Atarfe-2026_03-IeC.jpg?resize=624%2C416&#038;ssl=1\" sizes=\"auto, (max-width: 624px) 100vw, 624px\" srcset=\"https:\/\/en-clase.ideal.es\/wp-content\/uploads\/2026\/05\/AAM_Feria-de-la-Ciencia-de-Atarfe-2026_03-IeC.jpg 624w, https:\/\/en-clase.ideal.es\/wp-content\/uploads\/2026\/05\/AAM_Feria-de-la-Ciencia-de-Atarfe-2026_03-IeC-300x200.jpg 300w\" alt=\"\" width=\"624\" height=\"416\" \/><figcaption class=\"wp-element-caption\"><strong><em>La Cruz Roja tambi\u00e9n particip\u00f3 en este evento <\/em><\/strong>::A.A.<\/figcaption><\/figure>\n<p style=\"text-align: justify;\"><strong>Manuel P\u00e9rez<\/strong>, presidente del Consejo Escolar de Andaluc\u00eda, resaltar\u00eda el hecho de que \u00abdurante estas jornadas se ponga el foco en el fomento del \u00e1mbito cient\u00edfico y tecnol\u00f3gico donde los alumnos han ido trabajando durante este curso\u00bb, poniendo a Atarfe, junto al Parque de las Ciencias, como dos grandes referentes.<\/p>\n<p style=\"text-align: justify;\">La \u00faltima en intervenir ser\u00eda la alcaldesa de la localidad, <strong>Yolanda Fern\u00e1ndez <\/strong>por ver el espacio multiesc\u00e9nico repleto de ni\u00f1os y ni\u00f1as interesados en la ciencia al tiempo que mostraba su orgullo por poder demostrar que \u00aben Atarfe se trabaja en equipo, sabemos hacer las cosas bien y todo gracias a la comunidad educativa, a los equipos de docentes y directivos que lo hacen posible\u00bb.<\/p>\n<figure class=\"wp-block-image size-full\" style=\"text-align: justify;\"><img data-recalc-dims=\"1\" loading=\"lazy\" decoding=\"async\" class=\"wp-image-104874\" src=\"https:\/\/i0.wp.com\/en-clase.ideal.es\/wp-content\/uploads\/2026\/05\/AAM_Feria-de-la-Ciencia-de-Atarfe-2026_02-IeC.jpg?resize=624%2C416&#038;ssl=1\" sizes=\"auto, (max-width: 624px) 100vw, 624px\" srcset=\"https:\/\/en-clase.ideal.es\/wp-content\/uploads\/2026\/05\/AAM_Feria-de-la-Ciencia-de-Atarfe-2026_02-IeC.jpg 624w, https:\/\/en-clase.ideal.es\/wp-content\/uploads\/2026\/05\/AAM_Feria-de-la-Ciencia-de-Atarfe-2026_02-IeC-300x200.jpg 300w\" alt=\"\" width=\"624\" height=\"416\" \/><figcaption class=\"wp-element-caption\"><strong><em>Los 51 stand se repartieron, como en ediciones anteriores, por todo el coso<\/em><\/strong> ::A.A.<\/figcaption><\/figure>\n<p style=\"text-align: justify;\">Tambi\u00e9n tendr\u00eda palabras de agradecimiento para <strong>Francisco Jim\u00e9nez, Manuel Montesinos, Beatriz \u00c1vila y Amparo Castro,<\/strong> \u00abque se tiran todo el a\u00f1o preparando este CienciAtarfe\u00bb. Felicitaci\u00f3n que hizo extensiva al resto de coordinadores de los centros educativos participantes. \u00abGracias por convertir Atarfe para que hoy sea un hervidero de curiosidad, de conocimiento y de creatividad. La Ciencia est\u00e1 presente en nuestro mundo, en nuestra vida diaria\u00bb.<\/p>\n<figure class=\"wp-block-image size-full\" style=\"text-align: justify;\"><img data-recalc-dims=\"1\" loading=\"lazy\" decoding=\"async\" class=\"wp-image-104880\" src=\"https:\/\/i0.wp.com\/en-clase.ideal.es\/wp-content\/uploads\/2026\/05\/AAM_Feria-de-la-Ciencia-de-Atarfe-2026_08-IeC.jpg?resize=624%2C416&#038;ssl=1\" sizes=\"auto, (max-width: 624px) 100vw, 624px\" srcset=\"https:\/\/en-clase.ideal.es\/wp-content\/uploads\/2026\/05\/AAM_Feria-de-la-Ciencia-de-Atarfe-2026_08-IeC.jpg 624w, https:\/\/en-clase.ideal.es\/wp-content\/uploads\/2026\/05\/AAM_Feria-de-la-Ciencia-de-Atarfe-2026_08-IeC-300x200.jpg 300w\" alt=\"\" width=\"624\" height=\"416\" \/><figcaption class=\"wp-element-caption\"><strong><em>Adem\u00e1s de bailar, los mexicanos tambi\u00e9n dieron explicaci\u00f3n de sus investigaciones<\/em><\/strong> ::A.A.<\/figcaption><\/figure>\n<p style=\"text-align: justify;\">Posteriormente se llevar\u00eda a cabo las danzas mexicanas y se invitar\u00eda a todos a recorrer los 51 stands relacionados con la astronom\u00eda, el universo, la biolog\u00eda, la arqueolog\u00eda,\u2026 pensados para ni\u00f1os desde 3 a\u00f1os hasta la universidad, en tanto que en otro espacio aleda\u00f1o medio centenar de escolares participaban en una competici\u00f3n de ajedrez, en tanto que otros en el interior del coso o fuera aprend\u00edan a realizar la reanimaci\u00f3n cardiopulmonar (RCP) y otros conoc\u00edan de primera mano las herramientas y labores de los bomberos forestales.<\/p>\n<figure class=\"wp-block-image size-full\" style=\"text-align: justify;\"><img data-recalc-dims=\"1\" loading=\"lazy\" decoding=\"async\" class=\"wp-image-104881\" src=\"https:\/\/i0.wp.com\/en-clase.ideal.es\/wp-content\/uploads\/2026\/05\/AAM_Feria-de-la-Ciencia-de-Atarfe-2026_09-IeC.jpg?resize=624%2C416&#038;ssl=1\" sizes=\"auto, (max-width: 624px) 100vw, 624px\" srcset=\"https:\/\/en-clase.ideal.es\/wp-content\/uploads\/2026\/05\/AAM_Feria-de-la-Ciencia-de-Atarfe-2026_09-IeC.jpg 624w, https:\/\/en-clase.ideal.es\/wp-content\/uploads\/2026\/05\/AAM_Feria-de-la-Ciencia-de-Atarfe-2026_09-IeC-300x200.jpg 300w\" alt=\"\" width=\"624\" height=\"416\" \/><figcaption class=\"wp-element-caption\"><strong><em>Los escolares aprenden ciencia de una manera divertida <\/em><\/strong>::A.A.<\/figcaption><\/figure>\n<figure class=\"wp-block-image size-full\" style=\"text-align: justify;\"><img data-recalc-dims=\"1\" loading=\"lazy\" decoding=\"async\" class=\"wp-image-104883\" src=\"https:\/\/i0.wp.com\/en-clase.ideal.es\/wp-content\/uploads\/2026\/05\/AAM_Feria-de-la-Ciencia-de-Atarfe-2026_07-IeC.jpg?resize=624%2C416&#038;ssl=1\" sizes=\"auto, (max-width: 624px) 100vw, 624px\" srcset=\"https:\/\/en-clase.ideal.es\/wp-content\/uploads\/2026\/05\/AAM_Feria-de-la-Ciencia-de-Atarfe-2026_07-IeC.jpg 624w, https:\/\/en-clase.ideal.es\/wp-content\/uploads\/2026\/05\/AAM_Feria-de-la-Ciencia-de-Atarfe-2026_07-IeC-300x200.jpg 300w\" alt=\"\" width=\"624\" height=\"416\" \/><\/figure>\n<p class=\"has-base-2-color has-contrast-background-color has-text-color has-background has-link-color wp-elements-19efec157688d0919db2dd3da78c5666\" style=\"text-align: justify;\">VER V\u00cdDEO DEL ACTO INAUGURAL Y PASEO POR LOS DIFERENTES STANDS:<\/p>\n<figure class=\"wp-block-embed is-type-video is-provider-youtube wp-block-embed-youtube wp-embed-aspect-16-9 wp-has-aspect-ratio\" style=\"text-align: justify;\">\n<div class=\"wp-block-embed__wrapper\"><iframe loading=\"lazy\" title=\"INAUGURACI\u00d3N Y VISITA DE STANDS EN LA XVII FERIA DE LA CIENCIA EN EL COLISEO DE ATARFE\" src=\"https:\/\/www.youtube.com\/embed\/06oxWx5kjAM?feature=oembed\" width=\"500\" height=\"281\" frameborder=\"0\" allowfullscreen=\"allowfullscreen\" data-mce-fragment=\"1\"><\/iframe><\/div>\n<\/figure>\n<ul class=\"wp-block-social-links is-layout-flex wp-block-social-links-is-layout-flex\" style=\"text-align: justify;\">\n<li class=\"wp-social-link wp-social-link-facebook wp-block-social-link\">\u00a0<\/li>\n<\/ul>\n<\/div>\n<\/div>\n<h3 style=\"text-align: justify;\"><a title=\"Antonio Arenas\" href=\"https:\/\/www.ideal.es\/autor\/antonio-arenas-3265.html\" data-mrf-link=\"https:\/\/www.ideal.es\/autor\/antonio-arenas-3265.html\">Antonio Arenas <\/a><\/h3>\n<p style=\"text-align: justify;\">FOTO: <span class=\"v-fc__t\">Escolares, en uno de los stands cient\u00edficos en el coso. <\/span> <span class=\"v-fc__p\"> (A. Arenas)<\/span><\/p>\n<p style=\"text-align: justify;\">https:\/\/www.ideal.es\/granada\/area-metropolitana\/divulgacion-ciencia-dan-vuelta-ruedo-atarfe-20260502183844-nt.html<\/p>\n","protected":false},"excerpt":{"rendered":"<p>El martes , 28 de abril, se daba el pistoletazo de salida a la XVII&#8230;<\/p>\n","protected":false},"author":1,"featured_media":83658,"comment_status":"closed","ping_status":"closed","sticky":false,"template":"","format":"standard","meta":{"_coblocks_attr":"","_coblocks_dimensions":"","_coblocks_responsive_height":"","_coblocks_accordion_ie_support":"","jetpack_post_was_ever_published":false,"_jetpack_newsletter_access":"","_jetpack_dont_email_post_to_subs":false,"_jetpack_newsletter_tier_id":0,"_jetpack_memberships_contains_paywalled_content":false,"_jetpack_memberships_contains_paid_content":false,"footnotes":"","jetpack_publicize_message":"","jetpack_publicize_feature_enabled":true,"jetpack_social_post_already_shared":false,"jetpack_social_options":{"image_generator_settings":{"template":"highway","default_image_id":0,"enabled":false},"version":2}},"categories":[9597,10778,186,44],"tags":[],"class_list":["post-83657","post","type-post","status-publish","format-standard","has-post-thumbnail","hentry","category-cientificos-atarfenos","category-feria-de-la-ciencia-atarfe","category-instituciones","category-noticias-de-hoy"],"jetpack_publicize_connections":[],"jetpack_featured_media_url":"https:\/\/i0.wp.com\/miradordeatarfe.es\/wp-content\/uploads\/2026\/05\/ciencia-atarfe-kHy-U202046136424zSE-1200x840%40Ideal.webp?fit=1200%2C840&ssl=1","jetpack_likes_enabled":true,"jetpack_sharing_enabled":true,"_links":{"self":[{"href":"https:\/\/miradordeatarfe.es\/index.php?rest_route=\/wp\/v2\/posts\/83657","targetHints":{"allow":["GET"]}}],"collection":[{"href":"https:\/\/miradordeatarfe.es\/index.php?rest_route=\/wp\/v2\/posts"}],"about":[{"href":"https:\/\/miradordeatarfe.es\/index.php?rest_route=\/wp\/v2\/types\/post"}],"author":[{"embeddable":true,"href":"https:\/\/miradordeatarfe.es\/index.php?rest_route=\/wp\/v2\/users\/1"}],"replies":[{"embeddable":true,"href":"https:\/\/miradordeatarfe.es\/index.php?rest_route=%2Fwp%2Fv2%2Fcomments&post=83657"}],"version-history":[{"count":3,"href":"https:\/\/miradordeatarfe.es\/index.php?rest_route=\/wp\/v2\/posts\/83657\/revisions"}],"predecessor-version":[{"id":83706,"href":"https:\/\/miradordeatarfe.es\/index.php?rest_route=\/wp\/v2\/posts\/83657\/revisions\/83706"}],"wp:featuredmedia":[{"embeddable":true,"href":"https:\/\/miradordeatarfe.es\/index.php?rest_route=\/wp\/v2\/media\/83658"}],"wp:attachment":[{"href":"https:\/\/miradordeatarfe.es\/index.php?rest_route=%2Fwp%2Fv2%2Fmedia&parent=83657"}],"wp:term":[{"taxonomy":"category","embeddable":true,"href":"https:\/\/miradordeatarfe.es\/index.php?rest_route=%2Fwp%2Fv2%2Fcategories&post=83657"},{"taxonomy":"post_tag","embeddable":true,"href":"https:\/\/miradordeatarfe.es\/index.php?rest_route=%2Fwp%2Fv2%2Ftags&post=83657"}],"curies":[{"name":"wp","href":"https:\/\/api.w.org\/{rel}","templated":true}]}}