{"id":83660,"date":"2026-05-03T08:22:32","date_gmt":"2026-05-03T06:22:32","guid":{"rendered":"https:\/\/miradordeatarfe.es\/?p=83660"},"modified":"2026-05-02T11:28:55","modified_gmt":"2026-05-02T09:28:55","slug":"1-000-euros-por-solo-un-dia-lola-indigo-lanza-una-oferta-de-empleo-para-su-concierto-en-granada","status":"publish","type":"post","link":"https:\/\/miradordeatarfe.es\/?p=83660","title":{"rendered":"1.000 euros por solo un d\u00eda: Lola \u00cdndigo lanza una oferta de empleo para su concierto en Granada"},"content":{"rendered":"<h2 class=\"v-a-s-t\">La cantante granadina lanza una propuesta \u00fanica para sus fans de cara al GRX La Feria del 30 de mayo<\/h2>\n<div class=\"v-d v-d--1 v-d--b v-d--ab-c\">\n<p class=\"v-d-p\" style=\"text-align: justify;\">Lola \u00cdndigo est\u00e1 m\u00e1s de moda que nunca. Tras su comentado paso por la Semana Santa granadina en la hermandad de la Estrella y su triunfo en los premios Billboard, la de Hu\u00e9tor T\u00e1jar mira ya a su esperado concierto en la capital. Que est\u00e1 al caer, como quien dice.<\/p>\n<p class=\"v-d-p\" style=\"text-align: justify;\">Se trata del festival <a title=\"lolaindigomusic.com\" href=\"https:\/\/lolaindigomusic.com\/grx-la-feria-transforma-granada-en-una-celebracion-uniendo-raices-con-la-nueva-escena-urbana\/\" data-voc-vtm-id=\"in-text-traffic\" data-mrf-link=\"lolaindigomusic.com\">GRX La Feria<\/a>, que ha organizado ella misma, que tendr\u00e1 lugar el 30 de mayo en el Cortijo del Conde, Granada. El esperado evento, tal y como publica el cartel, combinar\u00e1 los conciertos urbanos con \u00abatracciones, casetas, rumbas, comida, djs, alegr\u00eda, muchas flores, gloria bendita, mucha m\u00fasica y conciertos de la escena musical de Granada\u00bb. El concierto, adem\u00e1s, contar\u00e1 con la m\u00fasica de Pepe y Vizio, Yung Beef, La Zowi, Zakyo, Vera GRV, Chico Blanco, y Sita.<\/p>\n<p class=\"v-d-p\" style=\"text-align: justify;\">Pues bien, sus fans no solo van a tener la oportunidad de disfrutar de un d\u00eda \u00fanico. Tambi\u00e9n pueden aspirar a un empleo so\u00f1ado que la propia Lola \u00cdndigo ha anunciado en su p\u00e1gina web.<\/p>\n<p class=\"v-d-p\" style=\"text-align: justify;\">\u00ab\u00bfTe gustar\u00eda trabajar en GRX La Feria? InfoJobs, patrocinador oficial de GRX La Feria, est\u00e1 buscando Azafatos\/as que quieran trabajar un rato antes de que inicie el evento y luego disfrutar de todos los conciertos programados\u00bb.<\/p>\n<p class=\"v-d-p\" style=\"text-align: justify;\"><strong>Funciones y requisitos<\/strong><\/p>\n<p class=\"v-d-p\" style=\"text-align: justify;\">&#8211; Dar la bienvenida a los invitados\/as<\/p>\n<p class=\"v-d-p\" style=\"text-align: justify;\">&#8211; Hospitality<\/p>\n<p class=\"v-d-p\" style=\"text-align: justify;\">&#8211; Entregar regalos al p\u00fablico<\/p>\n<p class=\"v-d-p\" style=\"text-align: justify;\">&#8211; Dar informaci\u00f3n sobre las actividades<\/p>\n<p class=\"v-d-p\" style=\"text-align: justify;\"><strong>Ofrecen:<\/strong><\/p>\n<p class=\"v-d-p\" style=\"text-align: justify;\">&#8211; 1.000\u20ac netos por un d\u00eda de trabajo<\/p>\n<p class=\"v-d-p\" style=\"text-align: justify;\">&#8211; 1 entrada doble para llevar a un acompa\u00f1ante<\/p>\n<p class=\"v-d-p\" style=\"text-align: justify;\">&#8211; Viaje de ida y vuelta desde tu casa. Est\u00e9s donde est\u00e9s. Aunque la oferta diga Granada, podr\u00e1s inscribirte desde cualquier lugar<\/p>\n<p class=\"v-d-p\" style=\"text-align: justify;\">&#8211; Alojamiento incluido para ti y tu acompa\u00f1ante<\/p>\n<h3 style=\"text-align: justify;\"><a title=\"Carlos Balboa\" href=\"https:\/\/www.ideal.es\/autor\/carlos-balboa-365.html\" data-mrf-link=\"https:\/\/www.ideal.es\/autor\/carlos-balboa-365.html\">Carlos Balboa <\/a><\/h3>\n<p style=\"text-align: justify;\"><span class=\"v-fc__t\">FOTO: Lola \u00cdndigo en los recientes premios Billboard. <span class=\"v-fc__p\"> (Instagram) <\/span><\/span><\/p>\n<p style=\"text-align: justify;\">https:\/\/www.ideal.es\/granada\/1000-euros-solo-dia-lola-indigo-lanza-20260502103734-nt.html<\/p>\n<div class=\"v-d v-d--1 v-d--b v-d--ab-c\">\n<div class=\"v-ath v-ath--2 v-ath--t1\" data-mrf-recirculation=\"Autor\">\n<div class=\"v-ath__c\">\n<div class=\"v-ath__w v-ath__w--2\">\n<figure class=\"v-ath__f\" style=\"text-align: justify;\"><\/figure>\n<div class=\"v-ath__g\">\n<p class=\"v-ath__p v-ath__p--1\" style=\"text-align: justify;\">\u00a0<\/p>\n<\/div>\n<\/div>\n<\/div>\n<\/div>\n<\/div>\n<\/div>\n","protected":false},"excerpt":{"rendered":"<p>La cantante granadina lanza una propuesta \u00fanica para sus fans de cara al GRX La&#8230;<\/p>\n","protected":false},"author":1,"featured_media":83661,"comment_status":"closed","ping_status":"closed","sticky":false,"template":"","format":"standard","meta":{"_coblocks_attr":"","_coblocks_dimensions":"","_coblocks_responsive_height":"","_coblocks_accordion_ie_support":"","jetpack_post_was_ever_published":false,"_jetpack_newsletter_access":"","_jetpack_dont_email_post_to_subs":false,"_jetpack_newsletter_tier_id":0,"_jetpack_memberships_contains_paywalled_content":false,"_jetpack_memberships_contains_paid_content":false,"footnotes":"","jetpack_publicize_message":"","jetpack_publicize_feature_enabled":true,"jetpack_social_post_already_shared":true,"jetpack_social_options":{"image_generator_settings":{"template":"highway","default_image_id":0,"enabled":false},"version":2}},"categories":[1161,10811,44,6937],"tags":[],"class_list":["post-83660","post","type-post","status-publish","format-standard","has-post-thumbnail","hentry","category-ciudadania","category-jovenes","category-noticias-de-hoy","category-sociedad"],"jetpack_publicize_connections":[],"jetpack_featured_media_url":"https:\/\/i0.wp.com\/miradordeatarfe.es\/wp-content\/uploads\/2026\/05\/lola-indigo-oferta-empleo-granada-kQhB-U202054979213BKB-1200x840%40Ideal.webp?fit=1195%2C840&ssl=1","jetpack_likes_enabled":true,"jetpack_sharing_enabled":true,"_links":{"self":[{"href":"https:\/\/miradordeatarfe.es\/index.php?rest_route=\/wp\/v2\/posts\/83660","targetHints":{"allow":["GET"]}}],"collection":[{"href":"https:\/\/miradordeatarfe.es\/index.php?rest_route=\/wp\/v2\/posts"}],"about":[{"href":"https:\/\/miradordeatarfe.es\/index.php?rest_route=\/wp\/v2\/types\/post"}],"author":[{"embeddable":true,"href":"https:\/\/miradordeatarfe.es\/index.php?rest_route=\/wp\/v2\/users\/1"}],"replies":[{"embeddable":true,"href":"https:\/\/miradordeatarfe.es\/index.php?rest_route=%2Fwp%2Fv2%2Fcomments&post=83660"}],"version-history":[{"count":3,"href":"https:\/\/miradordeatarfe.es\/index.php?rest_route=\/wp\/v2\/posts\/83660\/revisions"}],"predecessor-version":[{"id":83664,"href":"https:\/\/miradordeatarfe.es\/index.php?rest_route=\/wp\/v2\/posts\/83660\/revisions\/83664"}],"wp:featuredmedia":[{"embeddable":true,"href":"https:\/\/miradordeatarfe.es\/index.php?rest_route=\/wp\/v2\/media\/83661"}],"wp:attachment":[{"href":"https:\/\/miradordeatarfe.es\/index.php?rest_route=%2Fwp%2Fv2%2Fmedia&parent=83660"}],"wp:term":[{"taxonomy":"category","embeddable":true,"href":"https:\/\/miradordeatarfe.es\/index.php?rest_route=%2Fwp%2Fv2%2Fcategories&post=83660"},{"taxonomy":"post_tag","embeddable":true,"href":"https:\/\/miradordeatarfe.es\/index.php?rest_route=%2Fwp%2Fv2%2Ftags&post=83660"}],"curies":[{"name":"wp","href":"https:\/\/api.w.org\/{rel}","templated":true}]}}