{"id":83669,"date":"2026-05-03T11:10:08","date_gmt":"2026-05-03T09:10:08","guid":{"rendered":"https:\/\/miradordeatarfe.es\/?p=83669"},"modified":"2026-05-03T11:26:01","modified_gmt":"2026-05-03T09:26:01","slug":"un-concierto-didactico-en-atarfe-acerca-la-musica-popular-granadina-a-los-escolares","status":"publish","type":"post","link":"https:\/\/miradordeatarfe.es\/?p=83669","title":{"rendered":"Un concierto did\u00e1ctico en Atarfe acerca la m\u00fasica popular granadina a los escolares"},"content":{"rendered":"<h3 style=\"text-align: justify;\">Jos\u00e9 Antonio Garc\u00eda de 091 y El Hombre Garabato llevan al alumnado el patrimonio musical de Granada a trav\u00e9s de un formato educativo y participativo<\/h3>\n<p style=\"text-align: justify;\">M\u00e1s de 1.100 escolares participaron el pasado viernes en el Centro Cultural Medina Elvira de <strong>Atarfe <\/strong>en un concierto did\u00e1ctico de Jos\u00e9 Antonio Garc\u00eda (091) y El Hombre Garabato impulsado por la Fundaci\u00f3n Miguel R\u00edos por el Rock y la Solidaridad.<\/p>\n<p style=\"text-align: justify;\">La iniciativa se enmarca en el proyecto Espacio Caja Sonora y est\u00e1 organizada en colaboraci\u00f3n con la Delegaci\u00f3n Territorial de Desarrollo Educativo y Formaci\u00f3n Profesional, y de Universidad, Investigaci\u00f3n e Innovaci\u00f3n en Granada, a trav\u00e9s de su Gabinete de Bellas Artes.<\/p>\n<p style=\"text-align: justify;\">La actividad, celebrada en dos sesiones cont\u00f3 con la actuaci\u00f3n en directo de Jos\u00e9 Antonio Garc\u00eda (091) y El Hombre Garabato, y propuso un recorrido did\u00e1ctico por la historia de la m\u00fasica popular urbana granadina.<\/p>\n<p style=\"text-align: justify;\">El evento tuvo como objetivo acercar al alumnado al patrimonio musical de la provincia mediante la experiencia directa con artistas fundamentales de su escena cultural.<\/p>\n<p style=\"text-align: justify;\">La respuesta de los escolares sorprendi\u00f3 a los organizadores por su grado de implicaci\u00f3n. No pararon de bailar y corear los temas interpretados, a pesar de tratarse de m\u00fasicas que supuestamente caen fuera de su generaci\u00f3n.<\/p>\n<p style=\"text-align: justify;\">La fundaci\u00f3n, en cooperaci\u00f3n con las autoridades educativas, est\u00e1 decidida a que esta sea la primera edici\u00f3n de un proyecto que se repita todos los a\u00f1os.<\/p>\n<p style=\"text-align: justify;\">El concierto reuni\u00f3 a estudiantes de numerosos centros educativos de Granada y su provincia y cont\u00f3 con el patrocinio de la Fundaci\u00f3n Unicaja, colaborador y patrocinador oficial de las actividades did\u00e1cticas de la Fundaci\u00f3n Miguel R\u00edos.<\/p>\n<p style=\"text-align: justify;\">El Ayuntamiento de Atarfe puso a disposici\u00f3n del concierto el Teatro Medina Elvira con toda su dotaci\u00f3n, dando as\u00ed contenido al convenio firmado con la fundaci\u00f3n que empieza a dar sus primeros frutos.<\/p>\n<p style=\"text-align: justify;\">Una de las principales misiones de la Fundaci\u00f3n Miguel R\u00edos es la puesta en valor de las m\u00fasicas populares urbanas y su integraci\u00f3n dentro de los curr\u00edculos educativos, as\u00ed como la difusi\u00f3n del patrimonio cultural de <strong>Granada<\/strong>.<\/p>\n<p style=\"text-align: justify;\">En este contexto, la actividad no s\u00f3lo permiti\u00f3 al alumnado conocer de primera mano la figura de Jos\u00e9 Antonio Garc\u00eda, referente indispensable de la historia musical granadina, sino que tambi\u00e9n sirvi\u00f3 para acercarles la obra y la influencia de artistas y bandas fundamentales como Li Morante, Carlos Cano, Los \u00c1ngeles, 091, Miguel R\u00edos, Ni\u00f1os Mutantes o Los Planetas, entre otros.<\/p>\n<p style=\"text-align: justify;\">Con iniciativas como este concierto did\u00e1ctico, la Fundaci\u00f3n Miguel R\u00edos busca reforzar su apuesta por la conexi\u00f3n entre m\u00fasica y educaci\u00f3n, utilizando la cultura como herramienta pedag\u00f3gica para fomentar el pensamiento cr\u00edtico y el conocimiento del entorno.<\/p>\n<p style=\"text-align: justify;\">La Fundaci\u00f3n Miguel R\u00edos nace en 2022 con los prop\u00f3sitos de, a trav\u00e9s del legado de Miguel R\u00edos, promover y difundir el conocimiento, estudio e investigaci\u00f3n de la m\u00fasica y la cultura rock, as\u00ed como contribuir a la difusi\u00f3n dignificada de esta m\u00e1s all\u00e1 de la industria discogr\u00e1fica.<\/p>\n<p style=\"text-align: justify;\">Con el lema &#8216;Rock y Solidaridad&#8217; por bandera, la fundaci\u00f3n destina su actividad a demostrar el impacto social de la m\u00fasica popular ayudando a promover un mundo m\u00e1s equitativo y sostenible. A trav\u00e9s de la Fundaci\u00f3n Miguel R\u00edos, el rockero granadino pretende \u00abdevolverle a la sociedad aquello que la sociedad le ha dado\u00bb.<\/p>\n<p><span class=\"section-name\"><span class=\"autor\"><strong>Ahora Granada Redacci\u00f3n aG<\/strong> <\/span><\/span><\/p>\n<p>FOTO: M\u00e1s de 1.100 escolares de la provincia acudieron a un concierto did\u00e1ctico en el Centro Cultural Medina Elvira. Foto: Junta de Andaluc\u00eda<\/p>\n<blockquote class=\"wp-embedded-content\" data-secret=\"kDqgqH2y5H\"><p><a href=\"https:\/\/www.ahoragranada.com\/noticias\/un-concierto-didactico-en-atarfe-acerca-la-musica-popular-granadina-a-los-escolares\/\">Un concierto did\u00e1ctico en Atarfe acerca la m\u00fasica popular granadina a los escolares<\/a><\/p><\/blockquote>\n<p><iframe loading=\"lazy\" class=\"wp-embedded-content\" sandbox=\"allow-scripts\" security=\"restricted\" style=\"position: absolute; visibility: hidden;\" title=\"\u00abUn concierto did\u00e1ctico en Atarfe acerca la m\u00fasica popular granadina a los escolares\u00bb \u2014 Ahora Granada\" src=\"https:\/\/www.ahoragranada.com\/noticias\/un-concierto-didactico-en-atarfe-acerca-la-musica-popular-granadina-a-los-escolares\/embed\/#?secret=aj7FEmTL9s#?secret=kDqgqH2y5H\" data-secret=\"kDqgqH2y5H\" width=\"600\" height=\"338\" frameborder=\"0\" marginwidth=\"0\" marginheight=\"0\" scrolling=\"no\"><\/iframe><\/p>\n","protected":false},"excerpt":{"rendered":"<p>Jos\u00e9 Antonio Garc\u00eda de 091 y El Hombre Garabato llevan al alumnado el patrimonio musical&#8230;<\/p>\n","protected":false},"author":1,"featured_media":83670,"comment_status":"closed","ping_status":"closed","sticky":false,"template":"","format":"standard","meta":{"_coblocks_attr":"","_coblocks_dimensions":"","_coblocks_responsive_height":"","_coblocks_accordion_ie_support":"","jetpack_post_was_ever_published":false,"_jetpack_newsletter_access":"","_jetpack_dont_email_post_to_subs":false,"_jetpack_newsletter_tier_id":0,"_jetpack_memberships_contains_paywalled_content":false,"_jetpack_memberships_contains_paid_content":false,"footnotes":"","jetpack_publicize_message":"","jetpack_publicize_feature_enabled":true,"jetpack_social_post_already_shared":false,"jetpack_social_options":{"image_generator_settings":{"template":"highway","default_image_id":0,"enabled":false},"version":2}},"categories":[12,186,44],"tags":[],"class_list":["post-83669","post","type-post","status-publish","format-standard","has-post-thumbnail","hentry","category-cultura","category-instituciones","category-noticias-de-hoy"],"jetpack_publicize_connections":[],"jetpack_featured_media_url":"https:\/\/i0.wp.com\/miradordeatarfe.es\/wp-content\/uploads\/2026\/05\/Concierto-Fundacion-MIguel-Rios-Atarfe.jpg?fit=970%2C546&ssl=1","jetpack_likes_enabled":true,"jetpack_sharing_enabled":true,"_links":{"self":[{"href":"https:\/\/miradordeatarfe.es\/index.php?rest_route=\/wp\/v2\/posts\/83669","targetHints":{"allow":["GET"]}}],"collection":[{"href":"https:\/\/miradordeatarfe.es\/index.php?rest_route=\/wp\/v2\/posts"}],"about":[{"href":"https:\/\/miradordeatarfe.es\/index.php?rest_route=\/wp\/v2\/types\/post"}],"author":[{"embeddable":true,"href":"https:\/\/miradordeatarfe.es\/index.php?rest_route=\/wp\/v2\/users\/1"}],"replies":[{"embeddable":true,"href":"https:\/\/miradordeatarfe.es\/index.php?rest_route=%2Fwp%2Fv2%2Fcomments&post=83669"}],"version-history":[{"count":1,"href":"https:\/\/miradordeatarfe.es\/index.php?rest_route=\/wp\/v2\/posts\/83669\/revisions"}],"predecessor-version":[{"id":83671,"href":"https:\/\/miradordeatarfe.es\/index.php?rest_route=\/wp\/v2\/posts\/83669\/revisions\/83671"}],"wp:featuredmedia":[{"embeddable":true,"href":"https:\/\/miradordeatarfe.es\/index.php?rest_route=\/wp\/v2\/media\/83670"}],"wp:attachment":[{"href":"https:\/\/miradordeatarfe.es\/index.php?rest_route=%2Fwp%2Fv2%2Fmedia&parent=83669"}],"wp:term":[{"taxonomy":"category","embeddable":true,"href":"https:\/\/miradordeatarfe.es\/index.php?rest_route=%2Fwp%2Fv2%2Fcategories&post=83669"},{"taxonomy":"post_tag","embeddable":true,"href":"https:\/\/miradordeatarfe.es\/index.php?rest_route=%2Fwp%2Fv2%2Ftags&post=83669"}],"curies":[{"name":"wp","href":"https:\/\/api.w.org\/{rel}","templated":true}]}}