{"id":8367,"date":"2016-04-20T08:15:17","date_gmt":"2016-04-20T08:15:17","guid":{"rendered":"http:\/\/miradordeatarfe.es\/?p=8367"},"modified":"2016-04-20T08:05:39","modified_gmt":"2016-04-20T08:05:39","slug":"ciencia-musica-y-premios-por-comprar-libros-en-la-feria-del-libro-de-granada","status":"publish","type":"post","link":"https:\/\/miradordeatarfe.es\/?p=8367","title":{"rendered":"Ciencia, m\u00fasica y premios por comprar libros en la Feria del Libro de Granada"},"content":{"rendered":"<p>El evento se celebrar\u00e1 en diferentes espacios del<strong> 22 de abril al 1 de mayo.La Feria del Libro de Granada combinar\u00e1 la literatura, con autores como Nir Baram, Lorenzo Silva o Almudena Grandes, con la m\u00fasica de 091 o Xoel L\u00f3pez, <strong>dedicar\u00e1 su 35 edici\u00f3n a la divulgaci\u00f3n cient\u00edfica con talleres y un planetario port\u00e1til y premiar\u00e1 la compra de libros con entradas a conciertos o teatro.<\/strong><\/strong><!--more--><\/p>\n<p>La Feria del Libro de Granada, que se celebrar\u00e1 en diferentes espacios del 22 de abril al 1 de mayo, dedicar\u00e1 su pr\u00f3xima edici\u00f3n a la divulgaci\u00f3n cient\u00edfica para acercar la ciencia a todos los p\u00fablicos con <em>talleres, demostraciones y ciclos de cine que tendr\u00e1n como apoyo una carpa de cien metros cuadrados.<\/em><\/p>\n<p>La comisi\u00f3n organizadora de la feria ha programado conferencias de cient\u00edficos de primer nivel, experimentos a pie de calle, mon\u00f3logos y talleres que ceder\u00e1n el protagonismo al Parque de las Ciencias y al Instituto de Astrof\u00edsica de Andaluc\u00eda en una edici\u00f3n que inaugurar\u00e1 la doctora en matem\u00e1ticas y catedr\u00e1tica Clara Grima, dedicada a la divulgaci\u00f3n cient\u00edfica.<\/p>\n<div id=\"roba_cintillo\">\u00a0Cient\u00edficos como Pere Estupiny\u00e0, Antxon Alberdi, Miguel Botella o Daniel Guirado analizar\u00e1n temas tan diversos como la memoria y el olvido, la vida extraterrestre, las investigaciones ant\u00e1rticas o la simbiosis entre astronom\u00eda y literatura.<\/div>\n<p>La ciencia hecha pr\u00e1ctica llegar\u00e1 con talleres sobre dataci\u00f3n de Carbono 14 en papiros antiguos u observaci\u00f3n solar con telescopios adecuados, entremeses que conjugan ciencia y humor, junto a un planetario port\u00e1til del Parque de las Ciencias con acceso gratuito.<\/p>\n<p>El 23 de abril, D\u00eda del Libro, la Feria rendir\u00e1 homenaje a Cervantes en el IV centenario de su muerte con una charla magistral a cargo de Juan Carlos Rodr\u00edguez, catedr\u00e1tico em\u00e9rito de Literatura de la Universidad de Granada, un paseo cervantino por la ciudad de Granada y una lectura continuada del Quijote.<\/p>\n<p>Como novedad este a\u00f1o se ha creado el \u00abTres Festival, voces del Mediterr\u00e1neo\u00bb, organizado por la Fundaci\u00f3n Tres Culturas que abordar\u00e1 los grandes debates del espacio mediterr\u00e1neo actual.<\/p>\n<p>Autores como Nir Baram, Lorenzo Silva, Nawal El-Saadawi, Almudena Grandes o Abraham B. Yehoshua participar\u00e1n en espacios para apostar por la literaria como camino de entendimiento y libertad.<\/p>\n<p>Por segundo a\u00f1o, el programa Granada Ciudad de Literatura Unesco del Ayuntamiento ofrecer\u00e1 encuentros literarios que iniciar\u00e1n \u00c1ngeles Mora y Miguel \u00c1ngel Garc\u00eda y se sumar\u00e1 Juan Jos\u00e9 Mill\u00e1s, que presentar\u00e1 su \u00faltima novela \u00abDesde la sombra\u00bb.<\/p>\n<p>Tras el \u00e9xito obtenido en la edici\u00f3n anterior, se repetir\u00e1 el programa \u00abCultura por Libros\u00bb que premia la compra de ejemplares con entradas para conciertos, como los de Sr Chinarro o Ni\u00f1o de Elche, o para obras de teatro o circuitos en ba\u00f1os \u00e1rabes.<\/p>\n<p>El ciclo \u00abM\u00fasicos y Libros\u00bb contar\u00e1 este a\u00f1o con la participaci\u00f3n de Xoel L\u00f3pez, Carlos Zanon, Ni\u00f1os Mutantes y 091, entre otros, que formar\u00e1n parte de un programa con m\u00e1s de un centenar de actos y la participaci\u00f3n de cerca de 60 empresas, un 20 % m\u00e1s que el pasado a\u00f1o, repartidas 78 m\u00f3dulos expositores.<\/p>\n","protected":false},"excerpt":{"rendered":"<p>El evento se celebrar\u00e1 en diferentes espacios del 22 de abril al 1 de mayo.La&#8230;<\/p>\n","protected":false},"author":1,"featured_media":8368,"comment_status":"closed","ping_status":"closed","sticky":false,"template":"","format":"standard","meta":{"_coblocks_attr":"","_coblocks_dimensions":"","_coblocks_responsive_height":"","_coblocks_accordion_ie_support":"","jetpack_post_was_ever_published":false,"_jetpack_newsletter_access":"","_jetpack_dont_email_post_to_subs":false,"_jetpack_newsletter_tier_id":0,"_jetpack_memberships_contains_paywalled_content":false,"_jetpack_memberships_contains_paid_content":false,"footnotes":"","jetpack_publicize_message":"","jetpack_publicize_feature_enabled":true,"jetpack_social_post_already_shared":false,"jetpack_social_options":{"image_generator_settings":{"template":"highway","default_image_id":0,"enabled":false},"version":2}},"categories":[12,44,15],"tags":[53,460,459,498],"class_list":["post-8367","post","type-post","status-publish","format-standard","has-post-thumbnail","hentry","category-cultura","category-noticias-de-hoy","category-ultimas-noticias","tag-ciencia","tag-feria-del-libro","tag-libros","tag-teatro"],"jetpack_publicize_connections":[],"jetpack_featured_media_url":"https:\/\/i0.wp.com\/miradordeatarfe.es\/wp-content\/uploads\/2016\/04\/feria-libro-gm-575x323.jpg?fit=575%2C323&ssl=1","jetpack_likes_enabled":true,"jetpack_sharing_enabled":true,"_links":{"self":[{"href":"https:\/\/miradordeatarfe.es\/index.php?rest_route=\/wp\/v2\/posts\/8367","targetHints":{"allow":["GET"]}}],"collection":[{"href":"https:\/\/miradordeatarfe.es\/index.php?rest_route=\/wp\/v2\/posts"}],"about":[{"href":"https:\/\/miradordeatarfe.es\/index.php?rest_route=\/wp\/v2\/types\/post"}],"author":[{"embeddable":true,"href":"https:\/\/miradordeatarfe.es\/index.php?rest_route=\/wp\/v2\/users\/1"}],"replies":[{"embeddable":true,"href":"https:\/\/miradordeatarfe.es\/index.php?rest_route=%2Fwp%2Fv2%2Fcomments&post=8367"}],"version-history":[{"count":1,"href":"https:\/\/miradordeatarfe.es\/index.php?rest_route=\/wp\/v2\/posts\/8367\/revisions"}],"predecessor-version":[{"id":8369,"href":"https:\/\/miradordeatarfe.es\/index.php?rest_route=\/wp\/v2\/posts\/8367\/revisions\/8369"}],"wp:featuredmedia":[{"embeddable":true,"href":"https:\/\/miradordeatarfe.es\/index.php?rest_route=\/wp\/v2\/media\/8368"}],"wp:attachment":[{"href":"https:\/\/miradordeatarfe.es\/index.php?rest_route=%2Fwp%2Fv2%2Fmedia&parent=8367"}],"wp:term":[{"taxonomy":"category","embeddable":true,"href":"https:\/\/miradordeatarfe.es\/index.php?rest_route=%2Fwp%2Fv2%2Fcategories&post=8367"},{"taxonomy":"post_tag","embeddable":true,"href":"https:\/\/miradordeatarfe.es\/index.php?rest_route=%2Fwp%2Fv2%2Ftags&post=8367"}],"curies":[{"name":"wp","href":"https:\/\/api.w.org\/{rel}","templated":true}]}}