{"id":8370,"date":"2016-04-22T07:35:00","date_gmt":"2016-04-22T07:35:00","guid":{"rendered":"http:\/\/miradordeatarfe.es\/?p=8370"},"modified":"2016-04-19T09:38:08","modified_gmt":"2016-04-19T09:38:08","slug":"el-fiasco-de-los-huesos-de-cervantes","status":"publish","type":"post","link":"https:\/\/miradordeatarfe.es\/?p=8370","title":{"rendered":"El fiasco de los huesos de Cervantes"},"content":{"rendered":"<ul class=\"unstyled subhead\">\n<li>Una larga investigaci\u00f3n pero sin pruebas de ADN sirvi\u00f3 s\u00f3lo para constatar lo que se sab\u00eda desde 1870: que pueden estar en el <em>convento de las Trinitarias de Madrid<\/em><\/li>\n<\/ul>\n<p><!--more--><\/p>\n<div class=\"barrasocial\">\n<p>\u00a0Una larga investigaci\u00f3n y una inversi\u00f3n de 124.000 euros sirvieron para constatar lo que se sab\u00eda desde hace siglo y medio. Que los hueso<strong>s de Miguel de Cervantes Saavedra<\/strong> (Alcal\u00e1 Henares, 1545-Madrid, 1616) est\u00e1n donde reposaban desde hace 400 a\u00f1os. En el convento de San Ildefonso de las Trinitarias Descalzas de Madrid, como constat\u00f3 un estudio de la RAE en 1870. Eso s\u00ed, machacados y mezclados con las removidas osamentas de un pu\u00f1ado de personas enterradas, como el padre de la novela, en la cripta del convento de la iglesia conventual, en el coraz\u00f3n del Barrio de la Letras del que genial escritor fue vecino.<\/p>\n<section class=\"offset1 contenido\">\n<div id=\"ccronica\">\n<p>La b\u00fasqueda \u00abha sido puro marketing pol\u00edtico, a mayor gloria de Ana Botella, exalcaldesa de Madrid, antes que de Cervantes\u00bb. Ese es el diagn\u00f3stico de Jordi Gracia, bi\u00f3grafo del escritor. A instancias de Fernando de Prado, se inici\u00f3 en enero de 2014. Provoc\u00f3 un tormenta medi\u00e1tica global sin final feliz que \u00abfue manejada por unos pol\u00edticos que solo quieren salir en la foto\u00bb, seg\u00fan su promotor.<\/p>\n<p>\u00abSabemos que sus huesos est\u00e1n ah\u00ed, donde estuvieron siempre, pero mezclados con otros, en un amasijo de esquirlas \u00f3seas con otros 16 semejantes, entre ellos su esposa, Catalina de Salazar\u00bb, dice De Prado, desencantado promotor de la b\u00fasqueda de los restos de don Miguel. Se hallaron huesos de seis varones, cinco mujeres y seis ni\u00f1os, que fueron reducidos -amalgamados- en 1730, un siglo despu\u00e9s de la muerte del escritor. No hay mas certezas y las pruebas de ADN son, por ahora imposibles.<\/p>\n<div id=\"layer-inpage\"><\/div>\n<div id=\"roba_cintillo\"><\/div>\n<figure class=\"photo pull-right mm\"><img data-recalc-dims=\"1\" loading=\"lazy\" decoding=\"async\" title=\"Convento de las Trinitarias en Madrid.\" src=\"https:\/\/i0.wp.com\/www.ideal.es\/RC\/201604\/15\/media\/cortadas\/convento-trinitarias-madrid--575x323.jpg?resize=575%2C323\" alt=\"Convento de las Trinitarias en Madrid.\" width=\"575\" height=\"323\" vspace=\"1\" \/><figcaption class=\"bT\">Convento de las Trinitarias en Madrid.<strong> \/ Afp<\/strong><\/p>\n<\/figcaption><\/figure>\n<p>\u00abAlg\u00fan d\u00eda, con t\u00e9cnicas m\u00e1s avanzadas, se lograr\u00e1 una mayor discriminaci\u00f3n para identificarlos y separarlos\u00bb, espera De Prado que no oculta su monumental enfado por la evoluci\u00f3n de este culebr\u00f3n con fiasco. \u00abLo que para m\u00ed deb\u00eda ser una experiencia altamente satisfactoria ha sido m\u00e1s que triste\u00bb, lamenta este especialista en genealog\u00eda, her\u00e1ldica e historia militar.<\/p>\n<h5 class=\"compLadillo\">Equipo de 36 expertos<\/h5>\n<p>El forense Francisco Etxeberria dirigi\u00f3 desde enero de 2015 un equipo de 36 expertos, despu\u00e9s de que los georradares de Luis Avial localizaran las atomizadas osamentas. El hallazgo de un ata\u00fad con las iniciales MC tachonadas fue una falsa alarma. Era muy posterior a 1616, del XIX. Nada que ver con el sesent\u00f3n desdentado y con el brazo izquierdo atrofiado por un arcabuzazo en Lepanto que en 1613, tres a\u00f1os antes de su muerte, se autorretrat\u00f3 as\u00ed en sus &#8216;Novelas Ejemplares&#8217;: \u00abDe rostro aguile\u00f1o, frente lisa y desembarazada, de nariz corva, barbas de plata que no ha veinte a\u00f1os fueron de oro, la boca peque\u00f1a, los dientes ni menudos ni crecidos, porque no tiene sino seis, y esos mal acondicionados\u00bb.<\/p>\n<p>Explica De Prado que, seg\u00fan el \u00faltimo c\u00e1lculo, con la \u00abrazonable\u00bb inversi\u00f3n de 124.000 euros, \u00abse cifra en torno a 180 millones de euros el impacto econ\u00f3mico de promoci\u00f3n y publicidad para Madrid y Espa\u00f1a en todo el mundo\u00bb. \u00abEl beneficio supera los 1.500 euros por cada uno invertido\u00bb, asegura De Prado, que cita como beneficiarios al Ayuntamiento y la Comunidad Madrid, que atraen decenas de miles de turistas que no tienen f\u00e1cil, de momento, visitar la cripta ni el convento. \u00abSe baten r\u00e9cords de turistas y aunque no sea por Cervantes algo ayudar\u00e1\u00bb, dice.<\/p>\n<p>Tambi\u00e9n lamenta que no se haya corregido la chirriante errata labrada en la piedra de la placa instalada en el convento \u00abdonde se lee que Cervantes es autor de &#8216;Los trabajos de Persiles y Segismunda&#8217;, con &#8216;e&#8217; en vez de &#8216;Sigismunda&#8217;, que es lo correcto. Y ah\u00ed sigue\u00bb.<\/p>\n<p>Reitera que a los gestores pol\u00edticos y municipales \u00absolo les interesaba salir en la foto\u00bb. Aventura que \u00abel Ayuntamiento de Madrid no va hacer absolutamente nada con la tumba\u00bb. \u00abPara ellos no existe. No habr\u00e1 cambios con el actual equipo de gobierno. M\u00e1s adelante veremos, pero el pr\u00f3ximo d\u00eda 23, cuando el mexicano Fernando del Paso recoja en Alcal\u00e1 el gran premio de las letras espa\u00f1olas que honra a la figura de Cervantes en el cuarto centenario de su muerte, no est\u00e1 previsto ni poner unas flores\u00bb. \u00abEs escandaloso e incongruente\u00bb, denuncia De Prado.<\/p>\n<p>Aclaran desde el Ayuntamiento que comanda Manuela Carmena \u00abque trabajamos con las monjas para facilitar las visitas\u00bb y que \u00aben breve\u00bb se implementar\u00e1 el sistema que lo haga posible. Eso s\u00ed, no hay fecha ni presupuesto \u00abde momento\u00bb.<\/p>\n<p>\u00abMe han apartado del proyecto definitivamente. Yo logr\u00e9 las autorizaciones para que se pudiera investigar y acceder al trabajo excavaci\u00f3n. Me ha costado much\u00edsimo dinero y no recib\u00ed ni un c\u00e9ntimo en compensaci\u00f3n. Estoy desencantado y dolido\u00bb, dice De Prado.<\/p>\n<h5 class=\"compLadillo\">Documental sin autorizaci\u00f3n<\/h5>\n<p>Denuncia adem\u00e1s el aprovechamiento de particulares. \u00abSe est\u00e1 elaborando un documental rodado sin autorizaci\u00f3n para comercializarlo\u00bb, asegura. Se\u00f1ala a Javier Balaguer, miembro del equipo del forense Etxeberria y que, seg\u00fan De Prado, \u00abha filmado sin tener permisos espec\u00edficos\u00bb. \u00abPens\u00e9 que documentaba un acontecimiento hist\u00f3rico de primera magnitud, algo que tiene un valor econ\u00f3mico muy alto. Pero resulta que lo tiene en propiedad. \u00bfQui\u00e9n demonios autorizado eso y por qu\u00e9?\u00bb, se pregunta.<\/p>\n<p>\u00bfHabr\u00eda que abrir un santuario cervantino al estilo de la tumba de Shakespeare en Stratdford-Upon-Avon? \u00abSe podr\u00edan hacer muchas cosas, y todo en mejora de lo que hay. Se pueden aprovechar puntos de inter\u00e9s cervantinos ahora abandonados, como la iglesia de San Sebasti\u00e1n. Pero el problema es que hay que pensar a medio y largo plazo, con la idea de construir, como est\u00e1n haciendo en otros sitios, cuando aqu\u00ed s\u00f3lo piensan en hacerse una foto\u00bb, insiste. Alguna estimaci\u00f3n dice que una tumba visitable generar\u00eda cien millones de euros anuales.<\/p>\n<p>Las monjas de clausura hicieron un enorme esfuerzo dejando entrar a los t\u00e9cnicos que revolucionaron durante meses la contemplativa vida del convento. \u00abPusieron un mont\u00f3n de focos, un sinf\u00edn de m\u00e1quinas que generaron una factura de la electricidad astron\u00f3mica y las pobrecitas monjas est\u00e1n a\u00fan esperando que se la paguen. Nadie del Ayuntamiento se ha responsabilizado\u00bb, denuncia De Prado.<\/p>\n<p>Sor Amada de Jes\u00fas, priora de las Trinitarias, ya dijo que el recogimiento mon\u00e1stico de \u00abni se ha alterado ni se alterar\u00e1\u00bb con tanto revuelo cervantino. No descarta que los huesos suban a la iglesia \u00abpara que se puedan visitar\u00bb. \u00abFamoso era Cervantes, no nosotras. Ser\u00e1 lo que tenga que ser\u00bb, dijo.<\/p>\n<p><a href=\"http:\/\/www.ideal.es\/granada\/culturas\/cuarto-centenario-muerte-cervantes\/201604\/15\/fiasco-huesos-20160415104341-rc.html\">http:\/\/www.ideal.es\/granada\/culturas\/cuarto-centenario-muerte-cervantes\/201604\/15\/fiasco-huesos-20160415104341-rc.html<\/a><\/p>\n<\/div>\n<\/section>\n<\/div>\n","protected":false},"excerpt":{"rendered":"<p>Una larga investigaci\u00f3n pero sin pruebas de ADN sirvi\u00f3 s\u00f3lo para constatar lo que se&#8230;<\/p>\n","protected":false},"author":1,"featured_media":8371,"comment_status":"closed","ping_status":"closed","sticky":false,"template":"","format":"standard","meta":{"_coblocks_attr":"","_coblocks_dimensions":"","_coblocks_responsive_height":"","_coblocks_accordion_ie_support":"","jetpack_post_was_ever_published":false,"_jetpack_newsletter_access":"","_jetpack_dont_email_post_to_subs":false,"_jetpack_newsletter_tier_id":0,"_jetpack_memberships_contains_paywalled_content":false,"_jetpack_memberships_contains_paid_content":false,"footnotes":"","jetpack_publicize_message":"","jetpack_publicize_feature_enabled":true,"jetpack_social_post_already_shared":false,"jetpack_social_options":{"image_generator_settings":{"template":"highway","default_image_id":0,"enabled":false},"version":2}},"categories":[12,9,44,15],"tags":[2174,2516,543],"class_list":["post-8370","post","type-post","status-publish","format-standard","has-post-thumbnail","hentry","category-cultura","category-medio-ambiente","category-noticias-de-hoy","category-ultimas-noticias","tag-cervantes","tag-convento","tag-huesos"],"jetpack_publicize_connections":[],"jetpack_featured_media_url":"https:\/\/i0.wp.com\/miradordeatarfe.es\/wp-content\/uploads\/2016\/04\/expertos-examinan-huesos-cervantes-575x323.jpg?fit=575%2C323&ssl=1","jetpack_likes_enabled":true,"jetpack_sharing_enabled":true,"_links":{"self":[{"href":"https:\/\/miradordeatarfe.es\/index.php?rest_route=\/wp\/v2\/posts\/8370","targetHints":{"allow":["GET"]}}],"collection":[{"href":"https:\/\/miradordeatarfe.es\/index.php?rest_route=\/wp\/v2\/posts"}],"about":[{"href":"https:\/\/miradordeatarfe.es\/index.php?rest_route=\/wp\/v2\/types\/post"}],"author":[{"embeddable":true,"href":"https:\/\/miradordeatarfe.es\/index.php?rest_route=\/wp\/v2\/users\/1"}],"replies":[{"embeddable":true,"href":"https:\/\/miradordeatarfe.es\/index.php?rest_route=%2Fwp%2Fv2%2Fcomments&post=8370"}],"version-history":[{"count":1,"href":"https:\/\/miradordeatarfe.es\/index.php?rest_route=\/wp\/v2\/posts\/8370\/revisions"}],"predecessor-version":[{"id":8372,"href":"https:\/\/miradordeatarfe.es\/index.php?rest_route=\/wp\/v2\/posts\/8370\/revisions\/8372"}],"wp:featuredmedia":[{"embeddable":true,"href":"https:\/\/miradordeatarfe.es\/index.php?rest_route=\/wp\/v2\/media\/8371"}],"wp:attachment":[{"href":"https:\/\/miradordeatarfe.es\/index.php?rest_route=%2Fwp%2Fv2%2Fmedia&parent=8370"}],"wp:term":[{"taxonomy":"category","embeddable":true,"href":"https:\/\/miradordeatarfe.es\/index.php?rest_route=%2Fwp%2Fv2%2Fcategories&post=8370"},{"taxonomy":"post_tag","embeddable":true,"href":"https:\/\/miradordeatarfe.es\/index.php?rest_route=%2Fwp%2Fv2%2Ftags&post=8370"}],"curies":[{"name":"wp","href":"https:\/\/api.w.org\/{rel}","templated":true}]}}