{"id":8377,"date":"2016-04-21T07:30:43","date_gmt":"2016-04-21T07:30:43","guid":{"rendered":"http:\/\/miradordeatarfe.es\/?p=8377"},"modified":"2016-04-20T08:08:56","modified_gmt":"2016-04-20T08:08:56","slug":"hoy-comienza-una-feria-del-libro-para-todos-los-publicos","status":"publish","type":"post","link":"https:\/\/miradordeatarfe.es\/?p=8377","title":{"rendered":"Hoy comienza una Feria del Libro para todos los p\u00fablicos"},"content":{"rendered":"<p><span class=\"contenidos_subtitulo\">Del 21 al 29 de abril, la Concejal\u00eda de Educaci\u00f3n y Cultura ha organizado un amplio programa de actividades para incentivar la lectura de libros entre los vecinos, sea cual sea su edad. <\/span><br \/>\n<!--more--><\/p>\n<div>La <strong>Concejal\u00eda de Cultura y Educaci\u00f3n del Ayuntamiento de Atarfe<\/strong> organiza entre los d\u00edas <strong>21 y 29 de abril,<\/strong> en colaboraci\u00f3n con colegios y otras entidades, un amplio programa de actividades con motivo de la celebraci\u00f3n de la <strong>Feria del Libro 2016<\/strong>.<\/div>\n<div><\/div>\n<div>La concejal de Cultura y Educaci\u00f3n, <strong>Fabiola Garc\u00eda Montijano<\/strong>, ha subrayado la importancia que tiene la Feria del Libro como \u201cencuentro para animar a la lectura, sea cual sea su edad, una oportunidad para demostrar que los libros son un tesoro que nos abren las puertas a otros mundos, una invitaci\u00f3n a la imaginaci\u00f3n y enso\u00f1aci\u00f3n\u201d. \u00a0El programa incluye actividades para todos los p\u00fablicos con el objetivo de que se convierta en una feria \u201cparticipativa\u201d. Habr\u00e1 talleres, lecturas p\u00fablicas, conferencias e incluso un certamen de poes\u00eda.<\/div>\n<div><\/div>\n<div>La<strong><u> inauguraci\u00f3n tendr\u00e1 lugar el jueves, a las 19 horas, en el Centro Cultural Medina Elvira<\/u><\/strong>, espacio en el que se concentran la totalidad de las actividades. \u00a0Est\u00e1 previsto que se proceda a la lectura de un manifiesto y se instale una stand con venta y trueque de libros. A continuaci\u00f3n se presentar\u00e1 el I Certamen de Poes\u00eda, un \u201chomenaje a nuestros mayores\u201d con especial dedicatoria a <strong>Basilio Marruecos<\/strong> y <strong>Carmen Povedano<\/strong>.<\/div>\n<div><\/div>\n<div>Acto seguido, <strong>Pedro Ruiz Cabello Fern\u00e1ndez<\/strong> ofrecer\u00e1 una charla sobre los personajes femeninos de Cervantes.<\/div>\n<div><\/div>\n<div>Este a\u00f1o se han organizado talleres de lectura en horario de ma\u00f1ana sobre c\u00f3mo valorar los libros infantiles, que estar\u00e1 impartido por <strong>Juana D\u00edaz Plaza<\/strong>, t\u00e9cnica para la igualdad de g\u00e9nero.<\/div>\n<div><\/div>\n<div>El viernes, a las 20 horas, se presentar\u00e1 el libro \u00abEn castellano derecho\u00bb, de Pedro Ruiz Cabello Fern\u00e1ndez.<\/div>\n<div><\/div>\n<div>Por la ma\u00f1ana hay una iniciativa fuera de lo que es la programaci\u00f3n pero que destacamos por su importancia:<a class=\"enlaces_contenidos\" href=\"http:\/\/fernandodelosriosceipatarfe.blogspot.com.es\/2016\/04\/feria-del-libro.html\" target=\"_blank\"> <strong>el colegio p\u00fablico Fernando de los R\u00edos organiza \u00a0el viernes 22, en colaboraci\u00f3n con la AMPA El Coliseo, una feria del libro de segunda mano<\/strong><\/a>\u00a0en horario de 9 a 14 horas. Habr\u00e1 libros para todas las edades que se vender\u00e1n por un precio simb\u00f3lico de entre 1 a 5 euros. La recaudaci\u00f3n ir\u00e1 destinada a la compra de una pizarra electr\u00f3nica.<\/div>\n<div><\/div>\n<div>El 25 y 26 de abril, lunes y martes de la siguiente semana, se ha organizado el certamen de lectura y poes\u00eda <strong>\u00abCervantes vive en Atarfe\u00bb<\/strong> que ha contado con la inestimable ayuda de la <strong>Fundaci\u00f3n Sierra Elvira<\/strong> y de los <strong>colegios Atalaya, Clara Campoamor, Fernando de los R\u00edos, Safa <\/strong>y<strong> Medina Elvira<\/strong>.<\/div>\n<div><\/div>\n<div>El viernes 29 se clausura la feria con el cuentacuentos protagonizado por el <strong>Rat\u00f3n de Biblioteca<\/strong>, una actividad organizada por la Biblioteca Municipal que tiene gran aceptaci\u00f3n entre los m\u00e1s peque\u00f1os.<\/div>\n<div><\/div>\n<div>Las personas que quieran <strong><u>inscribirse en los talleres de lectura pueden hacerlo en el Centro Cultural Medina Elvira y en el Centro Municipal de Informaci\u00f3n a la Mujer<\/u><\/strong>.<\/div>\n<div><\/div>\n<p>&nbsp;<\/p>\n<div class=\"contenedor_contenidos_extra\">FICHEROS ADJUNTOS<\/p>\n<p><img data-recalc-dims=\"1\" decoding=\"async\" src=\"https:\/\/i0.wp.com\/www.ciudadatarfe.com\/imagenes\/pdf_fondogris.jpg?w=640\" align=\"absmiddle\" border=\"0\" \/><img data-recalc-dims=\"1\" loading=\"lazy\" decoding=\"async\" src=\"https:\/\/i0.wp.com\/www.ciudadatarfe.com\/imagenes\/espacio.gif?resize=8%2C18\" width=\"8\" height=\"18\" align=\"absmiddle\" border=\"0\" \/><a class=\"contenidos_extra_enlacesinteres_txt\" href=\"http:\/\/www.ciudadatarfe.com\/data\/ficherosadjuntos_contenidosweb\/contenidos_1536_1096_20160419112453.pdf\" target=\"_blank\">Programaci\u00f3n de la Feria del Libro de Atarfe. Del 21 al 29 de abril de 2016<\/a><span class=\"contenidos_extra_enlacesinteres_url\"> [104,78 Kb] <\/span><br \/>\n<img data-recalc-dims=\"1\" loading=\"lazy\" decoding=\"async\" src=\"https:\/\/i0.wp.com\/www.ciudadatarfe.com\/imagenes\/espacio.gif?resize=1%2C5\" width=\"1\" height=\"5\" border=\"0\" \/><\/div>\n","protected":false},"excerpt":{"rendered":"<p>Del 21 al 29 de abril, la Concejal\u00eda de Educaci\u00f3n y Cultura ha organizado un&#8230;<\/p>\n","protected":false},"author":1,"featured_media":8379,"comment_status":"closed","ping_status":"closed","sticky":false,"template":"","format":"standard","meta":{"_coblocks_attr":"","_coblocks_dimensions":"","_coblocks_responsive_height":"","_coblocks_accordion_ie_support":"","jetpack_post_was_ever_published":false,"_jetpack_newsletter_access":"","_jetpack_dont_email_post_to_subs":false,"_jetpack_newsletter_tier_id":0,"_jetpack_memberships_contains_paywalled_content":false,"_jetpack_memberships_contains_paid_content":false,"footnotes":"","jetpack_publicize_message":"","jetpack_publicize_feature_enabled":true,"jetpack_social_post_already_shared":false,"jetpack_social_options":{"image_generator_settings":{"template":"highway","default_image_id":0,"enabled":false},"version":2}},"categories":[2,12,186,44,15],"tags":[81,460],"class_list":["post-8377","post","type-post","status-publish","format-standard","has-post-thumbnail","hentry","category-atarfe","category-cultura","category-instituciones","category-noticias-de-hoy","category-ultimas-noticias","tag-atarfe","tag-feria-del-libro"],"jetpack_publicize_connections":[],"jetpack_featured_media_url":"https:\/\/i0.wp.com\/miradordeatarfe.es\/wp-content\/uploads\/2016\/04\/feria-del-libro-01_opt.jpg?fit=600%2C291&ssl=1","jetpack_likes_enabled":true,"jetpack_sharing_enabled":true,"_links":{"self":[{"href":"https:\/\/miradordeatarfe.es\/index.php?rest_route=\/wp\/v2\/posts\/8377","targetHints":{"allow":["GET"]}}],"collection":[{"href":"https:\/\/miradordeatarfe.es\/index.php?rest_route=\/wp\/v2\/posts"}],"about":[{"href":"https:\/\/miradordeatarfe.es\/index.php?rest_route=\/wp\/v2\/types\/post"}],"author":[{"embeddable":true,"href":"https:\/\/miradordeatarfe.es\/index.php?rest_route=\/wp\/v2\/users\/1"}],"replies":[{"embeddable":true,"href":"https:\/\/miradordeatarfe.es\/index.php?rest_route=%2Fwp%2Fv2%2Fcomments&post=8377"}],"version-history":[{"count":1,"href":"https:\/\/miradordeatarfe.es\/index.php?rest_route=\/wp\/v2\/posts\/8377\/revisions"}],"predecessor-version":[{"id":8380,"href":"https:\/\/miradordeatarfe.es\/index.php?rest_route=\/wp\/v2\/posts\/8377\/revisions\/8380"}],"wp:featuredmedia":[{"embeddable":true,"href":"https:\/\/miradordeatarfe.es\/index.php?rest_route=\/wp\/v2\/media\/8379"}],"wp:attachment":[{"href":"https:\/\/miradordeatarfe.es\/index.php?rest_route=%2Fwp%2Fv2%2Fmedia&parent=8377"}],"wp:term":[{"taxonomy":"category","embeddable":true,"href":"https:\/\/miradordeatarfe.es\/index.php?rest_route=%2Fwp%2Fv2%2Fcategories&post=8377"},{"taxonomy":"post_tag","embeddable":true,"href":"https:\/\/miradordeatarfe.es\/index.php?rest_route=%2Fwp%2Fv2%2Ftags&post=8377"}],"curies":[{"name":"wp","href":"https:\/\/api.w.org\/{rel}","templated":true}]}}