{"id":8402,"date":"2016-04-20T08:42:34","date_gmt":"2016-04-20T08:42:34","guid":{"rendered":"http:\/\/miradordeatarfe.es\/?p=8402"},"modified":"2016-04-20T08:42:34","modified_gmt":"2016-04-20T08:42:34","slug":"sesenta-anos-del-terremoto-ocurrido-el-19-de-abril-de-1956-en-atarfe-por-jose-enrique-granados","status":"publish","type":"post","link":"https:\/\/miradordeatarfe.es\/?p=8402","title":{"rendered":"Sesenta a\u00f1os del terremoto ocurrido el 19 de abril de 1956 en ATARFE. Por Jos\u00e9 Enrique Granados"},"content":{"rendered":"<p style=\"text-align: justify;\">Con motivo del aniversario del terremoto ocurrido en Atarfe en 1956, Jos\u00e9 Enrique Granados rescata un art\u00edculo de Fuencisla Moreno publicado en \u00abAtarfe en papel\u00bb sobre los cambios urban\u00edsticos.<!--more--><br \/>\nUna de las viviendas afectadas por el terremoto. Foto de Paco Rami\u00f3n<\/p>\n<p style=\"text-align: justify;\">El 19 de abril se cumplir\u00e1n 60 a\u00f1os de aquel se\u00edsmo llamado por unos de Atarfe, por otros de Albolote, que cambi\u00f3 por completo la fisionom\u00eda de nuestra comarca. Fue tal el impacto que provoc\u00f3 en la sociedad espa\u00f1ola que hasta el mismo Jefe del Estado se desplaz\u00f3 a la zona semanas m\u00e1s tarde para conocer de primera mano los da\u00f1os causados adem\u00e1s de para inaugurar una de las obras p\u00fablicas de mayor presupuesto de la \u00e9poca, el Pantano del Cubillas.<\/p>\n<p style=\"text-align: justify;\">Sobre este sismo se ha escrito bastante y casi todo est\u00e1 recogido en el libro \u201c<em>Atarfe en el papel<\/em>\u201d editado por el Ayuntamiento de Atarfe en 2007. Para conocer algo m\u00e1s de aquel episodio y como coordinador de aquella obra he querido rescatar alguno de aquellos art\u00edculos. El art\u00edculo de Fuencisla Moreno Rueda nos narra los cambios urban\u00edsticos sufridos en nuestro pueblo tras el terremoto.<\/p>\n<p style=\"text-align: justify;\"><strong><u>Cambios urban\u00edsticos en Atarfe tras el terremoto de 1956<\/u><\/strong><\/p>\n<p style=\"text-align: justify;\">Por <strong>Fuencisla Moreno Rueda<\/strong><\/p>\n<p style=\"text-align: justify;\">Diez d\u00edas antes de lo que era la norma habitual, el alcalde de Atarfe, D. Jos\u00e9 Jim\u00e9nez S\u00e1nchez, convoc\u00f3 Pleno Extraordinario concretamente el d\u00eda 20 de abril de 1956.<\/p>\n<p style=\"text-align: justify;\">\n<p style=\"text-align: justify;\">Hasta esa fecha en Atarfe, seg\u00fan se recoge en el Libro de Actas de ese a\u00f1o, la vida transcurr\u00eda mon\u00f3tonamente, se hac\u00edan gestiones para construir la Casa Cuartel de la Guardia Civil, se pretend\u00eda completar la red de darros y alcantarillado del pueblo, se gestaba la creaci\u00f3n de un Servicio Mancomunado de Odontolog\u00eda junto con el Ayuntamiento de Albolote, se adecentaban sus caminos vecinales y los que un\u00edan el municipio con los pueblos de alrededor y en un ambiente casi festivo, se trataba de rendir homenaje al Papa P\u00edo XII con motivo de su 80 cumplea\u00f1os.<\/p>\n<p style=\"text-align: justify;\">Este ritmo de vida se vio alterado el d\u00eda 19 de abril cuando un fuerte terremoto sacudi\u00f3 a \u00a0la poblaci\u00f3n. El primer testimonio que tenemos de la impresi\u00f3n general del suceso lo encontramos en la sesi\u00f3n plenaria que con car\u00e1cter extraordinario tuvo lugar apenas transcurridas veinticuatro horas del hecho: \u201c Lo precipitado de esta reuni\u00f3n tiene por causa la cat\u00e1strofe que agobia a este pueblo de Atarfe y a todos sus habitantes, como consecuencia del fuerte terremoto producido en la tarde de ayer (concretamente a las 19,39 horas) y que nos tiene sumidos \u00a0en un verdadero p\u00e1nico ya que no solo hemos tenido que lamentar algunas v\u00edctimas, el derrumbamiento de algunos edificios y el agrietamiento de la \u00a0mayor parte de las casas de la poblaci\u00f3n, sino que el temporal que se ha desencadenado y la repetici\u00f3n frecuente del seismo amenaza con convertir la localidad en una verdadera ruina\u201d.<\/p>\n<p style=\"text-align: justify;\">A partir de este momento nada en el pueblo fue importante salvo su reconstrucci\u00f3n f\u00edsica y el intento de normalizar la vida de sus vecinos. Numerosos organismos y asociaciones ben\u00e9ficas prestaron su colaboraci\u00f3n desde el primer momento. Renfe cedi\u00f3 vagones para albergue de las familias que se hab\u00edan quedado sin vivienda, C\u00e1ritas ofreci\u00f3 comida y ropa y numerosos ciudadanos y organismos p\u00fablicos ofrecieron importantes donativos. Pasados los primeros d\u00edas estos vagones fueron sustituidos por tiendas de campa\u00f1a y barracones distribuidas en diferentes zonas del pueblo: Plaza Sta. Ana, Plaza del Ayuntamiento&#8230;<\/p>\n<p style=\"text-align: justify;\">Tambi\u00e9n y \u00a0desde el primer momento se constituyeron comisiones locales para administrar los fondos recaudados y unas semanas \u00a0m\u00e1s tarde \u00a0(a principios del mes de \u00a0Junio), los tres \u00a0municipios m\u00e1s afectados por el terremoto (Atarfe, Albolote y Granada), crearon una Comisi\u00f3n Central bajo la presidencia del Gobernador Civil para \u00a0agilizar los temas nuevos que cada d\u00eda iban surgiendo. Por orden directa del Gobernador se confeccion\u00f3 una lista de afectados por los terremotos en la cual aparecen un total de 1208 personas (316 familias). La mayor\u00eda de estas familias resid\u00edan en las zonas m\u00e1s humildes del pueblo y casi todas ellas contaban con pocos recursos econ\u00f3micos.<\/p>\n<p style=\"text-align: justify;\">La recuperaci\u00f3n econ\u00f3mica de estas familias fue lent\u00edsima. Durante bastantes a\u00f1os despu\u00e9s del terremoto segu\u00edan englosando las listas de necesitados y el Ayuntamiento segu\u00eda socorri\u00e9ndolos en las campa\u00f1as anuales que se realizaban con motivo de Navidad y Reyes\u201c Campa\u00f1a de Invierno\u201d.<\/p>\n<p style=\"text-align: justify;\">Pero de todas las medidas adoptadas y hechos acontecidos, las que m\u00e1s asombro produjeron fueron por una parte, la adoptada por el Consejo de Ministros celebrado en Sevilla el d\u00eda 26 de abril en virtud del cual se deb\u00edan aplicar en todo el municipio las normas establecidas en el Decreto 23 de septiembre de 1939 sobre Reconstrucci\u00f3n Nacional, siendo los servicios de la Direcci\u00f3n General de Regiones Devastadas los encargados de poner en pr\u00e1ctica estas medidas. Al frente de los mismos se encontraba \u00a0 el arquitecto D. Santiago Sanguinetti Lobato y el aparejador D. \u00a0Antonio G\u00f3mez G\u00f3mez. El segundo hecho que pas\u00f3 a ser hist\u00f3rico fue la visita que el d\u00eda 2 de mayo realiz\u00f3 Franco al pueblo acompa\u00f1ado de los Ministros de Agricultura y de la Secretaria General del Movimiento, del Capit\u00e1n General y de otras autoridades provinciales.<\/p>\n<p style=\"text-align: justify;\"><a href=\"https:\/\/i0.wp.com\/miradordeatarfe.es\/wp-content\/uploads\/2016\/04\/1537_1864_20160419190048.jpg?ssl=1\"><img data-recalc-dims=\"1\" loading=\"lazy\" decoding=\"async\" class=\"alignnone size-full wp-image-8404\" src=\"https:\/\/i0.wp.com\/miradordeatarfe.es\/wp-content\/uploads\/2016\/04\/1537_1864_20160419190048.jpg?resize=442%2C273&#038;ssl=1\" alt=\"1537_1864_20160419190048\" width=\"442\" height=\"273\" srcset=\"https:\/\/i0.wp.com\/miradordeatarfe.es\/wp-content\/uploads\/2016\/04\/1537_1864_20160419190048.jpg?w=442&amp;ssl=1 442w, https:\/\/i0.wp.com\/miradordeatarfe.es\/wp-content\/uploads\/2016\/04\/1537_1864_20160419190048.jpg?resize=300%2C185&amp;ssl=1 300w\" sizes=\"auto, (max-width: 442px) 100vw, 442px\" \/><\/a><\/p>\n<p style=\"text-align: justify;\">Foto de Ideal de las tiendas que se instalaron para acoger a los afectados<\/p>\n<p style=\"text-align: justify;\">La visita se centr\u00f3 fundamentalmente en las zonas m\u00e1s siniestradas y en la Casa Convento de hu\u00e9rfanas del Ej\u00e9rcito, regentado por las Hermanas de la Caridad de San Vicente de Pa\u00fal. Con aquella visita la esperanza de soluci\u00f3n fue para todos los vecinos de Atarfe evidente, a pesar de que la reconstrucci\u00f3n se presentaba como una tarea bastante complicada. Independientemente de las viviendas particulares, la mayor\u00eda de ellas en estado ruinoso, se confeccion\u00f3 un listado de los edificios municipales y actuaciones urban\u00edsticas necesarias en el pueblo: construcci\u00f3n de un grupo escolar; construcci\u00f3n casa cuartel de la guardia civil; instalaci\u00f3n de una red para la tra\u00edda de aguas potables;confecci\u00f3n de los proyectos generales de urbanizaci\u00f3n; darros o alcantarillado y pavimentaci\u00f3n de las Plazas Jos\u00e9 Antonio y Queipo de Llano y de las calles Ram\u00f3n y Cajal, Duquesa, Aire y Real; construcci\u00f3n de matadero p\u00fablico; construcci\u00f3n cl\u00ednica m\u00e9dica y cl\u00ednica veterinaria; reparaci\u00f3n de la iglesia parroquial; reparaci\u00f3n del Ayuntamiento; construcci\u00f3n de viviendas para funcionarios municipales y sanitarios.<\/p>\n<p style=\"text-align: justify;\">Al hacerse necesario el traslado de las dependencias del Ayuntamiento a un local particular (Calle Enrique Ruiz Cabello 22), se vio oportuno iniciar los trabajos de reconstrucci\u00f3n por el propio ayuntamiento, d\u00e1ndose el caso de que \u00a0junto con las viviendas particulares, fueron las \u00fanicas actuaciones que en junio de 1957, estaban realizadas.<\/p>\n<p style=\"text-align: justify;\">El Ayuntamiento consider\u00f3 la tra\u00edda de Aguas Potables como uno de los principales problemas del municipio y as\u00ed lo expuso en repetidas ocasiones, sin embargo fue la construcci\u00f3n de las escuelas la batalla que se mantuvo durante m\u00e1s a\u00f1os y a la que se le prest\u00f3 una mayor atenci\u00f3n.<\/p>\n<p style=\"text-align: justify;\">Las antiguas escuelas situadas en la Plaza del Horno Viejo y en la Calle San Felipe, que atend\u00edan la educaci\u00f3n a ni\u00f1os y ni\u00f1as respectivamente fueron desalojadas tras los terremotos debido al estado ruinoso de las mismas, con lo cual la ense\u00f1anza primaria en el municipio qued\u00f3 totalmente desatendida, con excepci\u00f3n de la impartida en las escuelas privadas existentes en el pueblo.<\/p>\n<p style=\"text-align: justify;\">En julio de 1956 se env\u00eda un escrito al Ministerio de Educaci\u00f3n Nacional solicitando la construcci\u00f3n de locales &#8211; escuelas prefabricadas con 14 secciones, 7 para ni\u00f1os y 7 para ni\u00f1as , los cuales se construyen a finales de 1956, mientras que el Ayuntamiento inicia un largu\u00edsimo tr\u00e1mite que habr\u00eda de durar varios a\u00f1os.<\/p>\n<p style=\"text-align: justify;\">Siguiendo las instrucciones recibidas por la Direcci\u00f3n General de Regiones Devastadas, el Ayuntamiento afronta la tarea de buscar el solar adecuado para los futuros grupos escolares. El solar en cuesti\u00f3n fue una haza denominada \u201cLa Puerta\u201d situada en el pago del Lunes, propiedad de D. Rafael Pimentel Enr\u00edquez de Luna, con una superficie de dos mil quinientos cuarenta y dos metros cuadrados y diez cent\u00edmetros, por el que se abona la cantidad de cuarenta y ocho mil ciento veintiuna pesetas con noventa y cinco c\u00e9ntimos. \u00a0A\u00f1os m\u00e1s tarde en 1963 cuando casi nadie recordaba ya las promesas hechas como consecuencia de los terremotos, fueron inaugurados estos grupos escolares.<\/p>\n<p style=\"text-align: justify;\">Atarfe, a partir de la fecha en la que tuvieron lugar los terremotos, cambi\u00f3 su fisonom\u00eda. Los proyectos de ensanche y \u00a0engrandecimiento del pueblo \u00a0se hicieron realidad, se abrieron nuevos accesos \u00a0que comunicaban el Barrio del Capit\u00e1n Cort\u00e9s \u00a0con el centro del pueblo por la calle Ram\u00f3n y Cajal, \u00a0se proyect\u00f3 la ampliaci\u00f3n del pueblo por el Barrio de la Prosperidad (hoy conocido como Barrio de las Flores), surgieron barrios nuevos, fueron reconstruidas \u00a0calles enteras y \u00a0se dise\u00f1aron obras de gran envergadura, aunque estas se realizaran mucho m\u00e1s tarde \u00a0o incluso no llegaran a hacerse. De esta manera surgi\u00f3 el pueblo que casi todos llegamos a conocer y que se ha mantenido hasta hace relativamente poco tiempo.<\/p>\n<p style=\"text-align: justify;\">Cuando a principios del mes de mayo de 1956, el alcalde D. Jos\u00e9 Jim\u00e9nez S\u00e1nchez, deja provisionalmente la alcald\u00eda (en el mes de Julio lo har\u00eda de manera definitiva), los documentos oficiales reflejan que la causa era el agravamiento de la enfermedad g\u00e1strica que padec\u00eda y que el agravamiento hab\u00eda tenido por causa \u201cla intensa labor y preocupaci\u00f3n a que se vio sometido por su obligada y excesiva preocupaci\u00f3n en tantos problemas y cuestiones que el terremoto ha suscitado\u201d.<\/p>\n<p style=\"text-align: justify;\">Esas elogiosas palabras, probablemente exageradas, no eran del todo inciertas, porque la preocupaci\u00f3n fue tan intensa que \u00a0hoy, cuando han transcurrido \u00a045 a\u00f1os desde aquel d\u00eda, quienes lo vivieron a\u00fan siguen record\u00e1ndolo con todos los detalles. Con aguda precisi\u00f3n evocan los momentos previos, lo que hac\u00edan, lo que hablaban, el ruido ronco de la tierra, los trigos ondul\u00e1ndose, los tabiques de tierra y la suerte de que en aquel preciso momento, quien lo contaba estuviese en un lugar alejado de aquel tabique o de aquella viga que al caer destroz\u00f3 su casa, sus muebles y un buen pu\u00f1ado de sue\u00f1os. \u00a0Reviven el miedo que sent\u00edan a que llegara la noche, a dormir en las partes altas de las viviendas, a dejar a los ni\u00f1os solos, miedo a que la tierra volviera a temblar, a que el invierno llegase y a que las casas estuviesen a\u00fan sin terminar.<\/p>\n<p style=\"text-align: justify;\">Esa sensaci\u00f3n que a\u00fan pervive en quienes lo vivieron, ha sido trasmitida a los que s\u00f3lo tenemos conocimiento del terremoto a trav\u00e9s de los documentos guardados en los archivos. Pero cada a\u00f1o, al llegar el mes de abril, alguien de nuestro entorno cercano nos recuerda, probablemente todav\u00eda con algo de miedo que \u201cHoy hace a\u00f1os que en Atarfe dio el terremoto\u201d.<\/p>\n","protected":false},"excerpt":{"rendered":"<p>Con motivo del aniversario del terremoto ocurrido en Atarfe en 1956, Jos\u00e9 Enrique Granados rescata&#8230;<\/p>\n","protected":false},"author":1,"featured_media":8403,"comment_status":"closed","ping_status":"closed","sticky":false,"template":"","format":"standard","meta":{"_coblocks_attr":"","_coblocks_dimensions":"","_coblocks_responsive_height":"","_coblocks_accordion_ie_support":"","jetpack_post_was_ever_published":false,"_jetpack_newsletter_access":"","_jetpack_dont_email_post_to_subs":false,"_jetpack_newsletter_tier_id":0,"_jetpack_memberships_contains_paywalled_content":false,"_jetpack_memberships_contains_paid_content":false,"footnotes":"","jetpack_publicize_message":"","jetpack_publicize_feature_enabled":true,"jetpack_social_post_already_shared":false,"jetpack_social_options":{"image_generator_settings":{"template":"highway","default_image_id":0,"enabled":false},"version":2}},"categories":[2,1225,38,44,15],"tags":[81,615,452],"class_list":["post-8402","post","type-post","status-publish","format-standard","has-post-thumbnail","hentry","category-atarfe","category-ha-de-atarfe","category-opinion-de-jose-enrique-granados","category-noticias-de-hoy","category-ultimas-noticias","tag-atarfe","tag-barrios","tag-terremoto"],"jetpack_publicize_connections":[],"jetpack_featured_media_url":"https:\/\/i0.wp.com\/miradordeatarfe.es\/wp-content\/uploads\/2016\/04\/1537_1862_20160419185609.jpg?fit=442%2C358&ssl=1","jetpack_likes_enabled":true,"jetpack_sharing_enabled":true,"_links":{"self":[{"href":"https:\/\/miradordeatarfe.es\/index.php?rest_route=\/wp\/v2\/posts\/8402","targetHints":{"allow":["GET"]}}],"collection":[{"href":"https:\/\/miradordeatarfe.es\/index.php?rest_route=\/wp\/v2\/posts"}],"about":[{"href":"https:\/\/miradordeatarfe.es\/index.php?rest_route=\/wp\/v2\/types\/post"}],"author":[{"embeddable":true,"href":"https:\/\/miradordeatarfe.es\/index.php?rest_route=\/wp\/v2\/users\/1"}],"replies":[{"embeddable":true,"href":"https:\/\/miradordeatarfe.es\/index.php?rest_route=%2Fwp%2Fv2%2Fcomments&post=8402"}],"version-history":[{"count":1,"href":"https:\/\/miradordeatarfe.es\/index.php?rest_route=\/wp\/v2\/posts\/8402\/revisions"}],"predecessor-version":[{"id":8405,"href":"https:\/\/miradordeatarfe.es\/index.php?rest_route=\/wp\/v2\/posts\/8402\/revisions\/8405"}],"wp:featuredmedia":[{"embeddable":true,"href":"https:\/\/miradordeatarfe.es\/index.php?rest_route=\/wp\/v2\/media\/8403"}],"wp:attachment":[{"href":"https:\/\/miradordeatarfe.es\/index.php?rest_route=%2Fwp%2Fv2%2Fmedia&parent=8402"}],"wp:term":[{"taxonomy":"category","embeddable":true,"href":"https:\/\/miradordeatarfe.es\/index.php?rest_route=%2Fwp%2Fv2%2Fcategories&post=8402"},{"taxonomy":"post_tag","embeddable":true,"href":"https:\/\/miradordeatarfe.es\/index.php?rest_route=%2Fwp%2Fv2%2Ftags&post=8402"}],"curies":[{"name":"wp","href":"https:\/\/api.w.org\/{rel}","templated":true}]}}