{"id":8407,"date":"2016-04-21T08:09:47","date_gmt":"2016-04-21T08:09:47","guid":{"rendered":"http:\/\/miradordeatarfe.es\/?p=8407"},"modified":"2016-04-21T08:09:47","modified_gmt":"2016-04-21T08:09:47","slug":"atarfe-final-cadete-femenina-de-voleibol","status":"publish","type":"post","link":"https:\/\/miradordeatarfe.es\/?p=8407","title":{"rendered":"ATARFE: FINAL CADETE FEMENINA DE VOLEIBOL"},"content":{"rendered":"<p>Las chicas del <strong>Club Deportivo Uni\u00f3n Voleibol de Atarfe juegan el viernes 22, a las 18 horas,<\/strong> la final de la categor\u00eda cadete con el Benal\u00faa. <!--more--><a href=\"https:\/\/i0.wp.com\/miradordeatarfe.es\/wp-content\/uploads\/2016\/04\/12993560_1073943799336156_229049483044151171_n.jpg?ssl=1\"><img data-recalc-dims=\"1\" loading=\"lazy\" decoding=\"async\" class=\"alignnone  wp-image-8408\" src=\"https:\/\/i0.wp.com\/miradordeatarfe.es\/wp-content\/uploads\/2016\/04\/12993560_1073943799336156_229049483044151171_n.jpg?resize=640%2C640&#038;ssl=1\" alt=\"12993560_1073943799336156_229049483044151171_n\" width=\"640\" height=\"640\" srcset=\"https:\/\/i0.wp.com\/miradordeatarfe.es\/wp-content\/uploads\/2016\/04\/12993560_1073943799336156_229049483044151171_n.jpg?w=480&amp;ssl=1 480w, https:\/\/i0.wp.com\/miradordeatarfe.es\/wp-content\/uploads\/2016\/04\/12993560_1073943799336156_229049483044151171_n.jpg?resize=150%2C150&amp;ssl=1 150w, https:\/\/i0.wp.com\/miradordeatarfe.es\/wp-content\/uploads\/2016\/04\/12993560_1073943799336156_229049483044151171_n.jpg?resize=300%2C300&amp;ssl=1 300w\" sizes=\"auto, (max-width: 640px) 100vw, 640px\" \/><\/a><\/p>\n<p>\u00bfQu\u00e9 os parece si llenamos el Pabell\u00f3n Municipal de Atarfe para animarlas? Seguro que les hace mucho ilusi\u00f3n. Os vamos a pedir que difund\u00e1is este cartel para, entre todos, tratar de completar el aforo del pabell\u00f3n. Llegar hasta la final es ya un premio al trabajo bien hecho, ahora solo falta poner la guinda a la temporada. \u00a1\u00a1\u00a1Vamos, chicas!!!<\/p>\n","protected":false},"excerpt":{"rendered":"<p>Las chicas del Club Deportivo Uni\u00f3n Voleibol de Atarfe juegan el viernes 22, a las&#8230;<\/p>\n","protected":false},"author":1,"featured_media":0,"comment_status":"closed","ping_status":"closed","sticky":false,"template":"","format":"standard","meta":{"_coblocks_attr":"","_coblocks_dimensions":"","_coblocks_responsive_height":"","_coblocks_accordion_ie_support":"","jetpack_post_was_ever_published":false,"_jetpack_newsletter_access":"","_jetpack_dont_email_post_to_subs":false,"_jetpack_newsletter_tier_id":0,"_jetpack_memberships_contains_paywalled_content":false,"_jetpack_memberships_contains_paid_content":false,"footnotes":"","jetpack_publicize_message":"","jetpack_publicize_feature_enabled":true,"jetpack_social_post_already_shared":false,"jetpack_social_options":{"image_generator_settings":{"template":"highway","default_image_id":0,"enabled":false},"version":2}},"categories":[2,182,44,15],"tags":[81,123,727],"class_list":["post-8407","post","type-post","status-publish","format-standard","hentry","category-atarfe","category-deportes","category-noticias-de-hoy","category-ultimas-noticias","tag-atarfe","tag-deportes","tag-voleibol"],"jetpack_publicize_connections":[],"jetpack_featured_media_url":"","jetpack_likes_enabled":true,"jetpack_sharing_enabled":true,"_links":{"self":[{"href":"https:\/\/miradordeatarfe.es\/index.php?rest_route=\/wp\/v2\/posts\/8407","targetHints":{"allow":["GET"]}}],"collection":[{"href":"https:\/\/miradordeatarfe.es\/index.php?rest_route=\/wp\/v2\/posts"}],"about":[{"href":"https:\/\/miradordeatarfe.es\/index.php?rest_route=\/wp\/v2\/types\/post"}],"author":[{"embeddable":true,"href":"https:\/\/miradordeatarfe.es\/index.php?rest_route=\/wp\/v2\/users\/1"}],"replies":[{"embeddable":true,"href":"https:\/\/miradordeatarfe.es\/index.php?rest_route=%2Fwp%2Fv2%2Fcomments&post=8407"}],"version-history":[{"count":1,"href":"https:\/\/miradordeatarfe.es\/index.php?rest_route=\/wp\/v2\/posts\/8407\/revisions"}],"predecessor-version":[{"id":8409,"href":"https:\/\/miradordeatarfe.es\/index.php?rest_route=\/wp\/v2\/posts\/8407\/revisions\/8409"}],"wp:attachment":[{"href":"https:\/\/miradordeatarfe.es\/index.php?rest_route=%2Fwp%2Fv2%2Fmedia&parent=8407"}],"wp:term":[{"taxonomy":"category","embeddable":true,"href":"https:\/\/miradordeatarfe.es\/index.php?rest_route=%2Fwp%2Fv2%2Fcategories&post=8407"},{"taxonomy":"post_tag","embeddable":true,"href":"https:\/\/miradordeatarfe.es\/index.php?rest_route=%2Fwp%2Fv2%2Ftags&post=8407"}],"curies":[{"name":"wp","href":"https:\/\/api.w.org\/{rel}","templated":true}]}}