{"id":8410,"date":"2016-04-22T07:52:06","date_gmt":"2016-04-22T05:52:06","guid":{"rendered":"http:\/\/miradordeatarfe.es\/?p=8410"},"modified":"2023-10-21T10:56:06","modified_gmt":"2023-10-21T08:56:06","slug":"ciudadanos-atarfe-pide-al-equipo-de-gobierno-mayor-transparencia-en-la-gestion-del-caso-de-medina-elvira","status":"publish","type":"post","link":"https:\/\/miradordeatarfe.es\/?p=8410","title":{"rendered":"Ciudadanos Atarfe pide al equipo de Gobierno \u00abmayor transparencia\u00bb en la gesti\u00f3n del caso de Medina Elvira"},"content":{"rendered":"<p>El portavoz, Antonio Mart\u00edn, niega las palabras del alcalde de que el Consistorio se encuentra \u00aben la UVI\u00bb y resalta que \u00aben reiteradas ocasiones\u00bb su grupo ha ofrecido \u00abtotal colaboraci\u00f3n\u00bb para abordar los grandes temas que afectan al municipio<!--more--><\/p>\n<p>El grupo municipal de Ciudadanos en el Ayuntamiento de <strong>Atarfe<\/strong> ha criticado las declaraciones del alcalde del municipio, Francisco Rodr\u00edguez, y de la teniente de alcalde, Rosa Mar\u00eda F\u00e9lix, declarando que <em>el Consistorio se encuentra \u201cen la UVI\u201d<\/em> y que hab\u00eda lanzado un \u201cSOS al resto de partidos para regularizar la situaci\u00f3n\u201d. El portavoz del grupo de Ciudadanos, Antonio Mart\u00edn, ha negado rotundamente esas manifestaciones, resaltando que \u201cen reiteradas ocasiones\u201d su grupo ha ofrecido \u201ctotal colaboraci\u00f3n\u201d para abordar los grandes temas que afectan al Ayuntamiento.<\/p>\n<p>\u201cEn ning\u00fan momento el equipo de Gobierno de Por Atarfe S\u00ed (PASI) ha informado al grupo municipal de Ciudadanos del caso de Medina Elvira ni de ning\u00fan otro\u201d, ha resaltado Mart\u00edn, quien ha aclarado que su grupo ha realizado \u201cinnumerables ofrecimientos para trabajar por y para los atarfe\u00f1os\u201d y que todos los esfuerzos \u201chan resultado bald\u00edos\u201d.<\/p>\n<p>El portavoz de C\u2019s en <strong>Atarfe<\/strong> ha mostrado su preocupaci\u00f3n por todas las consecuencias que pueda tener el caso de Medina Elvira para el Ayuntamiento de <strong>Atarfe<\/strong>, ya que la actual deuda de 70 millones de euros \u201cpodr\u00eda incrementarse en 300 millones m\u00e1s\u201d: \u201cSi el equipo de Gobierno quiere afrontar la situaci\u00f3n con determinaci\u00f3n, el grupo de Ciudadanos va a estar dando la cara, pero le pedimos total transparencia con la oposici\u00f3n\u201d<\/p>\n<p>&nbsp;<\/p>\n<p><a href=\"http:\/\/www.ahoragranada.com\/noticia\/ciudadanos-atarfe-pide-al-equi\">http:\/\/www.ahoragranada.com\/noticia\/ciudadanos-atarfe-pide-al-equi<\/a><\/p>\n","protected":false},"excerpt":{"rendered":"<p>El portavoz, Antonio Mart\u00edn, niega las palabras del alcalde de que el Consistorio se encuentra&#8230;<\/p>\n","protected":false},"author":1,"featured_media":8411,"comment_status":"closed","ping_status":"closed","sticky":false,"template":"","format":"standard","meta":{"_coblocks_attr":"","_coblocks_dimensions":"","_coblocks_responsive_height":"","_coblocks_accordion_ie_support":"","jetpack_post_was_ever_published":false,"_jetpack_newsletter_access":"","_jetpack_dont_email_post_to_subs":false,"_jetpack_newsletter_tier_id":0,"_jetpack_memberships_contains_paywalled_content":false,"_jetpack_memberships_contains_paid_content":false,"footnotes":"","jetpack_publicize_message":"","jetpack_publicize_feature_enabled":true,"jetpack_social_post_already_shared":false,"jetpack_social_options":{"image_generator_settings":{"template":"highway","default_image_id":0,"enabled":false},"version":2}},"categories":[1161,9029,5359,10431],"tags":[81,500,2075],"class_list":["post-8410","post","type-post","status-publish","format-standard","has-post-thumbnail","hentry","category-ciudadania","category-la-cora-de-ilbira","category-madinat-ilbira","category-medina-elvira-2","tag-atarfe","tag-ciudadanos","tag-urbanismo"],"jetpack_publicize_connections":[],"jetpack_featured_media_url":"https:\/\/i0.wp.com\/miradordeatarfe.es\/wp-content\/uploads\/2016\/04\/Ciudadanos-Atarfe-552x310.jpg?fit=552%2C310&ssl=1","jetpack_likes_enabled":true,"jetpack_sharing_enabled":true,"_links":{"self":[{"href":"https:\/\/miradordeatarfe.es\/index.php?rest_route=\/wp\/v2\/posts\/8410","targetHints":{"allow":["GET"]}}],"collection":[{"href":"https:\/\/miradordeatarfe.es\/index.php?rest_route=\/wp\/v2\/posts"}],"about":[{"href":"https:\/\/miradordeatarfe.es\/index.php?rest_route=\/wp\/v2\/types\/post"}],"author":[{"embeddable":true,"href":"https:\/\/miradordeatarfe.es\/index.php?rest_route=\/wp\/v2\/users\/1"}],"replies":[{"embeddable":true,"href":"https:\/\/miradordeatarfe.es\/index.php?rest_route=%2Fwp%2Fv2%2Fcomments&post=8410"}],"version-history":[{"count":2,"href":"https:\/\/miradordeatarfe.es\/index.php?rest_route=\/wp\/v2\/posts\/8410\/revisions"}],"predecessor-version":[{"id":8413,"href":"https:\/\/miradordeatarfe.es\/index.php?rest_route=\/wp\/v2\/posts\/8410\/revisions\/8413"}],"wp:featuredmedia":[{"embeddable":true,"href":"https:\/\/miradordeatarfe.es\/index.php?rest_route=\/wp\/v2\/media\/8411"}],"wp:attachment":[{"href":"https:\/\/miradordeatarfe.es\/index.php?rest_route=%2Fwp%2Fv2%2Fmedia&parent=8410"}],"wp:term":[{"taxonomy":"category","embeddable":true,"href":"https:\/\/miradordeatarfe.es\/index.php?rest_route=%2Fwp%2Fv2%2Fcategories&post=8410"},{"taxonomy":"post_tag","embeddable":true,"href":"https:\/\/miradordeatarfe.es\/index.php?rest_route=%2Fwp%2Fv2%2Ftags&post=8410"}],"curies":[{"name":"wp","href":"https:\/\/api.w.org\/{rel}","templated":true}]}}