{"id":8414,"date":"2016-04-23T09:00:31","date_gmt":"2016-04-23T09:00:31","guid":{"rendered":"http:\/\/miradordeatarfe.es\/?p=8414"},"modified":"2016-04-23T09:20:19","modified_gmt":"2016-04-23T09:20:19","slug":"colegios-de-atarfe-albolote-cijuela-y-calicasas-se-benefician-del-programa-de-aqualogia-de-aguasvira","status":"publish","type":"post","link":"https:\/\/miradordeatarfe.es\/?p=8414","title":{"rendered":"Colegios de Atarfe, Albolote, Cijuela y Calicasas se benefician del programa de Aqualog\u00eda de Aguasvira"},"content":{"rendered":"<p>M\u00e1s de 150 escolares participan en este proyecto sobre el buen uso del agua y el cuidado del medio ambiente<!--more--><\/p>\n<p>M\u00e1s de 150 escolares de municipios del cintur\u00f3n han aprendido en sus aulas a hacer un uso\u00a0racional y sostenible del agua y a cuidar al medio ambiente y los recursos naturales gracias al programa \u2018Aqualog\u00eda\u2019, desarrollado por Aguasvira, la empresa que gestiona el\u00a0ciclo integral del agua en 22 municipios de la zona norte del \u00e1rea metropolitana de\u00a0<strong>Granada<\/strong> y que se encuentra integrada en el Consorcio Vega-Sierra Elvira y participada\u00a0por el grupo andaluz Hidralia.<\/p>\n<p>En lo que va de a\u00f1o, el programa, impartido por un educador con ayuda de instrumentos\u00a0digitales y din\u00e1micas de grupo, se ha realizado con \u00e9xito ante alumnos de tercero de\u00a0Primaria de los colegios \u2018Abad\u00eda\u2019 de <strong>Albolote<\/strong>, \u2018<span style=\"text-decoration: underline;\"><strong>Medina Elvira\u2019 de Atarfe,<\/strong><\/span> \u2018Nuestra\u00a0Se\u00f1ora del Rosario\u2019 de <strong>Calicasas<\/strong> y \u2018Rogelio Arasil Esteban\u2019, de <strong>Cijuela<\/strong>.<\/p>\n<p>Seg\u00fan el director-gerente de Aguasvira, Gonzalo Jim\u00e9nez, el programa educativo es\u00a0\u201cm\u00e1s ambicioso\u201d y se quiere llevar a m\u00e1s colegios de su entorno, \u201cpara que el agua y el\u00a0medio ambiente est\u00e9n presentes entre los escolares y as\u00ed contribuir a la difusi\u00f3n de la\u00a0cultura e importancia de un desarrollo sostenible y del cuidado de la naturaleza y sus\u00a0elementos\u201d.<\/p>\n<p>El programa tiene al agua como protagonista y la presenta desde un una perspectiva y\u00a0un punto de vista acorde y ajustado con los retos y oportunidades del mundo actual y\u00a0futuro: inteligente, saludable y sostenible. As\u00ed, con la ayuda del educador, y de cinco\u00a0personajes imaginarios, se desarrollan talleres sobre el ciclo integral del agua con la\u00a0intenci\u00f3n de fomentar entre los alumnos una actitud positiva ante el medio ambiente.<\/p>\n<p>Los alumnos realizan actividades pr\u00e1cticas donde, en funci\u00f3n del nivel educativo, son\u00a0parte activa en el desarrollo de un cuento, construyen el ciclo del agua a partir de sus\u00a0conocimientos previos, juegan a descubrir el consumo de agua en un centro educativo,\u00a0descubren la red de transporte de aguas, simulan la gesti\u00f3n del agua de una ciudad,\u00a0reflexionan sobre c\u00f3mo ahorrar agua y c\u00f3mo evitar que se ensucie, experimentan\u00a0t\u00e9cnicas de laboratorio para analizar y limpiar el agua, etc\u2026. Todo ello para llegar a\u00a0construir los conocimientos te\u00f3ricos que plantea el programa: potabilizaci\u00f3n, consumo,\u00a0depuraci\u00f3n, reutilizaci\u00f3n y retorno al medio.<\/p>\n<p>\u201cSe trata de que\u00a0los peque\u00f1os conozcan y aprendan, de manera divertida y \u00e1gil, el ciclo integral del agua\u00a0en sus municipios, y mediante los juegos puedan trabajar en clase qu\u00e9 uso del agua se\u00a0hace en el colegio, c\u00f3mo llega el agua a sus casas o qu\u00e9 tratamientos se deben hacer\u00a0para poder beberla o para devolverla al medio natural\u201d, ha asegurado\u00a0el presidente del Consorcio Vega-Sierra Elvira, Noel L\u00f3pez.<\/p>\n<p>Los objetivos educativos de Aqualog\u00eda, al margen de promover el uso racional del agua,\u00a0pasan por concienciar a los escolares sobre la importancia del agua y el medio ambiente, acercar a los escolares el conocimiento de los ciclos natural y urbano del\u00a0agua, potenciar la participaci\u00f3n y poner a disposici\u00f3n de los profesores un recurso\u00a0did\u00e1ctico adaptado al curr\u00edculum de cada ciclo educativo.<\/p>\n","protected":false},"excerpt":{"rendered":"<p>M\u00e1s de 150 escolares participan en este proyecto sobre el buen uso del agua y&#8230;<\/p>\n","protected":false},"author":1,"featured_media":8415,"comment_status":"closed","ping_status":"closed","sticky":false,"template":"","format":"standard","meta":{"_coblocks_attr":"","_coblocks_dimensions":"","_coblocks_responsive_height":"","_coblocks_accordion_ie_support":"","jetpack_post_was_ever_published":false,"_jetpack_newsletter_access":"","_jetpack_dont_email_post_to_subs":false,"_jetpack_newsletter_tier_id":0,"_jetpack_memberships_contains_paywalled_content":false,"_jetpack_memberships_contains_paid_content":false,"footnotes":"","jetpack_publicize_message":"","jetpack_publicize_feature_enabled":true,"jetpack_social_post_already_shared":false,"jetpack_social_options":{"image_generator_settings":{"template":"highway","default_image_id":0,"enabled":false},"version":2}},"categories":[2,187,44,15],"tags":[977,81,27],"class_list":["post-8414","post","type-post","status-publish","format-standard","has-post-thumbnail","hentry","category-atarfe","category-centros-educativos","category-noticias-de-hoy","category-ultimas-noticias","tag-aguasvira","tag-atarfe","tag-educacion"],"jetpack_publicize_connections":[],"jetpack_featured_media_url":"https:\/\/i0.wp.com\/miradordeatarfe.es\/wp-content\/uploads\/2016\/04\/Aguasvira-Colegios-552x310.jpg?fit=552%2C310&ssl=1","jetpack_likes_enabled":true,"jetpack_sharing_enabled":true,"_links":{"self":[{"href":"https:\/\/miradordeatarfe.es\/index.php?rest_route=\/wp\/v2\/posts\/8414","targetHints":{"allow":["GET"]}}],"collection":[{"href":"https:\/\/miradordeatarfe.es\/index.php?rest_route=\/wp\/v2\/posts"}],"about":[{"href":"https:\/\/miradordeatarfe.es\/index.php?rest_route=\/wp\/v2\/types\/post"}],"author":[{"embeddable":true,"href":"https:\/\/miradordeatarfe.es\/index.php?rest_route=\/wp\/v2\/users\/1"}],"replies":[{"embeddable":true,"href":"https:\/\/miradordeatarfe.es\/index.php?rest_route=%2Fwp%2Fv2%2Fcomments&post=8414"}],"version-history":[{"count":1,"href":"https:\/\/miradordeatarfe.es\/index.php?rest_route=\/wp\/v2\/posts\/8414\/revisions"}],"predecessor-version":[{"id":8416,"href":"https:\/\/miradordeatarfe.es\/index.php?rest_route=\/wp\/v2\/posts\/8414\/revisions\/8416"}],"wp:featuredmedia":[{"embeddable":true,"href":"https:\/\/miradordeatarfe.es\/index.php?rest_route=\/wp\/v2\/media\/8415"}],"wp:attachment":[{"href":"https:\/\/miradordeatarfe.es\/index.php?rest_route=%2Fwp%2Fv2%2Fmedia&parent=8414"}],"wp:term":[{"taxonomy":"category","embeddable":true,"href":"https:\/\/miradordeatarfe.es\/index.php?rest_route=%2Fwp%2Fv2%2Fcategories&post=8414"},{"taxonomy":"post_tag","embeddable":true,"href":"https:\/\/miradordeatarfe.es\/index.php?rest_route=%2Fwp%2Fv2%2Ftags&post=8414"}],"curies":[{"name":"wp","href":"https:\/\/api.w.org\/{rel}","templated":true}]}}