{"id":8417,"date":"2016-04-22T07:45:20","date_gmt":"2016-04-22T07:45:20","guid":{"rendered":"http:\/\/miradordeatarfe.es\/?p=8417"},"modified":"2016-04-22T07:52:43","modified_gmt":"2016-04-22T07:52:43","slug":"la-plataforma-vegaeduca-celebra-el-dia-de-la-tierra-con-la-vii-ciclo-ruta","status":"publish","type":"post","link":"https:\/\/miradordeatarfe.es\/?p=8417","title":{"rendered":"La Plataforma VegaEduca celebra el D\u00eda de la Tierra con la VII Ciclo Ruta"},"content":{"rendered":"<h4>En esta VII Edici\u00f3n de VegaEduca han participado el alumnado de la Universidad de Granada y de 142 centros educativos de la provincia<\/h4>\n<p><!--more--><\/p>\n<p>La Plataforma VegaEduca celebr\u00f3 el D\u00eda de la Tierra ayer dia 21 haci\u00e9ndolo coincidir con la<strong> celebraci\u00f3n local del D\u00eda de la Vega y programando la VII Ciclo Ruta<\/strong>, conectada con la VII EcoMarcha que se vendr\u00e1 celebrando desde hoy.<\/p>\n<p>En esta VII Edici\u00f3n de VegaEduca participar\u00e1 el alumnado de la <strong>Universidad de Granada y de 142 centros educativos<\/strong> (colegios e institutos) de la provincia de Granada. Cerca de <strong>23.000 alumn@s<\/strong> van a celebrar actividades durante esta semana dedicada a la concienciaci\u00f3n sobre la necesidad de cuidar la Tierra con esta acci\u00f3n multidisciplinar cada vez m\u00e1s arraigada en nuestras aulas:<strong> \u201cPiensa en Global, act\u00faa en local\u201d.<\/strong><\/p>\n<p>La VII Ciclo Ruta, conectada con la VII EcoMarcha que se celebrar\u00f3 ayer, se realiz\u00f3 en bicicleta y cont\u00f3 con la participaci\u00f3n de los centros de la capital que se han adherido.<\/p>\n<p>Ser\u00e1 la sede nueva de Diputaci\u00f3n el punto de partida para comenzar el recorrido que finalizar\u00e1 en el Museo Memoria de Andaluc\u00eda (CajaGranada), instituci\u00f3n que acoge el acto final de este evento. Aqu\u00ed confluye el encuentro de las antorchas que va a transportar el alumnado desde la jornada anterior en su recorrido por la orograf\u00eda de la vega de Granada y el r\u00edo Genil, desde su nacimiento en Sierra Nevada hasta Loja.<\/p>\n<p>&nbsp;<\/p>\n<h2 class=\"item-page-title\">VII Eco Marcha y VII CicloRuta en defensa de la Vega, jueves 21 y viernes 22 de abril<\/h2>\n<p>Publicado el 2 de marzo de 2016 por Javier Alonso Magaz<\/p>\n<hr \/>\n<p>Hoy comenzamos abril en uni\u00f3n a la celebraci\u00f3n mundial del D\u00eda de la Tierra, que este a\u00f1o coincidir\u00e1 con nuestra celebraci\u00f3n local.<\/p>\n<p>Ante todo deciros que por fin la Vega importa, que ha calado en el discurso pol\u00edtico, que la cordura se va imponiendo. Ojal\u00e1 el Vegacidio tenga las horas contadas. Sin embargo pensamos que no debemos dejar de seguir insistiendo, nuestra fuerza es la constancia del ejemplo cotidiano, diario, valiente, verdadero.<\/p>\n<p><img data-recalc-dims=\"1\" decoding=\"async\" src=\"https:\/\/i0.wp.com\/vegaeduca.org\/joomla16\/images\/edicion7\/LaVega.jpg?w=640\" alt=\"LaVega\" \/><\/p>\n<p>Hace ocho a\u00f1os ya las aulas de la Vega comenzaron a apostar por habitar el com\u00fan y entr\u00f3 en ellas la brisa de las alamedas, el viento de la esperanza. Los centros escolares afrontamos recoger el testigo que nos correspond\u00eda: frenar la destrucci\u00f3n de nuestra vega milenaria, ancestral, patrimonial, \u00fanica. Y sembramos de esperanza la conservaci\u00f3n y dinamizaci\u00f3n de una de nuestras grandes se\u00f1as de identidad. Educar no es informar, es crear ciudadan\u00eda. Gracias a todos los docentes que os hab\u00e9is implicado cada a\u00f1o con vuestra Vega. Ya no est\u00e1 sola frente a la barbarie. Cada vez m\u00e1s voces gritan al un\u00edsono !Viva la Vega!<\/p>\n<p>Estamos muy cerca de conseguir la protecci\u00f3n este a\u00f1o a trav\u00e9s del Plan Especial de la Vega, ojal\u00e1 sea esta la \u00faltima edici\u00f3n que celebramos sin la promulgaci\u00f3n de una ley que defienda la Vega como fuente de empleo y riqueza. Ojal\u00e1,&#8230;<\/p>\n<p>A disfrutar de la Vega este mes, de ese verde Vega que nos habita este mes de abril .<\/p>\n<p>Para vuestra informaci\u00f3n os pasamos el recorrido de la VII EcoMarat\u00f3n que se celebr\u00f3 el jueves 21 de abril, en los pueblos de la Vega y que est\u00e1 conectada con nuestra CicloRuta. Ambas son complementarias.<\/p>\n<p>09:10 Salida de la Escuela Educaci\u00f3n Infantil Media Luna (Pinos Puente)<br \/>\n09:15 Colegio San Pascula Bail\u00f3n (Pinos Puente)<br \/>\n09:16 Colegio Cerro de los Infantes (Pinos Puente)<br \/>\n09:40 Colegio Las Alhomas (Zujaira)<br \/>\n10:00 Colegio Juan Pablo I (Valderrubio)<br \/>\n10:15 Recoge IES Fernado de los R\u00edos (Fuente Vaqueros)<br \/>\nRecibe el CEIP Federico Garc\u00eda Lorca y se la devuelve de nuevo al IES (Fuente Vaqueros)<br \/>\n10:45 Colegio Virgen del Espino (Chauchina)<br \/>\n10:46 Colegio El Sauce (Chauchina)<br \/>\n10:50 Escuela Agraria El Soto (Chauchina)<br \/>\n10:55 IES Arj\u00e9 (Chauchina)<br \/>\n<strong>\u00a0\u00a0\u00a0 11:15 Pollos Arenas. Centros de Atarfe.<\/strong><br \/>\n11:25 IES Hispanidad (Santa Fe)<br \/>\n11:35 Colegio Fuente de la Reina (El Jau) (R\u00e9plica de la antorcha)<br \/>\n12:05 Vegas del Genil (termina en Armilla)<\/p>\n<p>12:05 Llegada a Belicena (colegio) de la antorcha que portar\u00e1 el alumnado del IES Hispanidad de Santa Fe<br \/>\n12:10 Purchil<br \/>\n12:15 Ambroz<br \/>\n12:35 C\u00fallar Vega<br \/>\n12:45 H\u00edjar (Las Gabias)<br \/>\n12:55 Las Gabias<br \/>\n13:05 Churriana de la Vega<br \/>\n13:20 Armilla<\/p>\n<p>Cualquier duda poneros en contacto.<\/p>\n<ul>\n<li>Javier Alonso (IES Il\u00edberis)<\/li>\n<li>Manuel Montoya\u00a0 (IES Polit\u00e9nico Hermengildo Lanz)<\/li>\n<\/ul>\n","protected":false},"excerpt":{"rendered":"<p>En esta VII Edici\u00f3n de VegaEduca han participado el alumnado de la Universidad de Granada&#8230;<\/p>\n","protected":false},"author":1,"featured_media":8418,"comment_status":"closed","ping_status":"closed","sticky":false,"template":"","format":"standard","meta":{"_coblocks_attr":"","_coblocks_dimensions":"","_coblocks_responsive_height":"","_coblocks_accordion_ie_support":"","jetpack_post_was_ever_published":false,"_jetpack_newsletter_access":"","_jetpack_dont_email_post_to_subs":false,"_jetpack_newsletter_tier_id":0,"_jetpack_memberships_contains_paywalled_content":false,"_jetpack_memberships_contains_paid_content":false,"footnotes":"","jetpack_publicize_message":"","jetpack_publicize_feature_enabled":true,"jetpack_social_post_already_shared":false,"jetpack_social_options":{"image_generator_settings":{"template":"highway","default_image_id":0,"enabled":false},"version":2}},"categories":[2,187,1161,44,15],"tags":[2521],"class_list":["post-8417","post","type-post","status-publish","format-standard","has-post-thumbnail","hentry","category-atarfe","category-centros-educativos","category-ciudadania","category-noticias-de-hoy","category-ultimas-noticias","tag-vega-educa"],"jetpack_publicize_connections":[],"jetpack_featured_media_url":"https:\/\/i0.wp.com\/miradordeatarfe.es\/wp-content\/uploads\/2016\/04\/vega-educa-5.jpg?fit=680%2C420&ssl=1","jetpack_likes_enabled":true,"jetpack_sharing_enabled":true,"_links":{"self":[{"href":"https:\/\/miradordeatarfe.es\/index.php?rest_route=\/wp\/v2\/posts\/8417","targetHints":{"allow":["GET"]}}],"collection":[{"href":"https:\/\/miradordeatarfe.es\/index.php?rest_route=\/wp\/v2\/posts"}],"about":[{"href":"https:\/\/miradordeatarfe.es\/index.php?rest_route=\/wp\/v2\/types\/post"}],"author":[{"embeddable":true,"href":"https:\/\/miradordeatarfe.es\/index.php?rest_route=\/wp\/v2\/users\/1"}],"replies":[{"embeddable":true,"href":"https:\/\/miradordeatarfe.es\/index.php?rest_route=%2Fwp%2Fv2%2Fcomments&post=8417"}],"version-history":[{"count":3,"href":"https:\/\/miradordeatarfe.es\/index.php?rest_route=\/wp\/v2\/posts\/8417\/revisions"}],"predecessor-version":[{"id":8421,"href":"https:\/\/miradordeatarfe.es\/index.php?rest_route=\/wp\/v2\/posts\/8417\/revisions\/8421"}],"wp:featuredmedia":[{"embeddable":true,"href":"https:\/\/miradordeatarfe.es\/index.php?rest_route=\/wp\/v2\/media\/8418"}],"wp:attachment":[{"href":"https:\/\/miradordeatarfe.es\/index.php?rest_route=%2Fwp%2Fv2%2Fmedia&parent=8417"}],"wp:term":[{"taxonomy":"category","embeddable":true,"href":"https:\/\/miradordeatarfe.es\/index.php?rest_route=%2Fwp%2Fv2%2Fcategories&post=8417"},{"taxonomy":"post_tag","embeddable":true,"href":"https:\/\/miradordeatarfe.es\/index.php?rest_route=%2Fwp%2Fv2%2Ftags&post=8417"}],"curies":[{"name":"wp","href":"https:\/\/api.w.org\/{rel}","templated":true}]}}