{"id":8422,"date":"2016-04-24T09:25:27","date_gmt":"2016-04-24T09:25:27","guid":{"rendered":"http:\/\/miradordeatarfe.es\/?p=8422"},"modified":"2016-04-23T09:28:04","modified_gmt":"2016-04-23T09:28:04","slug":"mutaciones-por-juan-alfredo-bellon","status":"publish","type":"post","link":"https:\/\/miradordeatarfe.es\/?p=8422","title":{"rendered":"MUTACIONES Por Juan Alfredo Bell\u00f3n"},"content":{"rendered":"<p>MUTACIONES \u00a0Por Juan Alfredo Bell\u00f3n\u00a0para \u00a0EL MIRADOR DE ATARFE\u00a0del domingo 24-04-2016<!--more--><br \/>\nLo avis\u00e9 las semanas pasadas: la figura de Jos\u00e9 Torres Hurtado era y estaba tan profundamente controvertida, que le iba a resultar m\u00e1s que dif\u00edcil al regidor pi\u00f1ero acabar los cuatro \u00faltimos a\u00f1os de su actual mandato.<br \/>\nYa le result\u00f3 bastante complicado renovar el cargo tras las \u00faltimas elecciones municipales y que Ciudadanos accediera a votarlo pese al tufillo de corrupci\u00f3n que su candidatura levantaba entre la gente, habiendo no pocas sospechas de que la actuaci\u00f3n de sus anteriores equipos de gobierno hab\u00edan actuado sin la debida rectitud en importantes asuntos de la gesti\u00f3n urban\u00edstica y de la administraci\u00f3n municipal, adem\u00e1s de lo llamativo de la inmensa deuda acumulada en los trece a\u00f1os que permaneci\u00f3 al frente del gobierno de la ciudad, lo que permit\u00eda tachar de desafortunada la gesti\u00f3n econ\u00f3mica de sus tres mandatos sucesivos como podr\u00e1 comprobar la ciudadan\u00eda y los que a partir de ahora la gobiernen por la gran losa que lastrar\u00e1 el desarrollo cotidiano de su cometido.<br \/>\nLo novedoso del asunto, adem\u00e1s de lo anterior, es que a la figura del arcarde y a la de su concejal de Urbanismo Isabel Nieto, les haya acompa\u00f1ado la dimisi\u00f3n del primer Teniente de Alcalde y Presidente provincial del PP, Sebasti\u00e1n P\u00e9rez, virtual delf\u00edn y enemigo del alma de Pepito el Tractorista, que estos d\u00edas se ha venido jactando ante quien quisiera escucharlo que \u00e9l pensaba llev\u00e1rselo por delante a toda costa, llegado el caso de su eventual dimisi\u00f3n. Ellos sabr\u00e1n por qu\u00e9. Pero el caso es que as\u00ed no han ayudado a la causa de su partido y no han hecho sino acentuar la sospecha que todos ten\u00edamos del desgobierno que se ven\u00eda perpetrando desde hace tiempo en la Ciudad de los C\u00e1rmenes. A lo que de poco freno habr\u00e1 podido contribuir la designaci\u00f3n de Juan Garc\u00eda Montero como alcalde en funciones y las aspiraciones de Fernando Egea como candidato in pectore desde que se ha conocido el acuerdo unitario de la oposici\u00f3n en apoyar la candidatura eventual de Paco Cuenca a la sucesi\u00f3n de Jos\u00e9 Torres en su sede vacante.<br \/>\nY a\u00fan a \u00faltima hora, ha habido un postrer intento de cerrar filas en torno a la candidatura derechista nominando a Roc\u00edo D\u00edaz, originalmente en las profundidades de la lista original, para encabezar su grupo municipal e intentar salvar los muebles de la alcald\u00eda cosa que, a estas alturas, parece poco probable si no es que Luis Salvador no lo remedia, cantinfleando como es su costumbre y buscando con los subterfugios necesarios la forma de no quitar ni poner rey pero ayudar a su se\u00f1or, que es el PP, y a su se\u00f1orito, que es Sebasti\u00e1n P\u00e9rez. Tan complicada est\u00e1 la salida a la mutaci\u00f3n presente, que dir\u00eda que hay m\u00e1s posibilidades de que se encuentre un sustituto democr\u00e1ticamente satisfactorio a Rajoy en el Gobierno de Espa\u00f1a antes de tener que repetir las elecciones, que dar con una salida limpia y honorable para Granada tras la dimisi\u00f3n de Torres Hurtado. Quiz\u00e1 porque desde aqu\u00ed y de cerca conocemos mejor los pros y, sobre todo, los contras de los actores en escena y tambi\u00e9n por la magnitud de los resabios que en la instancia local se acumulan.<br \/>\nPuede decirse que el sill\u00f3n de la Plaza del Carmen sufre desde antiguo la misma maldici\u00f3n que el trono del Reino Nazar\u00ed: la divisi\u00f3n entre quienes lo sostienen determina la p\u00e9rdida del poder a mano de los aspirantes de turno, como ha ocurrido sucesivamente con la alternancia de inquilinos (PSOE y PP) desde la reanudaci\u00f3n de elecciones municipales libres y democr\u00e1ticas en 1979. El caso es que en los sucesivos resultados de las dos fuerzas hasta ahora hegem\u00f3nicas en Granada, dos han sido los regidores que m\u00e1s tiempo han ostentado el cargo de primer edil: Antonio Jara y Jos\u00e9 Torres Hurtado, siendo as\u00ed que a aquel lo cambi\u00f3 su propio partido por Jes\u00fas Quero y a este otro lo ha descabalgado del cargo la sospecha de corrupci\u00f3n y otras muchas irregularidades, hasta que se conozca el resultado de las investigaciones judiciales.<br \/>\nHabr\u00e1 que esperar al primer pleno municipal, que substancie las tres dimisiones hasta el momento presentadas y a la evaluaci\u00f3n judicial de las investigaciones abiertas con el levantamiento del secreto sumarial de las mismas, coincidiendo con el otro pleno, para saber cu\u00e1les son las posiciones t\u00e1cticas y estrat\u00e9gicas de los actores y actrices de la presente comedia ejemplar granadina, celebr\u00e1ndose como se celebra ahora el 400 aniversario de la muerte de Cervantes, autor de La elecci\u00f3n de los alcaldes del Danzazgo sobre cuyo argumento se confeccion\u00f3 un texto dram\u00e1tico coordinado por Antonio Andr\u00e9s la Pe\u00f1a, que se estren\u00f3 en Granada en la primavera de 1976, por el grupo sevillano Teatro de Mediod\u00eda, con el sugerente t\u00edtulo de Farsantes y figuras de una comedia municipal. El evento tuvo lugar en el Sal\u00f3n de Actos de la Facultad de Ciencias de esta Universidad en el marco del Primer Festival de Teatro Independiente. Qui\u00e9n nos iba a decir entonces, a quienes confi\u00e1bamos en la depuraci\u00f3n de la farsa tardo franquista en los ayuntamientos espa\u00f1oles, que, pasado el tiempo, desembocar\u00edamos en un atranque democr\u00e1tico como el que ahora protagonizamos y sufrimos. Verg\u00fcenza da ver hasta d\u00f3nde y hasta cu\u00e1nto hemos descendido.<\/p>\n","protected":false},"excerpt":{"rendered":"<p>MUTACIONES \u00a0Por Juan Alfredo Bell\u00f3n\u00a0para \u00a0EL MIRADOR DE ATARFE\u00a0del domingo 24-04-2016<\/p>\n","protected":false},"author":1,"featured_media":8423,"comment_status":"closed","ping_status":"closed","sticky":false,"template":"","format":"standard","meta":{"_coblocks_attr":"","_coblocks_dimensions":"","_coblocks_responsive_height":"","_coblocks_accordion_ie_support":"","jetpack_post_was_ever_published":false,"_jetpack_newsletter_access":"","_jetpack_dont_email_post_to_subs":false,"_jetpack_newsletter_tier_id":0,"_jetpack_memberships_contains_paywalled_content":false,"_jetpack_memberships_contains_paid_content":false,"footnotes":"","jetpack_publicize_message":"","jetpack_publicize_feature_enabled":true,"jetpack_social_post_already_shared":false,"jetpack_social_options":{"image_generator_settings":{"template":"highway","default_image_id":0,"enabled":false},"version":2}},"categories":[36,9,44,15],"tags":[864,129,42,349],"class_list":["post-8422","post","type-post","status-publish","format-standard","has-post-thumbnail","hentry","category-opinion-de-juan-alfredo-bellon","category-medio-ambiente","category-noticias-de-hoy","category-ultimas-noticias","tag-ayuntamiento","tag-granada","tag-politica","tag-pp"],"jetpack_publicize_connections":[],"jetpack_featured_media_url":"https:\/\/i0.wp.com\/miradordeatarfe.es\/wp-content\/uploads\/2016\/04\/descarga-6.jpg?fit=300%2C168&ssl=1","jetpack_likes_enabled":true,"jetpack_sharing_enabled":true,"_links":{"self":[{"href":"https:\/\/miradordeatarfe.es\/index.php?rest_route=\/wp\/v2\/posts\/8422","targetHints":{"allow":["GET"]}}],"collection":[{"href":"https:\/\/miradordeatarfe.es\/index.php?rest_route=\/wp\/v2\/posts"}],"about":[{"href":"https:\/\/miradordeatarfe.es\/index.php?rest_route=\/wp\/v2\/types\/post"}],"author":[{"embeddable":true,"href":"https:\/\/miradordeatarfe.es\/index.php?rest_route=\/wp\/v2\/users\/1"}],"replies":[{"embeddable":true,"href":"https:\/\/miradordeatarfe.es\/index.php?rest_route=%2Fwp%2Fv2%2Fcomments&post=8422"}],"version-history":[{"count":1,"href":"https:\/\/miradordeatarfe.es\/index.php?rest_route=\/wp\/v2\/posts\/8422\/revisions"}],"predecessor-version":[{"id":8424,"href":"https:\/\/miradordeatarfe.es\/index.php?rest_route=\/wp\/v2\/posts\/8422\/revisions\/8424"}],"wp:featuredmedia":[{"embeddable":true,"href":"https:\/\/miradordeatarfe.es\/index.php?rest_route=\/wp\/v2\/media\/8423"}],"wp:attachment":[{"href":"https:\/\/miradordeatarfe.es\/index.php?rest_route=%2Fwp%2Fv2%2Fmedia&parent=8422"}],"wp:term":[{"taxonomy":"category","embeddable":true,"href":"https:\/\/miradordeatarfe.es\/index.php?rest_route=%2Fwp%2Fv2%2Fcategories&post=8422"},{"taxonomy":"post_tag","embeddable":true,"href":"https:\/\/miradordeatarfe.es\/index.php?rest_route=%2Fwp%2Fv2%2Ftags&post=8422"}],"curies":[{"name":"wp","href":"https:\/\/api.w.org\/{rel}","templated":true}]}}