{"id":8425,"date":"2016-04-23T09:32:36","date_gmt":"2016-04-23T09:32:36","guid":{"rendered":"http:\/\/miradordeatarfe.es\/?p=8425"},"modified":"2016-04-23T09:32:36","modified_gmt":"2016-04-23T09:32:36","slug":"23-de-abril-dia-del-libro","status":"publish","type":"post","link":"https:\/\/miradordeatarfe.es\/?p=8425","title":{"rendered":"23 DE ABRIL : D\u00cdA DEL LIBRO"},"content":{"rendered":"<p>El 23 de abril se celebra el\u00a0<strong>D\u00eda Internacional del Libro<\/strong>, una conmemoraci\u00f3n que propone diferentes\u00a0actividades literarias\u00a0en todo el pa\u00eds. Muchos lo celebran pero&#8230; \u00bfconocen el origen del D\u00eda Internacional del Libro?.\u00a0<!--more--><\/p>\n<p>Su origen se remonta a principios del siglo XX, m\u00e1s concretamente al a\u00f1o 1926, pero la elecci\u00f3n del <strong>23 de abril\u00a0<\/strong>como fecha para la celebraci\u00f3n viene de siglos atr\u00e1s.<\/p>\n<p>Seg\u00fan podemos leer en<strong> DiadelLibro.eu<\/strong> el 23 de abril de 1616 est\u00e1 registrado como el d\u00eda de la muerte de dos de los escritores m\u00e1s importantes de la historia: <strong>Miguel de Cervantes y William Shakespeare<\/strong>. Tambi\u00e9n en un 23 de abril nacieron o fallecieron otros escritores de gran prestigio como Maurice Druon, K. Laxness, Vladimir Nabokov, Josep Pla o Manuel Mej\u00eda Vallejo.<\/p>\n<div id=\"SMIntext_container\"><\/div>\n<p>Todas estas circunstancias convirtieron este d\u00eda en la <strong>fecha escogida para celebrar el D\u00eda Internacional del Libro<\/strong>\u00a0por la Conferencia General de la UNESCO para rendir un homenaje mundial al libro y sus autores.<\/p>\n<p>No obstante la\u00a0idea original\u00a0de la celebraci\u00f3n del\u00a0<strong>D\u00eda del Libro<\/strong>\u00a0parti\u00f3 del escritor valenciano\u00a0Vicente Clavel Andr\u00e9s, proponi\u00e9ndola a la C\u00e1mara Oficial del Libro de Barcelona en 1923 y aprobada por el rey Alfonso XIII de Espa\u00f1a en 1926.<\/p>\n<div class=\"imgbody\"><img data-recalc-dims=\"1\" decoding=\"async\" class=\"aligncenter\" src=\"https:\/\/i0.wp.com\/cdn3.computerhoy.com\/sites\/computerhoy.com\/files\/editores\/user-10736\/sant_jordi.png?w=640\" alt=\"sant jordi\" \/><\/div>\n<p>Ser\u00eda el 7 de Octubre de 1926 cuando se celebrar\u00eda la primera edici\u00f3n del <strong>D\u00eda del Libro<\/strong>. 7 a\u00f1os despu\u00e9s, en 1930, se cambiar\u00eda esta fecha por el 23 de abril, por los motivos indicados anteriormente.<\/p>\n<p>Esta fecha coincide con la festividad de\u00a0<strong>Sant Jordi<\/strong>\u00a0patr\u00f3n de Catalu\u00f1a y <span class=\"bold\">San Jorge<\/span>, en Arag\u00f3n; y es tradici\u00f3n que l<span class=\"bold\">os\u00a0enamorados se intercambien una rosa y un libro<\/span> en esta fecha tan se\u00f1alada.<\/p>\n<p>\u00bfYa sabes qu\u00e9\u00a0<strong>libro<\/strong> vas a regalar?<\/p>\n<blockquote><p><a title=\"Libros para emprendedores que no deben faltar en tu biblioteca\" href=\"http:\/\/www.ticbeat.com\/empresa-b2b\/libros-para-emprendedores-que-no-deben-faltar-en-tu-biblioteca\/\">Libros para emprendedores que no deben faltar en tu biblioteca<\/a><\/p><\/blockquote>\n","protected":false},"excerpt":{"rendered":"<p>El 23 de abril se celebra el\u00a0D\u00eda Internacional del Libro, una conmemoraci\u00f3n que propone diferentes\u00a0actividades&#8230;<\/p>\n","protected":false},"author":1,"featured_media":8426,"comment_status":"closed","ping_status":"closed","sticky":false,"template":"","format":"standard","meta":{"_coblocks_attr":"","_coblocks_dimensions":"","_coblocks_responsive_height":"","_coblocks_accordion_ie_support":"","jetpack_post_was_ever_published":false,"_jetpack_newsletter_access":"","_jetpack_dont_email_post_to_subs":false,"_jetpack_newsletter_tier_id":0,"_jetpack_memberships_contains_paywalled_content":false,"_jetpack_memberships_contains_paid_content":false,"footnotes":"","jetpack_publicize_message":"","jetpack_publicize_feature_enabled":true,"jetpack_social_post_already_shared":false,"jetpack_social_options":{"image_generator_settings":{"template":"highway","default_image_id":0,"enabled":false},"version":2}},"categories":[12,1161,44,15],"tags":[2174,90,523],"class_list":["post-8425","post","type-post","status-publish","format-standard","has-post-thumbnail","hentry","category-cultura","category-ciudadania","category-noticias-de-hoy","category-ultimas-noticias","tag-cervantes","tag-cultura","tag-dia-del-libro"],"jetpack_publicize_connections":[],"jetpack_featured_media_url":"https:\/\/i0.wp.com\/miradordeatarfe.es\/wp-content\/uploads\/2016\/04\/dia_del_libro_2015.jpg?fit=624%2C352&ssl=1","jetpack_likes_enabled":true,"jetpack_sharing_enabled":true,"_links":{"self":[{"href":"https:\/\/miradordeatarfe.es\/index.php?rest_route=\/wp\/v2\/posts\/8425","targetHints":{"allow":["GET"]}}],"collection":[{"href":"https:\/\/miradordeatarfe.es\/index.php?rest_route=\/wp\/v2\/posts"}],"about":[{"href":"https:\/\/miradordeatarfe.es\/index.php?rest_route=\/wp\/v2\/types\/post"}],"author":[{"embeddable":true,"href":"https:\/\/miradordeatarfe.es\/index.php?rest_route=\/wp\/v2\/users\/1"}],"replies":[{"embeddable":true,"href":"https:\/\/miradordeatarfe.es\/index.php?rest_route=%2Fwp%2Fv2%2Fcomments&post=8425"}],"version-history":[{"count":1,"href":"https:\/\/miradordeatarfe.es\/index.php?rest_route=\/wp\/v2\/posts\/8425\/revisions"}],"predecessor-version":[{"id":8427,"href":"https:\/\/miradordeatarfe.es\/index.php?rest_route=\/wp\/v2\/posts\/8425\/revisions\/8427"}],"wp:featuredmedia":[{"embeddable":true,"href":"https:\/\/miradordeatarfe.es\/index.php?rest_route=\/wp\/v2\/media\/8426"}],"wp:attachment":[{"href":"https:\/\/miradordeatarfe.es\/index.php?rest_route=%2Fwp%2Fv2%2Fmedia&parent=8425"}],"wp:term":[{"taxonomy":"category","embeddable":true,"href":"https:\/\/miradordeatarfe.es\/index.php?rest_route=%2Fwp%2Fv2%2Fcategories&post=8425"},{"taxonomy":"post_tag","embeddable":true,"href":"https:\/\/miradordeatarfe.es\/index.php?rest_route=%2Fwp%2Fv2%2Ftags&post=8425"}],"curies":[{"name":"wp","href":"https:\/\/api.w.org\/{rel}","templated":true}]}}