{"id":8439,"date":"2016-04-26T07:07:47","date_gmt":"2016-04-26T07:07:47","guid":{"rendered":"http:\/\/miradordeatarfe.es\/?p=8439"},"modified":"2016-04-25T09:45:19","modified_gmt":"2016-04-25T09:45:19","slug":"30-anos-de-chernobil-a-las-0123-del-26-de-abril-de-1986","status":"publish","type":"post","link":"https:\/\/miradordeatarfe.es\/?p=8439","title":{"rendered":"30 a\u00f1os de Chern\u00f3bil a las 01:23 del 26 de abril de 1986"},"content":{"rendered":"<div class=\"module\">\n<div class=\"block\">\n<div class=\"colAB\">\n<div class=\"eNoticia8\">\n<div class=\"element\">\n<div class=\"titles\">\n<p class=\"subtitle\">Aun hoy no se sabe exactamente cu\u00e1ntas personas murieron a causa del desastre nuclear y casi nadie habla de Chern\u00f3bil en Ucrania, un pa\u00eds entonces parte de la URSS.<\/p>\n<\/div>\n<\/div>\n<\/div>\n<\/div>\n<\/div>\n<\/div>\n<p><!--more-->Hace 30 a\u00f1os, a las <strong>01:23 del 26 de abril de 1986<\/strong>, un experimento en la central nuclear sovi\u00e9tica de <strong>Chern\u00f3bil <\/strong>se descontrol\u00f3 y <strong>el reactor n\u00famero cuatro explot\u00f3<\/strong>. Hab\u00eda comenzado el mayor accidente en la historia del uso civil de la energ\u00eda nuclear. Una cat\u00e1strofe similar solo se registr\u00f3 25 a\u00f1os m\u00e1s tarde, cuando se fundi\u00f3 el n\u00facleo de la central japonesa de Fukushima. Los dos desastres, <strong>Chern\u00f3bil y Fukushima<\/strong>, cambiaron el debate internacional sobre la energ\u00eda nuclear, sobre todo en Alemania, que en 2011 estableci\u00f3 como meta el abandono total de esta fuente de energ\u00eda.<\/p>\n<p>Sin embargo, la cat\u00e1strofe de Chern\u00f3bil tambi\u00e9n marc\u00f3 el<strong> principio del fin de la Uni\u00f3n Sovi\u00e9tica<\/strong>, un pa\u00eds que hasta entonces era considerado estable. Durante varios d\u00edas, la c\u00fapula sovi\u00e9tica, encabezada por el presidente Mijail Gorbachov, ocult\u00f3 lo ocurrido. Sin embargo, m\u00e1s de <strong>100.000 personas tuvieron que ser reubicadas<\/strong> y durante los a\u00f1os siguientes casi 600.000 ciudadanos de toda la Uni\u00f3n Sovi\u00e9tica se vieron obligados a ayudar en las tareas de limpieza. Hasta ahora, muchas de ellas sufren las consecuencias de la <strong>contaminaci\u00f3n radiactiva. <\/strong><\/p>\n<p>No solo el norte de <strong>Ucrania<\/strong>, donde ocurri\u00f3 el accidente, qued\u00f3 contaminado con radiactividad. La nube radiactiva afect\u00f3 sobre todo a la vecina <strong>Bielorrusia <\/strong>y el oeste de <strong>Rusia<\/strong>, para desplazarse despu\u00e9s a <strong>Escandinavia y Europa Occidental<\/strong>. A ra\u00edz de la explosi\u00f3n <strong>murieron unos 30 trabajadores <\/strong>de la central nuclear y bomberos durante las labores de extinci\u00f3n y rescate. Pero hasta hoy<strong> no se sabe exactamente cu\u00e1ntas personas murieron<\/strong> a causa del desastre de Chern\u00f3bil. Los expertos creen que decenas de miles de casos de muerte son consecuencia del accidente.<\/p>\n<p>30 a\u00f1os despu\u00e9s,<strong> casi nadie habla todav\u00eda de Chern\u00f3bil en Ucrania<\/strong>, actualmente un pa\u00eds independiente. Los m\u00e1s de 210.000 <strong>liquidadores<\/strong> lo hacen sobre todo cuando se trata de defender sus prestaciones de invalidez y algunas ayudas especiales. Sin embargo, la atenci\u00f3n en Ucrania est\u00e1 m\u00e1s centrada en la guerra en el este del pa\u00eds y en la<strong> anexi\u00f3n de la pen\u00ednsula de Crimea por parte de Rusia<\/strong>, en marzo de 2014. Como consecuencia del conflicto en la regi\u00f3n minera del Donb\u00e1s, hay escasez de carb\u00f3n, por lo que la participaci\u00f3n de la energ\u00eda nuclear en la producci\u00f3n de electricidad ha aumentado a m\u00e1s de un 50 por ciento. Una y otra vez se anuncian planes para construir nuevos reactores.<\/p>\n<p>Aun as\u00ed, el primer viaje del nuevo ministro de Medio Ambiente de <strong>Ucrania<\/strong>, Ostap Semerak, tuvo la semana pasada como destino la zona de la muerte situada alrededor del reactor destruido. El ministro inspeccion\u00f3 la <strong>nueva cubierta de acero,<\/strong> que durante los pr\u00f3ximos 100 a\u00f1os debe impedir que entre agua en los restos del reactor y que salga polvo a la atm\u00f3sfera. Seg\u00fan los planes, la enorme c\u00fapula de acero, cuya construcci\u00f3n cost\u00f3 unos 2.100 millones de euros, ser\u00e1 colocada el pr\u00f3ximo a\u00f1o <strong>sobre el viejo sarc\u00f3fago de hormig\u00f3n<\/strong>, que amenaza con derrumbarse. El sarc\u00f3fago se construy\u00f3 en su momento a toda prisa y solo ofrecer\u00eda protecci\u00f3n durante 20 a\u00f1os.<\/p>\n<p>En muchos pa\u00edses de Europa, la radiactividad invisible de la nube de Chern\u00f3bil gener\u00f3 hace 30 a\u00f1os m<strong>ucho miedo e incertidumbre. <\/strong>Los cr\u00edticos de la energ\u00eda nuclear y el a\u00fan joven movimiento ecologista ganaron apoyos en la poblaci\u00f3n, e incluso algunos gobiernos conservadores decidieron crear ministerios de Medio Ambiente. Como consecuencia de Chern\u00f3bil, <strong>Italia <\/strong>paraliz\u00f3 en 1987 sus centrales nucleares y <strong>Polonia <\/strong>suspendi\u00f3 en 1989 la introducci\u00f3n de la energ\u00eda nuclear en el pa\u00eds. Suiza anunci\u00f3 la intenci\u00f3n de desconectar los reactores de aqu\u00ed al a\u00f1o 2034.<br \/>\nOtros pa\u00edses, como <strong>Francia, el Reino Unido, Rusia y Estados Unidos<\/strong> no quieren abandonar la energ\u00eda nuclear. En la <strong>India<\/strong>, pa\u00eds que se est\u00e1 convirtiendo en un gigante econ\u00f3mico, ya operan muchos reactores, y <strong>China <\/strong>pretende desarrollar a gran escala la energ\u00eda nuclear. Y pese a <strong>Fukushima<\/strong>, <strong>Jap\u00f3n <\/strong>no quiere decir definitivamente adi\u00f3s a esta fuente de energ\u00eda. Para Semerak, el ministro de Medio Ambiente de Ucrania, su pa\u00eds incluso puede sacar provecho de la cat\u00e1strofe de Chern\u00f3bil: \u00abUcrania es un pa\u00eds pionero en la investigaci\u00f3n cient\u00edfica de desastres nucleares. Por esto, esta experiencia deber\u00eda ser aprovechada para que el pa\u00eds se convierta en este \u00e1mbito en l\u00edder mundial en materia de tecnolog\u00eda e investigaci\u00f3n\u00bb. Entretanto, la zona alrededor de Chern\u00f3bil ha sido abierta al turismo. Casi 15.000 personas la visitaron en 2015.<\/p>\n<p>PUBLICADO EN : <a href=\"http:\/\/www.granadahoy.com\/article\/mundo\/2270185\/anos\/chernobil.html\">http:\/\/www.granadahoy.com\/article\/mundo\/2270185\/anos\/chernobil.html<\/a><\/p>\n","protected":false},"excerpt":{"rendered":"<p>Aun hoy no se sabe exactamente cu\u00e1ntas personas murieron a causa del desastre nuclear y&#8230;<\/p>\n","protected":false},"author":1,"featured_media":8440,"comment_status":"closed","ping_status":"closed","sticky":false,"template":"","format":"standard","meta":{"_coblocks_attr":"","_coblocks_dimensions":"","_coblocks_responsive_height":"","_coblocks_accordion_ie_support":"","jetpack_post_was_ever_published":false,"_jetpack_newsletter_access":"","_jetpack_dont_email_post_to_subs":false,"_jetpack_newsletter_tier_id":0,"_jetpack_memberships_contains_paywalled_content":false,"_jetpack_memberships_contains_paid_content":false,"footnotes":"","jetpack_publicize_message":"","jetpack_publicize_feature_enabled":true,"jetpack_social_post_already_shared":false,"jetpack_social_options":{"image_generator_settings":{"template":"highway","default_image_id":0,"enabled":false},"version":2}},"categories":[186,44,15],"tags":[2524,2525],"class_list":["post-8439","post","type-post","status-publish","format-standard","has-post-thumbnail","hentry","category-instituciones","category-noticias-de-hoy","category-ultimas-noticias","tag-centrales-nucleares","tag-chernobil"],"jetpack_publicize_connections":[],"jetpack_featured_media_url":"https:\/\/i0.wp.com\/miradordeatarfe.es\/wp-content\/uploads\/2016\/04\/CHER.jpg?fit=230%2C155&ssl=1","jetpack_likes_enabled":true,"jetpack_sharing_enabled":true,"_links":{"self":[{"href":"https:\/\/miradordeatarfe.es\/index.php?rest_route=\/wp\/v2\/posts\/8439","targetHints":{"allow":["GET"]}}],"collection":[{"href":"https:\/\/miradordeatarfe.es\/index.php?rest_route=\/wp\/v2\/posts"}],"about":[{"href":"https:\/\/miradordeatarfe.es\/index.php?rest_route=\/wp\/v2\/types\/post"}],"author":[{"embeddable":true,"href":"https:\/\/miradordeatarfe.es\/index.php?rest_route=\/wp\/v2\/users\/1"}],"replies":[{"embeddable":true,"href":"https:\/\/miradordeatarfe.es\/index.php?rest_route=%2Fwp%2Fv2%2Fcomments&post=8439"}],"version-history":[{"count":1,"href":"https:\/\/miradordeatarfe.es\/index.php?rest_route=\/wp\/v2\/posts\/8439\/revisions"}],"predecessor-version":[{"id":8441,"href":"https:\/\/miradordeatarfe.es\/index.php?rest_route=\/wp\/v2\/posts\/8439\/revisions\/8441"}],"wp:featuredmedia":[{"embeddable":true,"href":"https:\/\/miradordeatarfe.es\/index.php?rest_route=\/wp\/v2\/media\/8440"}],"wp:attachment":[{"href":"https:\/\/miradordeatarfe.es\/index.php?rest_route=%2Fwp%2Fv2%2Fmedia&parent=8439"}],"wp:term":[{"taxonomy":"category","embeddable":true,"href":"https:\/\/miradordeatarfe.es\/index.php?rest_route=%2Fwp%2Fv2%2Fcategories&post=8439"},{"taxonomy":"post_tag","embeddable":true,"href":"https:\/\/miradordeatarfe.es\/index.php?rest_route=%2Fwp%2Fv2%2Ftags&post=8439"}],"curies":[{"name":"wp","href":"https:\/\/api.w.org\/{rel}","templated":true}]}}