{"id":8443,"date":"2016-04-27T06:30:31","date_gmt":"2016-04-27T06:30:31","guid":{"rendered":"http:\/\/miradordeatarfe.es\/?p=8443"},"modified":"2016-04-27T07:52:56","modified_gmt":"2016-04-27T07:52:56","slug":"yo-naci-libre-y-para-poder-vivir-libre-escogi-la-soledad-de-los-campos","status":"publish","type":"post","link":"https:\/\/miradordeatarfe.es\/?p=8443","title":{"rendered":"Yo nac\u00ed libre, y para poder vivir libre, escog\u00ed la soledad de los campos"},"content":{"rendered":"<p>Miguel de Cervantes, en uno de los primeros cap\u00edtulos del <em>Quijote<\/em>, hace exclamar a su caballero andante que <a href=\"https:\/\/es.wikipedia.org\/wiki\/Tirante_el_Blanco\" target=\"_hplink\">el <em>Tirant lo Blanc<\/em><\/a>, del valenciano Joanot Martorell, es \u00abun tesoro de contento y una mina de pasatiempos\u00bb. Palabras que pueden aplicarse con estricta justicia a Cervantes y a su obra.<!--more--><\/p>\n<p><a href=\"https:\/\/i0.wp.com\/miradordeatarfe.es\/wp-content\/uploads\/2016\/04\/QUIJO5.jpg?ssl=1\"><img data-recalc-dims=\"1\" loading=\"lazy\" decoding=\"async\" class=\"alignnone size-full wp-image-8445\" src=\"https:\/\/i0.wp.com\/miradordeatarfe.es\/wp-content\/uploads\/2016\/04\/QUIJO5.jpg?resize=640%2C112&#038;ssl=1\" alt=\"QUIJO5\" width=\"640\" height=\"112\" srcset=\"https:\/\/i0.wp.com\/miradordeatarfe.es\/wp-content\/uploads\/2016\/04\/QUIJO5.jpg?w=1875&amp;ssl=1 1875w, https:\/\/i0.wp.com\/miradordeatarfe.es\/wp-content\/uploads\/2016\/04\/QUIJO5.jpg?resize=300%2C52&amp;ssl=1 300w, https:\/\/i0.wp.com\/miradordeatarfe.es\/wp-content\/uploads\/2016\/04\/QUIJO5.jpg?resize=768%2C134&amp;ssl=1 768w, https:\/\/i0.wp.com\/miradordeatarfe.es\/wp-content\/uploads\/2016\/04\/QUIJO5.jpg?resize=1024%2C179&amp;ssl=1 1024w, https:\/\/i0.wp.com\/miradordeatarfe.es\/wp-content\/uploads\/2016\/04\/QUIJO5.jpg?resize=600%2C105&amp;ssl=1 600w, https:\/\/i0.wp.com\/miradordeatarfe.es\/wp-content\/uploads\/2016\/04\/QUIJO5.jpg?w=1280&amp;ssl=1 1280w\" sizes=\"auto, (max-width: 640px) 100vw, 640px\" \/><\/a><\/p>\n<p>Es una gu\u00eda segura en muchos aspectos. Cuando me dedicaba a pasar el tiempo seleccionando los ejemplos con presencia femenina del diccionario de la Real Academia, hab\u00eda uno en la entrada \u00abescapar\u00bb que dec\u00eda: \u00abSe me ha escapado un punto de la media\u00bb. Parec\u00eda indudablemente protagonizado por una mujer. Un trocito delicioso de la segunda parte del <em>Quijote<\/em> lo pon\u00eda en cuarentena.<\/p>\n<blockquote><p>\u00abCerr\u00f3 tras s\u00ed la puerta, y a la luz de dos velas de cera se desnud\u00f3, y al descalzarse, \u00a1oh desgracia indigna de tal persona!, se le soltaron, no suspiros ni otra cosa que desacreditasen la limpieza de su polic\u00eda, sino hasta dos docenas de puntos de una media, que qued\u00f3 hecha celos\u00eda. Afligi\u00f3se en estremo el buen se\u00f1or, y diera \u00e9l por tener all\u00ed un adarme de seda verde una onza de plata (digo seda verde porque las medias eran verdes).\u00bb<\/p>\n<div class=\"qr\">\u00a0Bonito detalle la acotaci\u00f3n en primera persona del par\u00e9ntesis final. Cervantes, que nunca da puntada sin hilo, la aprovecha m\u00e1s adelante para se\u00f1alar que no hay miseria m\u00e1s grande para un hidalgo que tener que zurcirse las medias con seda de otro color.<\/div>\n<\/blockquote>\n<p>Otro motivo de contento es seguir lo que Don Quijote piensa de la libertad. En este c\u00e9lebre y muy citado fragmento habla de ella, concretamente de la libertad masculina.<\/p>\n<blockquote><p>\u00ab&#8211;La libertad, Sancho, es uno de los m\u00e1s preciosos dones que a los hombres dieron los cielos; con ella no pueden igualarse los tesoros que encierra la tierra ni el mar encubre; por la libertad as\u00ed como por la honra se puede y debe aventurar la vida, y, por el contrario, el cautiverio es el mayor mal que puede venir a los hombres.\u00bb<\/p><\/blockquote>\n<p>Libertad masculina, dec\u00eda, no s\u00f3lo porque la cita concluya con la palabra \u00abhombres\u00bb, sino porque cuando habla de la libertad de las mujeres lo hace en otros t\u00e9rminos y el <em>Quijote<\/em> es una mina de personajes femeninos activ\u00edsimos, plet\u00f3ricos de deseo y con criterio propio. Pensemos, seg\u00fan la describe Sancho, en la personalidad real de Aldonza Lorenzo, alejada del idealizado desatino de Dulcinea con el que Don Quijote Quijote delira, o en personajes como Dorotea o Luscinda.<\/p>\n<p>Veamos, por ejemplo, el tesoro de los cap\u00edtulos centrados en la pastora Marcela y en el aparatoso suicidio de Gris\u00f3stomo, el rechazado pretendiente. En efecto, como don Quijote dice a Sancho, mientras la libertad para los hombres puede concretarse en aventurar la vida o en esquivar la c\u00e1rcel, para Marcela, la libertad consiste en renunciar a casarse y en escoger oficio para vivir. Estos dos dones, ajenos a la libertad y a la condici\u00f3n masculinas, se configuran como requisitos imprescindibles para que una mujer pueda ser libre. As\u00ed lo cuenta la propia Marcela.<\/p>\n<blockquote><p>\u00abYo nac\u00ed libre, y para poder vivir libre escog\u00ed la soledad de los campos. Los \u00e1rboles destas monta\u00f1as son mi compa\u00f1\u00eda, las claras aguas destos arroyos mis espejos; con los \u00e1rboles y con las aguas comunico mis pensamientos y hermosura.\u00bb<\/p><\/blockquote>\n<p>En otro fragmento proclama que no es obligatorio corresponder a un amor o a un deseo simplemente porque proviene de un hombre. Palabras emparentadas con el tono y el estilo de las ejemplares y amorosas novelas de <a href=\"https:\/\/es.wikipedia.org\/wiki\/Mar%C3%ADa_de_Zayas\" target=\"_hplink\">Mar\u00eda de Zayas<\/a> (Madrid, 1590-\u00bf1661?).<\/p>\n<blockquote><p>\u00abYo conozco, con el natural entendimiento que Dios me ha dado, que todo lo hermoso es amable; mas no alcanzo que, por raz\u00f3n de ser amado, est\u00e9 obligado lo que es amado por hermoso a amar a quien le ama.\u00bb<\/p><\/blockquote>\n<p>Tambi\u00e9n podr\u00eda ser de Mar\u00eda de Zayas (o de sor Juana In\u00e9s de la Cruz) este ir\u00f3nico y lleno de l\u00f3gica y gracia fragmento.<\/p>\n<blockquote><p>\u00abEl que me llama fiera y basilisco, d\u00e9jeme como cosa perjudicial y mala; el que me llama ingrata, no me sirva; el que desconocida, no me conozca; quien cruel, no me siga; que esta fiera, este basilisco, esta ingrata, esta cruel y esta desconocida ni los buscar\u00e1, servir\u00e1, conocer\u00e1 ni seguir\u00e1 en ninguna manera.\u00bb<\/p><\/blockquote>\n<p>A continuaci\u00f3n, Marcela reitera que su libre condici\u00f3n se basa en el derecho a elegir sus relaciones o al trabajo.<\/p>\n<blockquote><p>\u00abYo, como sab\u00e9is, tengo riquezas propias y no codicio las ajenas; tengo libre condici\u00f3n y no gusto de sujetarme: ni quiero ni aborrezco a nadie. No enga\u00f1o a \u00e9ste ni solicito aqu\u00e9l, ni burlo con uno ni me entretengo con el otro. La conversaci\u00f3n honesta de las zagalas destas aldeas y el cuidado de mis cabras me entretiene.\u00bb<\/p><\/blockquote>\n<p>Palabras que inflaman la defensa con la que Don Quijote cierra el episodio:<\/p>\n<blockquote><p>\u00ab&#8211;Ninguna persona, de cualquier estado y condici\u00f3n que sea, se atreva a seguir a la hermosa Marcela, so pena de caer en la furiosa indignaci\u00f3n m\u00eda. Ella ha mostrado con claras y suficientes razones la poca o ninguna culpa que ha tenido en la muerte de Gris\u00f3stomo.\u00bb<\/p><\/blockquote>\n<p>Y si bien es cierto que Cervantes impl\u00edcitamente no dota de la misma libertad a todos los seres humanos, tambi\u00e9n es cierto que, con la personalidad y libre albedr\u00edo que infunde a algunas de sus protagonistas y con defensas a ultranza como la que se acaba de ver, hizo a las mujeres m\u00e1s libres e insinu\u00f3 caminos de libertad del porvenir.<\/p>\n<div class=\"byline vcard group \">\n<div class=\"info\"><a href=\"http:\/\/www.huffingtonpost.es\/eulalia-lledo-cunill\/\" rel=\"author\"><span class=\"name fn\">Eul\u00e0lia Lled\u00f3 Cunill<\/span><\/a> <a class=\"fan\" href=\"http:\/\/www.huffingtonpost.es\/users\/becomeFan.php?of=hp_blogger_Eul%C3%A0lia%20Lled%C3%B3%20Cunill\">Hazte fan<\/a>Doctora en Filolog\u00eda Rom\u00e1nic<\/p>\n<p><a href=\"http:\/\/www.huffingtonpost.es\/eulalia-lledo-cunill\/yo-naci-libre-y-para-pode_b_9749224.html?utm_hp_ref=spain\">http:\/\/www.huffingtonpost.es\/eulalia-lledo-cunill\/yo-naci-libre-y-para-pode_b_9749224.html?utm_hp_ref=spain<\/a><\/p>\n<\/div>\n<\/div>\n","protected":false},"excerpt":{"rendered":"<p>Miguel de Cervantes, en uno de los primeros cap\u00edtulos del Quijote, hace exclamar a su&#8230;<\/p>\n","protected":false},"author":1,"featured_media":8444,"comment_status":"closed","ping_status":"closed","sticky":false,"template":"","format":"standard","meta":{"_coblocks_attr":"","_coblocks_dimensions":"","_coblocks_responsive_height":"","_coblocks_accordion_ie_support":"","jetpack_post_was_ever_published":false,"_jetpack_newsletter_access":"","_jetpack_dont_email_post_to_subs":false,"_jetpack_newsletter_tier_id":0,"_jetpack_memberships_contains_paywalled_content":false,"_jetpack_memberships_contains_paid_content":false,"footnotes":"","jetpack_publicize_message":"","jetpack_publicize_feature_enabled":true,"jetpack_social_post_already_shared":false,"jetpack_social_options":{"image_generator_settings":{"template":"highway","default_image_id":0,"enabled":false},"version":2}},"categories":[12,186,44,15],"tags":[2174,510],"class_list":["post-8443","post","type-post","status-publish","format-standard","has-post-thumbnail","hentry","category-cultura","category-instituciones","category-noticias-de-hoy","category-ultimas-noticias","tag-cervantes","tag-quijote"],"jetpack_publicize_connections":[],"jetpack_featured_media_url":"https:\/\/i0.wp.com\/miradordeatarfe.es\/wp-content\/uploads\/2016\/04\/QUIJO4.jpg?fit=4500%2C2500&ssl=1","jetpack_likes_enabled":true,"jetpack_sharing_enabled":true,"_links":{"self":[{"href":"https:\/\/miradordeatarfe.es\/index.php?rest_route=\/wp\/v2\/posts\/8443","targetHints":{"allow":["GET"]}}],"collection":[{"href":"https:\/\/miradordeatarfe.es\/index.php?rest_route=\/wp\/v2\/posts"}],"about":[{"href":"https:\/\/miradordeatarfe.es\/index.php?rest_route=\/wp\/v2\/types\/post"}],"author":[{"embeddable":true,"href":"https:\/\/miradordeatarfe.es\/index.php?rest_route=\/wp\/v2\/users\/1"}],"replies":[{"embeddable":true,"href":"https:\/\/miradordeatarfe.es\/index.php?rest_route=%2Fwp%2Fv2%2Fcomments&post=8443"}],"version-history":[{"count":1,"href":"https:\/\/miradordeatarfe.es\/index.php?rest_route=\/wp\/v2\/posts\/8443\/revisions"}],"predecessor-version":[{"id":8446,"href":"https:\/\/miradordeatarfe.es\/index.php?rest_route=\/wp\/v2\/posts\/8443\/revisions\/8446"}],"wp:featuredmedia":[{"embeddable":true,"href":"https:\/\/miradordeatarfe.es\/index.php?rest_route=\/wp\/v2\/media\/8444"}],"wp:attachment":[{"href":"https:\/\/miradordeatarfe.es\/index.php?rest_route=%2Fwp%2Fv2%2Fmedia&parent=8443"}],"wp:term":[{"taxonomy":"category","embeddable":true,"href":"https:\/\/miradordeatarfe.es\/index.php?rest_route=%2Fwp%2Fv2%2Fcategories&post=8443"},{"taxonomy":"post_tag","embeddable":true,"href":"https:\/\/miradordeatarfe.es\/index.php?rest_route=%2Fwp%2Fv2%2Ftags&post=8443"}],"curies":[{"name":"wp","href":"https:\/\/api.w.org\/{rel}","templated":true}]}}