{"id":8452,"date":"2016-04-25T07:00:59","date_gmt":"2016-04-25T07:00:59","guid":{"rendered":"http:\/\/miradordeatarfe.es\/?p=8452"},"modified":"2016-04-25T08:31:21","modified_gmt":"2016-04-25T08:31:21","slug":"por-que-no-puedes-escuchar-los-discos-de-prince-en-internet","status":"publish","type":"post","link":"https:\/\/miradordeatarfe.es\/?p=8452","title":{"rendered":"Por qu\u00e9 no puedes escuchar los discos de Prince en internet"},"content":{"rendered":"<div class=\"news-header\">\n<div class=\"news-header-center\">\n<div class=\"news-header-tit-box\">\n<div class=\"news-header-opening-txt\">Este jueves, Prince fallec\u00eda a los 57 a\u00f1os. Muchos fans intentaron ofrecer su particular homenaje en las redes con su m\u00fasica, pero se encontraron con un absoluto vac\u00edo<\/div>\n<div class=\"news-header-opening-txt\">\n<p><!--more--><\/p>\n<\/div>\n<\/div>\n<div class=\"news-header-media\">\n<div class=\"news-header-figure-small\">\n<figure class=\"news-header-img-figure\"><figcaption class=\"news-header-img-caption\">Prince, durante un concierto en el a\u00f1o 2006 (Reuters).<\/figcaption><\/figure>\n<\/div>\n<\/div>\n<\/div>\n<\/div>\n<p>Este jueves por la tarde, saltaba la triste noticia: <strong>Prince,<\/strong> uno de los grandes iconos del pop mundial, fallec\u00eda en su casa a los 57 a\u00f1os. Como ocurre en este tipo de situaciones, el triste suceso provoc\u00f3 un aluvi\u00f3n de reacciones, tanto de fieles seguidores del cantante como de amantes de la m\u00fasica, que intentaron rendir su particular homenaje en las redes con sus canciones, momento en el que lleg\u00f3 la sorpresa: \u00bfpor qu\u00e9 su m\u00fasica no esta en internet?<\/p>\n<div class=\"news-body\" data-scroll-percent=\"scrollPercent\">\n<div class=\"news-body-default\">\n<div id=\"news-body-center\" class=\"news-body-center cms-format \">\n<p>Aunque parezca incre\u00edble, los principales servicios de streaming gratuito que existen en la red\u00a0no tiene alojada\u00a0m\u00fasica del artista norteamericano. \u00bfEl motivo? Muy sencillo: el propio Prince se hab\u00eda encargado de eliminarla el pasado a\u00f1o. Despu\u00e9s de varios encontronazos con discogr\u00e1ficas y sellos musicales, que incluso le llevaron a cambiar su nombre art\u00edstico por &#8216;el s\u00edmbolo&#8217;, decidi\u00f3 que toda su m\u00fasica ir\u00eda enfocada a determinadas plataformas de pago.<\/p>\n<p><span class=\"summary block-summary quote-on\">Quien se encarga de organizar la m\u00fasica es s\u00f3lo un programa. Se trata de un un algoritmo y yo no quer\u00eda ser parte de eso<\/span><\/p>\n<p>Prince explicaba en una entrevista en &#8216;Ebony&#8217; el motivo por el que decidi\u00f3 quitar su m\u00fasica de las plataformas de streaming:\u00a0\u00abEl problema con estos formatos es que existe una gran cantidad de pereza.\u00a0Tienen que hacer mucho (porque alojan mucha m\u00fasica), por lo que muchas veces quien se encarga de organizarla es s\u00f3lo un programa. Es un algoritmo. Yo no quer\u00eda ser parte de eso\u00bb, confesaba hace unos a\u00f1os el artista.<\/p>\n<p>As\u00ed, sus discos \u00edntegros\u00a0no se encuentran ni en Youtube (Vevo), ni en Spotify -donde s\u00f3lo se encuentran disponibles un pu\u00f1ado de canciones-, ni en Rhapsody, servicios de los que fue eliminada pese a haberla alojado en a\u00f1os anteriores, pasando a estar disponible s\u00f3lo en servicios de pago, como es el caso de iTunes. Pero existe un peque\u00f1o reducto en la red donde s\u00ed est\u00e1n todos los discos de Prince: <a href=\"http:\/\/tidal.com\/es\" target=\"_blank\">ni m\u00e1s ni menos que en Tidal<\/a>.<\/p>\n<div class=\"articlephoto news-width-text\">\n<figure class=\"news-img-figure\"><img data-recalc-dims=\"1\" loading=\"lazy\" decoding=\"async\" class=\"news-img-def \" src=\"https:\/\/i0.wp.com\/www.ecestaticos.com\/image\/clipping\/654\/ac77f3e902504a1995a1b6a0178adf26\/u-s-musician-prince-performs-for-the-first-time-in-britain-since-2007-at-the-hop-farm-festival-near-paddock-wood-southern-england-july-3-2011-reuters-olivia-harris-file-photo-tpx-images-of-the-day.jpg?resize=640%2C389\" alt=\"\" width=\"640\" height=\"389\" \/><\/figure>\n<\/div>\n<p>\u00bfPor qu\u00e9 Tidal s\u00ed aloja su m\u00fasica, mientras que en el resto de servicios no se encuentra disponible? Tidal es un servicio streaming similar a Youtube, pero en este caso propiedad de un hombre de la m\u00fasica: <a href=\"http:\/\/www.elconfidencial.com\/tags\/personajes\/jay-z-11073\/\" target=\"_self\">Jay Z<\/a>. En la misma\u00a0&#8216;Ebony&#8217;, Prince justificaba el motivo de esta decisi\u00f3n: \u00abTidal es una nueva compa\u00f1\u00eda, es algo completamente nuevo. Y creo que es necesario que apoyemos a los propietarios de las empresas afroamericanas\u00bb.<\/p>\n<p>Adem\u00e1s de Tidal, existe la posibilidad de <a href=\"https:\/\/www.hoopladigital.com\/\" target=\"_blank\">registrarse en &#8216;Hoopla&#8217;<\/a>, donde se puede acceder a algunos de los discos cl\u00e1sicos del artista. Pese a la furia de sus seguidores por no poder escuchar su m\u00fasica en las plataformas m\u00e1s populares de la red, tambi\u00e9n existe un reducto temporal para poder escuchar a Prince: los homenajes que las emisoras norteamericanas &#8216;The Current&#8217; y &#8217;80s on 8&#8242; -disponibles online-, que emitir\u00e1n\u00a0su m\u00fasica los pr\u00f3ximos d\u00edas durante las 24 horas.<\/p>\n<\/div>\n<\/div>\n<\/div>\n","protected":false},"excerpt":{"rendered":"<p>Este jueves, Prince fallec\u00eda a los 57 a\u00f1os. Muchos fans intentaron ofrecer su particular homenaje&#8230;<\/p>\n","protected":false},"author":1,"featured_media":8453,"comment_status":"closed","ping_status":"closed","sticky":false,"template":"","format":"standard","meta":{"_coblocks_attr":"","_coblocks_dimensions":"","_coblocks_responsive_height":"","_coblocks_accordion_ie_support":"","jetpack_post_was_ever_published":false,"_jetpack_newsletter_access":"","_jetpack_dont_email_post_to_subs":false,"_jetpack_newsletter_tier_id":0,"_jetpack_memberships_contains_paywalled_content":false,"_jetpack_memberships_contains_paid_content":false,"footnotes":"","jetpack_publicize_message":"","jetpack_publicize_feature_enabled":true,"jetpack_social_post_already_shared":false,"jetpack_social_options":{"image_generator_settings":{"template":"highway","default_image_id":0,"enabled":false},"version":2}},"categories":[12,186,9,44,15],"tags":[306,158,2526],"class_list":["post-8452","post","type-post","status-publish","format-standard","has-post-thumbnail","hentry","category-cultura","category-instituciones","category-medio-ambiente","category-noticias-de-hoy","category-ultimas-noticias","tag-internet","tag-musica","tag-prince"],"jetpack_publicize_connections":[],"jetpack_featured_media_url":"https:\/\/i0.wp.com\/miradordeatarfe.es\/wp-content\/uploads\/2016\/04\/imagen-sin-titulo.jpg?fit=996%2C560&ssl=1","jetpack_likes_enabled":true,"jetpack_sharing_enabled":true,"_links":{"self":[{"href":"https:\/\/miradordeatarfe.es\/index.php?rest_route=\/wp\/v2\/posts\/8452","targetHints":{"allow":["GET"]}}],"collection":[{"href":"https:\/\/miradordeatarfe.es\/index.php?rest_route=\/wp\/v2\/posts"}],"about":[{"href":"https:\/\/miradordeatarfe.es\/index.php?rest_route=\/wp\/v2\/types\/post"}],"author":[{"embeddable":true,"href":"https:\/\/miradordeatarfe.es\/index.php?rest_route=\/wp\/v2\/users\/1"}],"replies":[{"embeddable":true,"href":"https:\/\/miradordeatarfe.es\/index.php?rest_route=%2Fwp%2Fv2%2Fcomments&post=8452"}],"version-history":[{"count":1,"href":"https:\/\/miradordeatarfe.es\/index.php?rest_route=\/wp\/v2\/posts\/8452\/revisions"}],"predecessor-version":[{"id":8454,"href":"https:\/\/miradordeatarfe.es\/index.php?rest_route=\/wp\/v2\/posts\/8452\/revisions\/8454"}],"wp:featuredmedia":[{"embeddable":true,"href":"https:\/\/miradordeatarfe.es\/index.php?rest_route=\/wp\/v2\/media\/8453"}],"wp:attachment":[{"href":"https:\/\/miradordeatarfe.es\/index.php?rest_route=%2Fwp%2Fv2%2Fmedia&parent=8452"}],"wp:term":[{"taxonomy":"category","embeddable":true,"href":"https:\/\/miradordeatarfe.es\/index.php?rest_route=%2Fwp%2Fv2%2Fcategories&post=8452"},{"taxonomy":"post_tag","embeddable":true,"href":"https:\/\/miradordeatarfe.es\/index.php?rest_route=%2Fwp%2Fv2%2Ftags&post=8452"}],"curies":[{"name":"wp","href":"https:\/\/api.w.org\/{rel}","templated":true}]}}