{"id":8475,"date":"2016-04-03T08:48:08","date_gmt":"2016-04-03T08:48:08","guid":{"rendered":"http:\/\/miradordeatarfe.es\/?p=8475"},"modified":"2016-04-28T10:46:06","modified_gmt":"2016-04-28T10:46:06","slug":"cual-es-el-asiento-mas-seguro-para-la-silla-del-bebe","status":"publish","type":"post","link":"https:\/\/miradordeatarfe.es\/?p=8475","title":{"rendered":"\u00bfCu\u00e1l es el asiento m\u00e1s seguro para la silla del beb\u00e9?"},"content":{"rendered":"<p>Adem\u00e1s de la posici\u00f3n, es muy importante la calidad de la silla y el anclaje Isofix que permite una mejor sujecci\u00f3n en caso de accidente<!--more--><\/p>\n<p>Cuando se trata de hablar de seguridad para los m\u00e1s peque\u00f1os de la casa, toda la informaci\u00f3n y medidas que se tomen son pocas. \u00bfQui\u00e9n no se ha visto buscando en decenas de p\u00e1ginas webs y pidiendo varias opiniones sobre sillas infantiles o carritos de paseo?<\/p>\n<p style=\"text-align: justify;\">En el caso de las sillas infantiles, su calidad tiene mucho que ver con el precio en la mayor\u00eda de las ocasiones y con los datos que arrojan las pruebas de choque que realizan organismos p\u00fablicos y privados. Pero adem\u00e1s de adquirir una buena silla, tambi\u00e9n hay que instalarla correctamente y en el lugar adecuado.<\/p>\n<p style=\"text-align: justify;\">Seg\u00fan la Ley de Tr\u00e1fico y de Seguridad Vial, est\u00e1 prohibido circular con menores de 12 a\u00f1os en los asientos delanteros del veh\u00edculo, salvo que los asientos traseros est\u00e9n ocupados por otros menores en sillitas o se trate de un veh\u00edculo biplaza. As\u00ed pues, los menores tendr\u00e1n que ir en su correspondiente silla en la parte de atr\u00e1s del coche y en sentido contrario a la marcha todo el tiempo que sea posible. Pero \u00bfen qu\u00e9 asiento de la parte de atr\u00e1s del coche?<\/p>\n<p style=\"text-align: justify;\">\n<p style=\"text-align: justify;\">Seg\u00fan distintos estudios y la opini\u00f3n de distintos expertos, el asiento trasero central es el que puede tener un mayor grado de seguridad. La razones son varias: La seguridad pasiva del veh\u00edculo act\u00faa de la misma manera, hay menos posibilidades de que pueda existir alg\u00fan problema con los airbags y se reduce el posible alcance y da\u00f1o de una colisi\u00f3n lateral.<\/p>\n<p style=\"text-align: justify;\">El presidente del Colegio Profesional de Fisioterapeutas de la Comunidad de Madrid, Jos\u00e9 Santos, explica que este asiento \u201ces m\u00e1s seguro que el resto, y sobre todo que el del copiloto, al estar m\u00e1s protegido en caso de impacto lateral, y del volantazo involuntario del conductor, que en caso de posible choque frontal, gira siempre hacia la izquierda instintivamente\u201d.<\/p>\n<p style=\"text-align: justify;\">En el caso de no disponer del sistema Isofix, el asiento m\u00e1s seguro ser\u00e1 el trasero derecho, ya que la silla no estar\u00e1 anclada al asiento y puede salir disparada en caso de choque frontal.<\/p>\n<p style=\"text-align: justify;\">Aparte de la posici\u00f3n, es fundamental adquirir una silla que nos d\u00e9 todas las garant\u00edas y que sea de calidad. Adem\u00e1s los anclajes Isofix nos proporcionan un anclaje que ning\u00fan sistema puede igualar.<\/p>\n","protected":false},"excerpt":{"rendered":"<p>Adem\u00e1s de la posici\u00f3n, es muy importante la calidad de la silla y el anclaje&#8230;<\/p>\n","protected":false},"author":1,"featured_media":8476,"comment_status":"closed","ping_status":"closed","sticky":false,"template":"","format":"standard","meta":{"_coblocks_attr":"","_coblocks_dimensions":"","_coblocks_responsive_height":"","_coblocks_accordion_ie_support":"","jetpack_post_was_ever_published":false,"_jetpack_newsletter_access":"","_jetpack_dont_email_post_to_subs":false,"_jetpack_newsletter_tier_id":0,"_jetpack_memberships_contains_paywalled_content":false,"_jetpack_memberships_contains_paid_content":false,"footnotes":"","jetpack_publicize_message":"","jetpack_publicize_feature_enabled":true,"jetpack_social_post_already_shared":false,"jetpack_social_options":{"image_generator_settings":{"template":"highway","default_image_id":0,"enabled":false},"version":2}},"categories":[9,44,15],"tags":[1819,2535,2536],"class_list":["post-8475","post","type-post","status-publish","format-standard","has-post-thumbnail","hentry","category-medio-ambiente","category-noticias-de-hoy","category-ultimas-noticias","tag-coches","tag-conduccion","tag-sillitas-bebe"],"jetpack_publicize_connections":[],"jetpack_featured_media_url":"https:\/\/i0.wp.com\/miradordeatarfe.es\/wp-content\/uploads\/2016\/04\/silla-bebe-644x578.jpg?fit=644%2C578&ssl=1","jetpack_likes_enabled":true,"jetpack_sharing_enabled":true,"_links":{"self":[{"href":"https:\/\/miradordeatarfe.es\/index.php?rest_route=\/wp\/v2\/posts\/8475","targetHints":{"allow":["GET"]}}],"collection":[{"href":"https:\/\/miradordeatarfe.es\/index.php?rest_route=\/wp\/v2\/posts"}],"about":[{"href":"https:\/\/miradordeatarfe.es\/index.php?rest_route=\/wp\/v2\/types\/post"}],"author":[{"embeddable":true,"href":"https:\/\/miradordeatarfe.es\/index.php?rest_route=\/wp\/v2\/users\/1"}],"replies":[{"embeddable":true,"href":"https:\/\/miradordeatarfe.es\/index.php?rest_route=%2Fwp%2Fv2%2Fcomments&post=8475"}],"version-history":[{"count":1,"href":"https:\/\/miradordeatarfe.es\/index.php?rest_route=\/wp\/v2\/posts\/8475\/revisions"}],"predecessor-version":[{"id":8477,"href":"https:\/\/miradordeatarfe.es\/index.php?rest_route=\/wp\/v2\/posts\/8475\/revisions\/8477"}],"wp:featuredmedia":[{"embeddable":true,"href":"https:\/\/miradordeatarfe.es\/index.php?rest_route=\/wp\/v2\/media\/8476"}],"wp:attachment":[{"href":"https:\/\/miradordeatarfe.es\/index.php?rest_route=%2Fwp%2Fv2%2Fmedia&parent=8475"}],"wp:term":[{"taxonomy":"category","embeddable":true,"href":"https:\/\/miradordeatarfe.es\/index.php?rest_route=%2Fwp%2Fv2%2Fcategories&post=8475"},{"taxonomy":"post_tag","embeddable":true,"href":"https:\/\/miradordeatarfe.es\/index.php?rest_route=%2Fwp%2Fv2%2Ftags&post=8475"}],"curies":[{"name":"wp","href":"https:\/\/api.w.org\/{rel}","templated":true}]}}