{"id":8504,"date":"2016-04-29T07:36:36","date_gmt":"2016-04-29T07:36:36","guid":{"rendered":"http:\/\/miradordeatarfe.es\/?p=8504"},"modified":"2016-04-25T09:38:34","modified_gmt":"2016-04-25T09:38:34","slug":"refugiados-en-busca-de-la-seguridad","status":"publish","type":"post","link":"https:\/\/miradordeatarfe.es\/?p=8504","title":{"rendered":"REFUGIADOS: En busca de la seguridad"},"content":{"rendered":"<p style=\"text-align: justify;\">\u00a0La pr\u00e1ctica de conceder asilo a personas que huyen de la persecuci\u00f3n en tierras extranjeras es uno de los primeros hitos de la civilizaci\u00f3n. Referencias a ella se han encontrado en los textos escritos hace 3.500 a\u00f1os, durante el florecimiento de los grandes imperios a principios del Oriente Medio tales como los hititas, babilonios, asirios y los egipcios antiguos. <!--more-->M\u00e1s de tres mil a\u00f1os despu\u00e9s, protecci\u00f3n de los refugiados se hizo el mandato principal de la agencia de refugiados de la ONU, que fue creada para ocuparse de los refugiados, especialmente de los que esperaban para regresar a casa al final de la Segunda Guerra Mundial.<\/p>\n<p>La Convenci\u00f3n de Refugiados de 1951 que es\u00a0el mandato principal del ACNUR\u00a0explica que un refugiado es una persona que \u00abdebido a fundados temores de ser perseguida por motivos de raza, religi\u00f3n, nacionalidad, pertenencia a determinado grupo social u opiniones pol\u00edticas se encuentre fuera del pa\u00eds de su nacionalidad y no pueda o, a causa de dichos temores, no quiera acogerse a la protecci\u00f3n de tal pa\u00eds\u00bb.<\/p>\n<p>Desde entonces, el ACNUR ha ofrecido protecci\u00f3n y asistencia a decenas de millones de refugiados, buscando\u00a0soluciones duraderas para muchos de ellos. Los patrones globales de migraci\u00f3n se han vuelto cada vez m\u00e1s complejas en los tiempos modernos, con la participaci\u00f3n no s\u00f3lo de los refugiados, sino tambi\u00e9n a millones de inmigrantes econ\u00f3micos.<\/p>\n<p>Los migrantes, especialmente los migrantes econ\u00f3micos, deciden mudarse con el fin de mejorar las perspectivas de futuro de s\u00ed mismos y sus familias. Los refugiados tienen que moverse si quieren salvar sus vidas o su libertad. Ellos no tienen la protecci\u00f3n de su propio Estado &#8211; de hecho, es a menudo su propio gobierno que est\u00e1 amenazando con perseguirlos. Si otros pa\u00edses no les brindan la protecci\u00f3n necesaria, y no les ayudan una vez dentro, entonces pueden estar\u00a0conden\u00e1dolos\u00a0a muerte &#8211; o a\u00a0una vida insoportable en las sombras, sin sustento y sin derechos.<\/p>\n<p style=\"text-align: justify;\">\n","protected":false},"excerpt":{"rendered":"<p>\u00a0La pr\u00e1ctica de conceder asilo a personas que huyen de la persecuci\u00f3n en tierras extranjeras&#8230;<\/p>\n","protected":false},"author":1,"featured_media":8506,"comment_status":"closed","ping_status":"closed","sticky":false,"template":"","format":"standard","meta":{"_coblocks_attr":"","_coblocks_dimensions":"","_coblocks_responsive_height":"","_coblocks_accordion_ie_support":"","jetpack_post_was_ever_published":false,"_jetpack_newsletter_access":"","_jetpack_dont_email_post_to_subs":false,"_jetpack_newsletter_tier_id":0,"_jetpack_memberships_contains_paywalled_content":false,"_jetpack_memberships_contains_paid_content":false,"footnotes":"","jetpack_publicize_message":"","jetpack_publicize_feature_enabled":true,"jetpack_social_post_already_shared":false,"jetpack_social_options":{"image_generator_settings":{"template":"highway","default_image_id":0,"enabled":false},"version":2}},"categories":[1161,9,44,15],"tags":[679,518,1136],"class_list":["post-8504","post","type-post","status-publish","format-standard","has-post-thumbnail","hentry","category-ciudadania","category-medio-ambiente","category-noticias-de-hoy","category-ultimas-noticias","tag-refugiados","tag-seguridad","tag-siria"],"jetpack_publicize_connections":[],"jetpack_featured_media_url":"https:\/\/i0.wp.com\/miradordeatarfe.es\/wp-content\/uploads\/2016\/04\/refugiados-H.Caux_.jpg?fit=640%2C249&ssl=1","jetpack_likes_enabled":true,"jetpack_sharing_enabled":true,"_links":{"self":[{"href":"https:\/\/miradordeatarfe.es\/index.php?rest_route=\/wp\/v2\/posts\/8504","targetHints":{"allow":["GET"]}}],"collection":[{"href":"https:\/\/miradordeatarfe.es\/index.php?rest_route=\/wp\/v2\/posts"}],"about":[{"href":"https:\/\/miradordeatarfe.es\/index.php?rest_route=\/wp\/v2\/types\/post"}],"author":[{"embeddable":true,"href":"https:\/\/miradordeatarfe.es\/index.php?rest_route=\/wp\/v2\/users\/1"}],"replies":[{"embeddable":true,"href":"https:\/\/miradordeatarfe.es\/index.php?rest_route=%2Fwp%2Fv2%2Fcomments&post=8504"}],"version-history":[{"count":2,"href":"https:\/\/miradordeatarfe.es\/index.php?rest_route=\/wp\/v2\/posts\/8504\/revisions"}],"predecessor-version":[{"id":8507,"href":"https:\/\/miradordeatarfe.es\/index.php?rest_route=\/wp\/v2\/posts\/8504\/revisions\/8507"}],"wp:featuredmedia":[{"embeddable":true,"href":"https:\/\/miradordeatarfe.es\/index.php?rest_route=\/wp\/v2\/media\/8506"}],"wp:attachment":[{"href":"https:\/\/miradordeatarfe.es\/index.php?rest_route=%2Fwp%2Fv2%2Fmedia&parent=8504"}],"wp:term":[{"taxonomy":"category","embeddable":true,"href":"https:\/\/miradordeatarfe.es\/index.php?rest_route=%2Fwp%2Fv2%2Fcategories&post=8504"},{"taxonomy":"post_tag","embeddable":true,"href":"https:\/\/miradordeatarfe.es\/index.php?rest_route=%2Fwp%2Fv2%2Ftags&post=8504"}],"curies":[{"name":"wp","href":"https:\/\/api.w.org\/{rel}","templated":true}]}}