{"id":851,"date":"2015-04-01T07:53:07","date_gmt":"2015-04-01T05:53:07","guid":{"rendered":"http:\/\/miradordeatarfe.es\/?p=851"},"modified":"2019-12-28T13:02:44","modified_gmt":"2019-12-28T12:02:44","slug":"in-memorian-por-jose-enrique-granados","status":"publish","type":"post","link":"https:\/\/miradordeatarfe.es\/?p=851","title":{"rendered":"IN MEMORIAN  por Jos\u00e9 Enrique Granados"},"content":{"rendered":"<div class=\"_5pbx userContent\" data-ft=\"{&quot;tn&quot;:&quot;K&quot;}\">\n<div id=\"id_551ba328628743e66957288\" class=\"text_exposed_root text_exposed\">\n<p>La Gacetilla de hoy, se convierte en un IN MEMORIAN, el publicado en IDEAL en recuerdo a Pepe Lucena, alcalde de Atarfe entre 1979-1983.<\/p>\n<p><!--more--><\/p>\n<p>El <strong>31 de marzo del a\u00f1o pasado<\/strong> falleci\u00f3 <strong>Pepe Lucena<\/strong>, el primer alcalde democr\u00e1tico de Atarfe. A consecuencia de una ca\u00edda fortuita sufrida hace unos meses, posteriores complicaciones han provocado tan fat\u00eddico e inesperado desenlace.<\/p>\n<p style=\"text-align: justify;\">A trav\u00e9s de estas l\u00edneas, no s\u00f3lo queremos resaltar la calidad humana de este hombre, conocida por todos por<span class=\"text_exposed_show\"> su entrega y honradez, sino que tambi\u00e9n queremos poner en valor el cargo que desempe\u00f1o como primer alcalde de la democracia en este pueblo. Bajo el lema de \u201cPor un ayuntamiento de todos, vota PCE\u201d, encabez\u00f3 una candidatura con gente joven y personas que procedentes de la clandestinidad hab\u00edan luchado por derrotar la dictadura, haciendo de Atarfe uno de los bastiones m\u00e1s significativos del llamado cintur\u00f3n rojo de Granada.<br \/>\nPartiendo del respeto a todas las manifestaciones derivadas del derecho individual a la libertad, era la preocupaci\u00f3n de aquella gente, la mejora de los aspectos materiales que pueden hacer la vida vecinal m\u00e1s c\u00f3moda. Eran otros tiempos y la tarea principal que se adjudicaron fue dotar de alumbrado y acabar con el barro de todas las calles, crear centros culturales y recreativos que acabasen con la marginaci\u00f3n de los habitantes, construir centros deportivos donde practicar deporte y el compa\u00f1erismo, acabar con el paso de una carretera general por el centro de la poblaci\u00f3n, construir un nuevo consultorio m\u00e9dico, ampliaci\u00f3n de los centros educativos. Para conseguir estos objetivos ped\u00edan la plena participaci\u00f3n ciudadana y necesitaban el apoyo de todos los habitantes.<\/span><\/p>\n<div class=\"text_exposed_show\">\n<p style=\"text-align: justify;\">El 3 de abril de 1979, y para elegir 13 concejales se celebraron, al igual que en el resto del estado, las primeras elecciones municipales, tan s\u00f3lo un mes m\u00e1s tarde de celebrarse las elecciones legislativas. Con una participaci\u00f3n cercana al 64%, en un pueblo con 6.635 ciudadanos con derecho a voto, el PCE obtuvo 7 concejales, m\u00e1s del 50% de los votos), por 4 el PSOE (33%) y 2 la UCD (16%).<\/p>\n<p style=\"text-align: justify;\">La motivaci\u00f3n que le llevo a encabezar esta candidatura radicaba en el convencimiento personal de alcanzar una mejor calidad de vida, desarrollando pol\u00edticas solidarias, justas y participativas. Para \u00e9l, la \u00fanica forma de alcanzar una mayor calidad de vida depend\u00eda del fomento del di\u00e1logo, el respeto a los dem\u00e1s y a las normas que regulan el sistema democr\u00e1tico. Estos eran sus compromisos tanto cuando desempe\u00f1o el cargo de alcalde como cuando dej\u00f3 de serlo.<\/p>\n<p style=\"text-align: justify;\">La elecci\u00f3n de Pepe Lucena como alcalde, supuso para Atarfe, la renovaci\u00f3n de nuevas esperanzas y la ilusi\u00f3n por los nuevos tiempos. Su fallecimiento, una p\u00e9rdida; aunque parte de \u00e9l, sigue viviendo ya que su generosidad le llevo a donar sus \u00f3rganos.<\/p>\n<p style=\"text-align: justify;\">La fotograf\u00eda se corresponde con una de las primeras entrevistas que hizo reci\u00e9n elegido alcalde. En ella aparece tambi\u00e9n, el recordado Paco Rami\u00f3n.<\/p>\n<\/div>\n<\/div>\n<\/div>\n<div>\n<div data-ft=\"{&quot;tn&quot;:&quot;H&quot;}\">\n<div class=\"mtm\">\n<div class=\"_5cq3\" data-ft=\"{&quot;tn&quot;:&quot;E&quot;}\">\n<div id=\"u_ps_jsonp_2_0_7\" class=\"uiScaledImageContainer _4-ep\"><\/div>\n<\/div>\n<\/div>\n<\/div>\n<\/div>\n","protected":false},"excerpt":{"rendered":"<p>La Gacetilla de hoy, se convierte en un IN MEMORIAN, el publicado en IDEAL en&#8230;<\/p>\n","protected":false},"author":1,"featured_media":852,"comment_status":"closed","ping_status":"closed","sticky":false,"template":"","format":"standard","meta":{"_coblocks_attr":"","_coblocks_dimensions":"","_coblocks_responsive_height":"","_coblocks_accordion_ie_support":"","jetpack_post_was_ever_published":false,"_jetpack_newsletter_access":"","_jetpack_dont_email_post_to_subs":false,"_jetpack_newsletter_tier_id":0,"_jetpack_memberships_contains_paywalled_content":false,"_jetpack_memberships_contains_paid_content":false,"footnotes":"","jetpack_publicize_message":"","jetpack_publicize_feature_enabled":true,"jetpack_social_post_already_shared":false,"jetpack_social_options":{"image_generator_settings":{"template":"highway","default_image_id":0,"enabled":false},"version":2}},"categories":[2,38,15],"tags":[353,81,352],"class_list":["post-851","post","type-post","status-publish","format-standard","has-post-thumbnail","hentry","category-atarfe","category-opinion-de-jose-enrique-granados","category-ultimas-noticias","tag-alcaldia","tag-atarfe","tag-pepe-lucena"],"jetpack_publicize_connections":[],"jetpack_featured_media_url":"https:\/\/i0.wp.com\/miradordeatarfe.es\/wp-content\/uploads\/2015\/04\/10325532_801497333269617_8203103219034856457_n.jpg?fit=622%2C482&ssl=1","jetpack_likes_enabled":true,"jetpack_sharing_enabled":true,"_links":{"self":[{"href":"https:\/\/miradordeatarfe.es\/index.php?rest_route=\/wp\/v2\/posts\/851","targetHints":{"allow":["GET"]}}],"collection":[{"href":"https:\/\/miradordeatarfe.es\/index.php?rest_route=\/wp\/v2\/posts"}],"about":[{"href":"https:\/\/miradordeatarfe.es\/index.php?rest_route=\/wp\/v2\/types\/post"}],"author":[{"embeddable":true,"href":"https:\/\/miradordeatarfe.es\/index.php?rest_route=\/wp\/v2\/users\/1"}],"replies":[{"embeddable":true,"href":"https:\/\/miradordeatarfe.es\/index.php?rest_route=%2Fwp%2Fv2%2Fcomments&post=851"}],"version-history":[{"count":2,"href":"https:\/\/miradordeatarfe.es\/index.php?rest_route=\/wp\/v2\/posts\/851\/revisions"}],"predecessor-version":[{"id":36486,"href":"https:\/\/miradordeatarfe.es\/index.php?rest_route=\/wp\/v2\/posts\/851\/revisions\/36486"}],"wp:featuredmedia":[{"embeddable":true,"href":"https:\/\/miradordeatarfe.es\/index.php?rest_route=\/wp\/v2\/media\/852"}],"wp:attachment":[{"href":"https:\/\/miradordeatarfe.es\/index.php?rest_route=%2Fwp%2Fv2%2Fmedia&parent=851"}],"wp:term":[{"taxonomy":"category","embeddable":true,"href":"https:\/\/miradordeatarfe.es\/index.php?rest_route=%2Fwp%2Fv2%2Fcategories&post=851"},{"taxonomy":"post_tag","embeddable":true,"href":"https:\/\/miradordeatarfe.es\/index.php?rest_route=%2Fwp%2Fv2%2Ftags&post=851"}],"curies":[{"name":"wp","href":"https:\/\/api.w.org\/{rel}","templated":true}]}}