{"id":8528,"date":"2016-04-28T08:45:53","date_gmt":"2016-04-28T06:45:53","guid":{"rendered":"http:\/\/miradordeatarfe.es\/?p=8528"},"modified":"2020-06-26T13:04:33","modified_gmt":"2020-06-26T11:04:33","slug":"curiosidades-elvirenses-por-jose-enrique-granados","status":"publish","type":"post","link":"https:\/\/miradordeatarfe.es\/?p=8528","title":{"rendered":"CURIOSIDADES ELVIRENSES por Jos\u00e9 Enrique Granados"},"content":{"rendered":"<p>FERIA DEL GANADO,LA COMIDA EN LA POSTGUERRA Y EL <span class=\"fsm fwn fcg\"><abbr class=\"_5ptz\" title=\"Mi\u00e9rcoles, 20 de abril de 2016 a las 15:00\" data-utime=\"1461157200\" data-shorten=\"1\"><span id=\"js_6t\" class=\"timestampContent\">ASERRADERO DE MADERA<\/span><\/abbr><abbr class=\"_5ptz\" title=\"Mi\u00e9rcoles, 20 de abril de 2016 a las 15:00\" data-utime=\"1461157200\" data-shorten=\"1\"><span id=\"js_6t\" class=\"timestampContent\"><\/span><\/abbr><\/span><br \/>\n<abbr class=\"_5ptz\" title=\"Mi\u00e9rcoles, 20 de abril de 2016 a las 15:00\" data-utime=\"1461157200\" data-shorten=\"1\"><span id=\"js_6t\" class=\"timestampContent\"><\/span><\/abbr><!--more--><\/p>\n<div class=\"_5x46\"><\/div>\n<p><strong>FERIA DEL GANADO<\/strong><\/p>\n<p>En nuestro pa\u00eds, las ferias de ganado eran importantes acontecimientos sociales. En ellas se hac\u00edan tratos comerciales, se establec\u00edan relaciones sociales y se estrechaban los v\u00ednculos comarcales. Eran d\u00edas de trabajo y tambi\u00e9n de asueto. En la fotograf\u00eda, cortes\u00eda de Mar\u00eda Victoria Correa, momento de un trato efectuado en una de aquellas ferias de ganado que se celebraban en septiembre.<\/p>\n<p>Curiosidades elvirenses.<\/p>\n<p><a href=\"https:\/\/i0.wp.com\/miradordeatarfe.es\/wp-content\/uploads\/2016\/04\/12936549_1000999399986075_3767782160752525097_n.jpg?ssl=1\"><img data-recalc-dims=\"1\" loading=\"lazy\" decoding=\"async\" class=\"size-full wp-image-8529 aligncenter\" src=\"https:\/\/i0.wp.com\/miradordeatarfe.es\/wp-content\/uploads\/2016\/04\/12936549_1000999399986075_3767782160752525097_n.jpg?resize=480%2C349&#038;ssl=1\" alt=\"12936549_1000999399986075_3767782160752525097_n\" width=\"480\" height=\"349\" srcset=\"https:\/\/i0.wp.com\/miradordeatarfe.es\/wp-content\/uploads\/2016\/04\/12936549_1000999399986075_3767782160752525097_n.jpg?w=480&amp;ssl=1 480w, https:\/\/i0.wp.com\/miradordeatarfe.es\/wp-content\/uploads\/2016\/04\/12936549_1000999399986075_3767782160752525097_n.jpg?resize=300%2C218&amp;ssl=1 300w\" sizes=\"auto, (max-width: 480px) 100vw, 480px\" \/><\/a><\/p>\n<p>&nbsp;<\/p>\n<p><strong>LA POSGUERRA Y LA COMIDA<\/strong><\/p>\n<p>\u201cEn la Posguerra lo que importaba era poder comer todos los d\u00edas, que cuando hay hambre no se piensa en otras cosas.\u201d (De la tradici\u00f3n oral).<\/p>\n<p>Esta fotograf\u00eda, cortes\u00eda de \u201cAnita la Palma\u201d me transmite un realismo absoluto de lo que fue el periodo de posguerra en nuestro pa\u00eds. Aunque en ella se ve a un ni\u00f1o y a una joven mujer (la propia Anita) junto a una bicicleta, la imagen irradia al menos para m\u00ed, una negra noci\u00f3n de lo que fue la miseria y precariedad propia de la \u00e9poca.<\/p>\n<div class=\"text_exposed_show\">\n<p>La d\u00e9cada de los 40 fue de pobreza por los destrozos de la guerra, el aislamiento internacional de Espa\u00f1a y por la autarqu\u00eda (autosuficiencia) impuesta por el gobierno franquista.La corrupci\u00f3n existente y el estraperlo \u2014el mercado negro\u2014 empeoraron la situaci\u00f3n. Pese a las cartillas de racionamiento, de la que ya hemos hablado en esta Gacetilla, la mayor parte de la poblaci\u00f3n pasaba hambre.<\/p>\n<p>Todo se agravaba a\u00fan m\u00e1s a consecuencia de la represi\u00f3n social de la dictadura y de la precariedad de las condiciones laborales: en la posguerra los sueldos eran miserables, insuficientes del todo para sacar adelante una familia. Esta circunstancia obligaba, entre otras cosas, a que los ni\u00f1os y ni\u00f1as debieran ponerse a trabajar mucho antes de la edad legalmente permitida.<\/p>\n<p>Y es que, a expensas de la miseria de la mayor\u00eda, algunos otros se enriquecieron.<\/p>\n<p>Curiosidades elvirenses.<\/p>\n<p><a href=\"https:\/\/i0.wp.com\/miradordeatarfe.es\/wp-content\/uploads\/2016\/04\/12994442_1000999806652701_7553167427089302548_n.jpg?ssl=1\"><img data-recalc-dims=\"1\" loading=\"lazy\" decoding=\"async\" class=\"size-full wp-image-8530 aligncenter\" src=\"https:\/\/i0.wp.com\/miradordeatarfe.es\/wp-content\/uploads\/2016\/04\/12994442_1000999806652701_7553167427089302548_n.jpg?resize=288%2C395&#038;ssl=1\" alt=\"12994442_1000999806652701_7553167427089302548_n\" width=\"288\" height=\"395\" srcset=\"https:\/\/i0.wp.com\/miradordeatarfe.es\/wp-content\/uploads\/2016\/04\/12994442_1000999806652701_7553167427089302548_n.jpg?w=288&amp;ssl=1 288w, https:\/\/i0.wp.com\/miradordeatarfe.es\/wp-content\/uploads\/2016\/04\/12994442_1000999806652701_7553167427089302548_n.jpg?resize=219%2C300&amp;ssl=1 219w\" sizes=\"auto, (max-width: 288px) 100vw, 288px\" \/><\/a><\/p>\n<\/div>\n<div class=\"_5x46\">\n<div class=\"clearfix _5va3\">\n<div class=\"clearfix _42ef\">\n<div class=\"_5va4\">\n<div>\n<div class=\"_6a _5u5j\">\n<div class=\"_6a _5u5j _6b\">\n<div class=\"_5pcp\"><span class=\"fsm fwn fcg\"><strong><abbr class=\"_5ptz\" title=\"Mi\u00e9rcoles, 20 de abril de 2016 a las 15:00\" data-utime=\"1461157200\" data-shorten=\"1\"><span id=\"js_6t\" class=\"timestampContent\">ASERRADERO DE MADERA<\/span><\/abbr><\/strong><a class=\"_5pcq\" href=\"https:\/\/www.facebook.com\/732817910137560\/photos\/a.733134063439278.1073741828.732817910137560\/1000943829991632\/?type=3\" target=\"\" rel=\"theater noopener noreferrer\"><abbr class=\"_5ptz\" title=\"Mi\u00e9rcoles, 20 de abril de 2016 a las 15:00\" data-utime=\"1461157200\" data-shorten=\"1\"><span id=\"js_6t\" class=\"timestampContent\"><br \/>\n<\/span><\/abbr><\/a><\/span><\/div>\n<\/div>\n<\/div>\n<\/div>\n<\/div>\n<\/div>\n<\/div>\n<\/div>\n<div id=\"js_6u\" class=\"_5pbx userContent\" data-ft=\"{&quot;tn&quot;:&quot;K&quot;}\">\n<div id=\"id_571e03d6e7cc01b08196155\" class=\"text_exposed_root text_exposed\">\n<p>Junto al apeadero de Sierra Elvira en la l\u00ednea f\u00e9rrea Granada-Bobadilla se instal\u00f3 en 1903 el aserradero de maderas de Diego Li\u00f1\u00e1n Nieves, el Rey del chopo. Esta f\u00e1brica contaba con una m\u00e1quina de vapor como fuerza motriz.<\/p>\n<p>Su instalaci\u00f3n junto al tren, facilitaba la salida de productos madereros como envases para productos agrarios y puntales para la construcci\u00f3n entre otros. De aquella instalaci\u00f3n, solo queda la chimenea.<\/p>\n<p>Fotograf\u00eda de Jos\u00e9 Miguel Reyes Mesa.<\/p>\n<div class=\"text_exposed_show\">\n<p>Curiosidades elvirenses.<\/p>\n<p><a href=\"https:\/\/i0.wp.com\/miradordeatarfe.es\/wp-content\/uploads\/2016\/04\/12933159_1000943829991632_2918472789399107605_n.jpg?ssl=1\"><img data-recalc-dims=\"1\" loading=\"lazy\" decoding=\"async\" class=\"size-full wp-image-8531 aligncenter\" src=\"https:\/\/i0.wp.com\/miradordeatarfe.es\/wp-content\/uploads\/2016\/04\/12933159_1000943829991632_2918472789399107605_n.jpg?resize=198%2C395&#038;ssl=1\" alt=\"12933159_1000943829991632_2918472789399107605_n\" width=\"198\" height=\"395\" srcset=\"https:\/\/i0.wp.com\/miradordeatarfe.es\/wp-content\/uploads\/2016\/04\/12933159_1000943829991632_2918472789399107605_n.jpg?w=198&amp;ssl=1 198w, https:\/\/i0.wp.com\/miradordeatarfe.es\/wp-content\/uploads\/2016\/04\/12933159_1000943829991632_2918472789399107605_n.jpg?resize=150%2C300&amp;ssl=1 150w\" sizes=\"auto, (max-width: 198px) 100vw, 198px\" \/><\/a><\/p>\n<\/div>\n<\/div>\n<\/div>\n","protected":false},"excerpt":{"rendered":"<p>FERIA DEL GANADO,LA COMIDA EN LA POSTGUERRA Y EL ASERRADERO DE MADERA<\/p>\n","protected":false},"author":1,"featured_media":8532,"comment_status":"closed","ping_status":"closed","sticky":false,"template":"","format":"standard","meta":{"_coblocks_attr":"","_coblocks_dimensions":"","_coblocks_responsive_height":"","_coblocks_accordion_ie_support":"","jetpack_post_was_ever_published":false,"_jetpack_newsletter_access":"","_jetpack_dont_email_post_to_subs":false,"_jetpack_newsletter_tier_id":0,"_jetpack_memberships_contains_paywalled_content":false,"_jetpack_memberships_contains_paid_content":false,"footnotes":"","jetpack_publicize_message":"","jetpack_publicize_feature_enabled":true,"jetpack_social_post_already_shared":false,"jetpack_social_options":{"image_generator_settings":{"template":"highway","default_image_id":0,"enabled":false},"version":2}},"categories":[2,1225,38,44,15],"tags":[2555,1045,2554,2556],"class_list":["post-8528","post","type-post","status-publish","format-standard","has-post-thumbnail","hentry","category-atarfe","category-ha-de-atarfe","category-opinion-de-jose-enrique-granados","category-noticias-de-hoy","category-ultimas-noticias","tag-aserradero","tag-comida","tag-ganado","tag-postguerra"],"jetpack_publicize_connections":[],"jetpack_featured_media_url":"https:\/\/i0.wp.com\/miradordeatarfe.es\/wp-content\/uploads\/2016\/04\/IMG_2066-1024x764.jpg?fit=1024%2C764&ssl=1","jetpack_likes_enabled":true,"jetpack_sharing_enabled":true,"_links":{"self":[{"href":"https:\/\/miradordeatarfe.es\/index.php?rest_route=\/wp\/v2\/posts\/8528","targetHints":{"allow":["GET"]}}],"collection":[{"href":"https:\/\/miradordeatarfe.es\/index.php?rest_route=\/wp\/v2\/posts"}],"about":[{"href":"https:\/\/miradordeatarfe.es\/index.php?rest_route=\/wp\/v2\/types\/post"}],"author":[{"embeddable":true,"href":"https:\/\/miradordeatarfe.es\/index.php?rest_route=\/wp\/v2\/users\/1"}],"replies":[{"embeddable":true,"href":"https:\/\/miradordeatarfe.es\/index.php?rest_route=%2Fwp%2Fv2%2Fcomments&post=8528"}],"version-history":[{"count":3,"href":"https:\/\/miradordeatarfe.es\/index.php?rest_route=\/wp\/v2\/posts\/8528\/revisions"}],"predecessor-version":[{"id":36457,"href":"https:\/\/miradordeatarfe.es\/index.php?rest_route=\/wp\/v2\/posts\/8528\/revisions\/36457"}],"wp:featuredmedia":[{"embeddable":true,"href":"https:\/\/miradordeatarfe.es\/index.php?rest_route=\/wp\/v2\/media\/8532"}],"wp:attachment":[{"href":"https:\/\/miradordeatarfe.es\/index.php?rest_route=%2Fwp%2Fv2%2Fmedia&parent=8528"}],"wp:term":[{"taxonomy":"category","embeddable":true,"href":"https:\/\/miradordeatarfe.es\/index.php?rest_route=%2Fwp%2Fv2%2Fcategories&post=8528"},{"taxonomy":"post_tag","embeddable":true,"href":"https:\/\/miradordeatarfe.es\/index.php?rest_route=%2Fwp%2Fv2%2Ftags&post=8528"}],"curies":[{"name":"wp","href":"https:\/\/api.w.org\/{rel}","templated":true}]}}