{"id":8593,"date":"2016-04-27T08:35:18","date_gmt":"2016-04-27T08:35:18","guid":{"rendered":"http:\/\/miradordeatarfe.es\/?p=8593"},"modified":"2016-04-27T08:34:57","modified_gmt":"2016-04-27T08:34:57","slug":"escuela-de-padres-y-madres-las-drogas-y-nuestros-hijos","status":"publish","type":"post","link":"https:\/\/miradordeatarfe.es\/?p=8593","title":{"rendered":"ESCUELA DE PADRES Y MADRES: \u00abLAS DROGAS Y NUESTROS HIJOS\u00bb"},"content":{"rendered":"<p><strong><u>Nueva sesi\u00f3n de la Escuela de padres y madres\u00a0 el viernes d\u00eda 29 de abril de 17:00 \u00a0a 19:00 h. en el Centro Cultural \u201cMedina Elvira\u201d<\/u><\/strong><strong>,<\/strong> y que ser\u00e1 impartida por D. Antonio S\u00e1nchez Uceta<!--more--><\/p>\n<p>Seguimos avanzando en colaborar en la educaci\u00f3n de los\/s menores, a trav\u00e9s de la Escuela de Padres y madres, por lo que hemos\u00a0 organizado una nueva sesi\u00f3n titulada:<\/p>\n<p><strong><u>\u201cConsumo de drogas de nuestros hijos e hijas. Como detectarlo y prevenir\u201d. que tendr\u00e1 lugar el viernes d\u00eda 29 de abril de 17:00 \u00a0a 19:00 h. en el Centro Cultural \u201cMedina Elvira\u201d<\/u><\/strong><strong>,<\/strong> y que ser\u00e1 impartida por D. Antonio S\u00e1nchez Uceta, T\u00e9cnico en cuidados ante las drogas, del Consorcio para el Desarrollo de la Vega Sierra Elvira.<\/p>\n<p>Os recordamos que habr\u00e1 servicio de guarder\u00eda.<\/p>\n<p>&nbsp;<\/p>\n<p>Esperando vuestra colaboraci\u00f3n en la difusi\u00f3n de la Escuela de Padres\/Madres<\/p>\n","protected":false},"excerpt":{"rendered":"<p>Nueva sesi\u00f3n de la Escuela de padres y madres\u00a0 el viernes d\u00eda 29 de abril&#8230;<\/p>\n","protected":false},"author":1,"featured_media":8594,"comment_status":"closed","ping_status":"closed","sticky":false,"template":"","format":"standard","meta":{"_coblocks_attr":"","_coblocks_dimensions":"","_coblocks_responsive_height":"","_coblocks_accordion_ie_support":"","jetpack_post_was_ever_published":false,"_jetpack_newsletter_access":"","_jetpack_dont_email_post_to_subs":false,"_jetpack_newsletter_tier_id":0,"_jetpack_memberships_contains_paywalled_content":false,"_jetpack_memberships_contains_paid_content":false,"footnotes":"","jetpack_publicize_message":"","jetpack_publicize_feature_enabled":true,"jetpack_social_post_already_shared":false,"jetpack_social_options":{"image_generator_settings":{"template":"highway","default_image_id":0,"enabled":false},"version":2}},"categories":[2,187,1161,44,15,10],"tags":[81,2563,2564],"class_list":["post-8593","post","type-post","status-publish","format-standard","has-post-thumbnail","hentry","category-atarfe","category-centros-educativos","category-ciudadania","category-noticias-de-hoy","category-ultimas-noticias","category-salud","tag-atarfe","tag-drogas","tag-escuela-de-madres-y-padres"],"jetpack_publicize_connections":[],"jetpack_featured_media_url":"https:\/\/i0.wp.com\/miradordeatarfe.es\/wp-content\/uploads\/2016\/04\/como-prevenir-el-uso-de-drogas-en-los-hijos-1.jpg?fit=649%2C432&ssl=1","jetpack_likes_enabled":true,"jetpack_sharing_enabled":true,"_links":{"self":[{"href":"https:\/\/miradordeatarfe.es\/index.php?rest_route=\/wp\/v2\/posts\/8593","targetHints":{"allow":["GET"]}}],"collection":[{"href":"https:\/\/miradordeatarfe.es\/index.php?rest_route=\/wp\/v2\/posts"}],"about":[{"href":"https:\/\/miradordeatarfe.es\/index.php?rest_route=\/wp\/v2\/types\/post"}],"author":[{"embeddable":true,"href":"https:\/\/miradordeatarfe.es\/index.php?rest_route=\/wp\/v2\/users\/1"}],"replies":[{"embeddable":true,"href":"https:\/\/miradordeatarfe.es\/index.php?rest_route=%2Fwp%2Fv2%2Fcomments&post=8593"}],"version-history":[{"count":1,"href":"https:\/\/miradordeatarfe.es\/index.php?rest_route=\/wp\/v2\/posts\/8593\/revisions"}],"predecessor-version":[{"id":8595,"href":"https:\/\/miradordeatarfe.es\/index.php?rest_route=\/wp\/v2\/posts\/8593\/revisions\/8595"}],"wp:featuredmedia":[{"embeddable":true,"href":"https:\/\/miradordeatarfe.es\/index.php?rest_route=\/wp\/v2\/media\/8594"}],"wp:attachment":[{"href":"https:\/\/miradordeatarfe.es\/index.php?rest_route=%2Fwp%2Fv2%2Fmedia&parent=8593"}],"wp:term":[{"taxonomy":"category","embeddable":true,"href":"https:\/\/miradordeatarfe.es\/index.php?rest_route=%2Fwp%2Fv2%2Fcategories&post=8593"},{"taxonomy":"post_tag","embeddable":true,"href":"https:\/\/miradordeatarfe.es\/index.php?rest_route=%2Fwp%2Fv2%2Ftags&post=8593"}],"curies":[{"name":"wp","href":"https:\/\/api.w.org\/{rel}","templated":true}]}}