{"id":8716,"date":"2016-05-08T10:04:38","date_gmt":"2016-05-08T08:04:38","guid":{"rendered":"http:\/\/miradordeatarfe.es\/?p=8716"},"modified":"2016-05-08T12:55:41","modified_gmt":"2016-05-08T10:55:41","slug":"orientacion-con-escolares-2016-proxima-cita-el-10-de-mayo-en-atarfe","status":"publish","type":"post","link":"https:\/\/miradordeatarfe.es\/?p=8716","title":{"rendered":"ORIENTACI\u00d3N CON ESCOLARES 2016, PR\u00d3XIMA CITA, EL 10 DE MAYO EN ATARFE"},"content":{"rendered":"<p align=\"justify\">Dentro del programa Orientaci\u00f3n con Escolares de la Diputaci\u00f3n de Granada, el pr\u00f3ximo <strong>10 de Mayo<\/strong>, la prueba se llevar\u00e1 a cabo en nuestros maravillosos parajes naturales, concretamente en <strong>Los Llanos de Silva.<\/strong><!--more--><\/p>\n<p align=\"justify\">Vendr\u00e1n alumnado en edad alev\u00edn(11-12 a\u00f1os), de todos los rincones de la Comarca y de los Montes Orientales,d\u00f3nde el <strong>Colegio Atalaya de Atarfe, ser\u00e1 nuestro representante\u00a0local<\/strong>,\u00a0y hay que destacar, que ser\u00e1 esta prueba, la que albergue mayor n\u00famero de alumnos y alumnas inscritos, unos 400 en total.<\/p>\n<p align=\"justify\">El Ayuntamiento de Atarfe, se har\u00e1 cargo del avituallamiento para la prueba, as\u00ed como de los premios que se entreguen.<\/p>\n<p align=\"justify\">\n<div><img data-recalc-dims=\"1\" loading=\"lazy\" decoding=\"async\" src=\"https:\/\/i0.wp.com\/www.acidesa.es\/data\/fotos_contenidos_web\/663_600_20160405130411.jpg?resize=400%2C267\" width=\"400\" height=\"267\" \/><\/div>\n","protected":false},"excerpt":{"rendered":"<p>Dentro del programa Orientaci\u00f3n con Escolares de la Diputaci\u00f3n de Granada, el pr\u00f3ximo 10 de&#8230;<\/p>\n","protected":false},"author":1,"featured_media":8717,"comment_status":"closed","ping_status":"closed","sticky":false,"template":"","format":"standard","meta":{"_coblocks_attr":"","_coblocks_dimensions":"","_coblocks_responsive_height":"","_coblocks_accordion_ie_support":"","jetpack_post_was_ever_published":false,"_jetpack_newsletter_access":"","_jetpack_dont_email_post_to_subs":false,"_jetpack_newsletter_tier_id":0,"_jetpack_memberships_contains_paywalled_content":false,"_jetpack_memberships_contains_paid_content":false,"footnotes":"","jetpack_publicize_message":"","jetpack_publicize_feature_enabled":true,"jetpack_social_post_already_shared":false,"jetpack_social_options":{"image_generator_settings":{"template":"highway","default_image_id":0,"enabled":false},"version":2}},"categories":[2,182,44,15,10],"tags":[2589,2058,55],"class_list":["post-8716","post","type-post","status-publish","format-standard","has-post-thumbnail","hentry","category-atarfe","category-deportes","category-noticias-de-hoy","category-ultimas-noticias","category-salud","tag-deporte-escolar","tag-orientacion","tag-salud"],"jetpack_publicize_connections":[],"jetpack_featured_media_url":"https:\/\/i0.wp.com\/miradordeatarfe.es\/wp-content\/uploads\/2016\/05\/ori1.jpg?fit=275%2C183&ssl=1","jetpack_likes_enabled":true,"jetpack_sharing_enabled":true,"_links":{"self":[{"href":"https:\/\/miradordeatarfe.es\/index.php?rest_route=\/wp\/v2\/posts\/8716","targetHints":{"allow":["GET"]}}],"collection":[{"href":"https:\/\/miradordeatarfe.es\/index.php?rest_route=\/wp\/v2\/posts"}],"about":[{"href":"https:\/\/miradordeatarfe.es\/index.php?rest_route=\/wp\/v2\/types\/post"}],"author":[{"embeddable":true,"href":"https:\/\/miradordeatarfe.es\/index.php?rest_route=\/wp\/v2\/users\/1"}],"replies":[{"embeddable":true,"href":"https:\/\/miradordeatarfe.es\/index.php?rest_route=%2Fwp%2Fv2%2Fcomments&post=8716"}],"version-history":[{"count":1,"href":"https:\/\/miradordeatarfe.es\/index.php?rest_route=\/wp\/v2\/posts\/8716\/revisions"}],"predecessor-version":[{"id":8718,"href":"https:\/\/miradordeatarfe.es\/index.php?rest_route=\/wp\/v2\/posts\/8716\/revisions\/8718"}],"wp:featuredmedia":[{"embeddable":true,"href":"https:\/\/miradordeatarfe.es\/index.php?rest_route=\/wp\/v2\/media\/8717"}],"wp:attachment":[{"href":"https:\/\/miradordeatarfe.es\/index.php?rest_route=%2Fwp%2Fv2%2Fmedia&parent=8716"}],"wp:term":[{"taxonomy":"category","embeddable":true,"href":"https:\/\/miradordeatarfe.es\/index.php?rest_route=%2Fwp%2Fv2%2Fcategories&post=8716"},{"taxonomy":"post_tag","embeddable":true,"href":"https:\/\/miradordeatarfe.es\/index.php?rest_route=%2Fwp%2Fv2%2Ftags&post=8716"}],"curies":[{"name":"wp","href":"https:\/\/api.w.org\/{rel}","templated":true}]}}