{"id":879,"date":"2015-03-08T08:54:15","date_gmt":"2015-03-08T08:54:15","guid":{"rendered":"http:\/\/miradordeatarfe.es\/?p=879"},"modified":"2015-04-01T08:55:50","modified_gmt":"2015-04-01T08:55:50","slug":"castanas-por-juan-alfredo-bellon","status":"publish","type":"post","link":"https:\/\/miradordeatarfe.es\/?p=879","title":{"rendered":"CASTA\u00d1AS  por Juan Alfredo Bell\u00f3n"},"content":{"rendered":"<p lang=\"es-ES\"><span style=\"color: #000000;\"><span style=\"font-family: Calibri,sans-serif;\"><span style=\"font-size: small;\"><i><b>CASTA\u00d1AS , <\/b><\/i><b>por Juan Alfredo Bell\u00f3n\u00a0 para &lt;andalucesdiario.es&gt; del domingo 08-03-2015<\/b><\/span><\/span><\/span><!--more--><\/p>\n<p lang=\"es-ES\"><span style=\"color: #000000;\"><span style=\"font-family: Calibri,sans-serif;\"><span style=\"font-size: small;\"> Hay que ver qu\u00e9 curiosos son estos <i>tiempos modernos <\/i>que nos han tocado vivir y cu\u00e1ntos lances ocurrentes nos acaecen diariamente en nuestra vida cotidiana. Lo digo por lo que me pas\u00f3 el otro d\u00eda en la piscina granadina del barrio de La Chana a donde suelo acudir en d\u00edas alternos con mi amigo Pepe Z\u00fa\u00f1iga, con-ag\u00fcero en lides natatorias, contertulio sobre lo que encarte, comensal de caf\u00e9 con leche y tostada con aceite y tomate y con quien coincido desde 2004 en el ejercicio y disfrute de la jubilaci\u00f3n hidroterap\u00e9utica , forzado \u00e9l por un accidente dom\u00e9stico grave y yo por una intervenci\u00f3n quir\u00fargica gastrointestinal de la que sal\u00ed bien parado pero no apto para continuar el ejercicio de la docencia. <\/span><\/span><\/span><\/p>\n<p lang=\"es-ES\"><span style=\"color: #000000;\"><span style=\"font-family: Calibri,sans-serif;\"><span style=\"font-size: small;\"> Nuestra vida de jubilados es suficientemente l\u00fadica y contemplativa para aprovechar la estancia en las instalaciones deportivas en entablar conocimiento y amistad con el estupendo personal que las atiende y con los usuarios que las disfrutan como nosotros, personas de todas las edades, sexos y condici\u00f3n socio cultural sobre quienes escribir\u00e9 en un futuro pr\u00f3ximo. Hoy solo destacar\u00e9 lo de un joven treinta\u00f1ero cuyo nombre no recuerdo y que nos sorprendi\u00f3 hace unos d\u00edas habl\u00e1ndonos de lo molesto de las almorranas (que Pepe tambi\u00e9n padece) y del expediente al que \u00e9l acud\u00eda para mitigarlas y que consist\u00eda en introducir una casta\u00f1a seca en el bolsillo del pantal\u00f3n, sine die, hasta conseguir la sanaci\u00f3n de las hemorroides por los efluvios que desde all\u00ed desprende el preciado fruto oto\u00f1al.<\/span><\/span><\/span><\/p>\n<p lang=\"es-ES\"><span style=\"color: #000000;\"><span style=\"font-family: Calibri,sans-serif;\"><span style=\"font-size: small;\"> Claro que, hablando con nuestro amigo y compa\u00f1ero de pileta, nos hemos enterado de que \u00e9l a\u00f1ade adem\u00e1s al tratamiento b\u00e1sico casta\u00f1ero algunos protocolos complementarios, a saber abluciones de asiento con aplicaciones de jab\u00f3n de sosa c\u00e1ustica en las partes dolidas; introducci\u00f3n de un diente de ajo pelado en el mism\u00edsimo ojete y hasta la mitad de ambos, procurando un frotamiento terap\u00e9utico como el que se realiza sobre el pellejo de zambombas, panderetas y tambores hasta conseguir el <i>estirajamiento <\/i>del pellejo percutido, complement\u00e1ndolo todo con la aplicaci\u00f3n de un buen zocolotroco de hielo hasta conseguir derretirlo totalmente para que as\u00ed se acobarden los p\u00f3lipos almorr\u00e1nicos y se retracten, procurando la calma o desaparici\u00f3n total de la hinchaz\u00f3n y del prurito correspondiente. Pero, siendo excelentes todas esta aplicaciones complementarias, nuestro informador insiste en que la casta\u00f1a es lo verdaderamente imprescindible.<\/span><\/span><\/span><\/p>\n<p lang=\"es-ES\"><span style=\"color: #000000;\"><span style=\"font-family: Calibri,sans-serif;\"><span style=\"font-size: small;\"> Y me da por pensar en lo que pasar\u00eda si la receta llegara a manos de Mariano Rajoy, \u00e9l que ejerce de gallego profundo y seguramente cree en las meigas y sus remedios ancestrales, adem\u00e1s de poner en peligro la cosecha de casta\u00f1as de 2015, si se le recomendara a cada desempleado espa\u00f1ol de primer o segundo empleo y de corta o larga duraci\u00f3n, producir\u00eda una nueva oleada de soluciones m\u00e1gicas a nuestro estado de postraci\u00f3n nacional, confluyente con las del ministerio de Educaci\u00f3n(?) para solucionar por decreto el <i>rigor<\/i> cient\u00edfico del curr\u00edculo de nuestros escolares exigi\u00e9ndoles reconocer el origen divino del cosmos y desconocer las aportaciones de Darwin al origen y evoluci\u00f3n de las especies, incluida la nuestra. Se trata, en efecto, de una evoluci\u00f3n, para ellos positiva, hacia la ideolog\u00eda, la cultura y la medicina populares y nosotros dir\u00edamos que pre-cient\u00edficas, amparada e impulsada en lo que parece por la Iglesia Cat\u00f3lica y por todas las cosmogon\u00edas teoc\u00e9ntricas y autoritarias que en el mundo quedan.<\/span><\/span><\/span><\/p>\n<p lang=\"es-ES\"><span style=\"color: #000000;\"><span style=\"font-family: Calibri,sans-serif;\"><span style=\"font-size: small;\"> A cualquier problema o desajuste se le aplica la <i>soluci\u00f3n individual casta\u00f1a; <\/i>contra el paro, ramito de perejil para san Pancracio; contra la agresividad, mansedumbre; contra la desigualdad, oraci\u00f3n y resignaci\u00f3n cristianas y amparo bajo el manto de Mar\u00eda Sant\u00edsima, como recomendaba el Arzobispo de Granada al monaguillo sexualmente agredido por el Roman\u00f3n y por los Romanones y ahora, para el mejor gobierno de nuestras ciudades, un poner, Valencia, santa Rita Barber\u00e1, con los <i>calorets<\/i> m\u00e1s que presuntamente et\u00edlicos a flor de caletre y a flor de piel.<\/span><\/span><\/span><\/p>\n<p lang=\"es-ES\"><span style=\"color: #000000;\"><span style=\"font-family: Calibri,sans-serif;\"><span style=\"font-size: small;\"> \u00a1Toma accidente del Metro valenciano y tomemos casta\u00f1as <i>con hilillos<\/i> <i>made in Rajoy<\/i>!<\/span><\/span><\/span><\/p>\n","protected":false},"excerpt":{"rendered":"<p>CASTA\u00d1AS , por Juan Alfredo Bell\u00f3n\u00a0 para &lt;andalucesdiario.es&gt; del domingo 08-03-2015<\/p>\n","protected":false},"author":1,"featured_media":880,"comment_status":"closed","ping_status":"closed","sticky":false,"template":"","format":"standard","meta":{"_coblocks_attr":"","_coblocks_dimensions":"","_coblocks_responsive_height":"","_coblocks_accordion_ie_support":"","jetpack_post_was_ever_published":false,"_jetpack_newsletter_access":"","_jetpack_dont_email_post_to_subs":false,"_jetpack_newsletter_tier_id":0,"_jetpack_memberships_contains_paywalled_content":false,"_jetpack_memberships_contains_paid_content":false,"footnotes":"","jetpack_publicize_message":"","jetpack_publicize_feature_enabled":true,"jetpack_social_post_already_shared":false,"jetpack_social_options":{"image_generator_settings":{"template":"highway","default_image_id":0,"enabled":false},"version":2}},"categories":[36],"tags":[27,42],"class_list":["post-879","post","type-post","status-publish","format-standard","has-post-thumbnail","hentry","category-opinion-de-juan-alfredo-bellon","tag-educacion","tag-politica"],"jetpack_publicize_connections":[],"jetpack_featured_media_url":"https:\/\/i0.wp.com\/miradordeatarfe.es\/wp-content\/uploads\/2015\/04\/CAS.jpg?fit=259%2C194&ssl=1","jetpack_likes_enabled":true,"jetpack_sharing_enabled":true,"_links":{"self":[{"href":"https:\/\/miradordeatarfe.es\/index.php?rest_route=\/wp\/v2\/posts\/879","targetHints":{"allow":["GET"]}}],"collection":[{"href":"https:\/\/miradordeatarfe.es\/index.php?rest_route=\/wp\/v2\/posts"}],"about":[{"href":"https:\/\/miradordeatarfe.es\/index.php?rest_route=\/wp\/v2\/types\/post"}],"author":[{"embeddable":true,"href":"https:\/\/miradordeatarfe.es\/index.php?rest_route=\/wp\/v2\/users\/1"}],"replies":[{"embeddable":true,"href":"https:\/\/miradordeatarfe.es\/index.php?rest_route=%2Fwp%2Fv2%2Fcomments&post=879"}],"version-history":[{"count":1,"href":"https:\/\/miradordeatarfe.es\/index.php?rest_route=\/wp\/v2\/posts\/879\/revisions"}],"predecessor-version":[{"id":881,"href":"https:\/\/miradordeatarfe.es\/index.php?rest_route=\/wp\/v2\/posts\/879\/revisions\/881"}],"wp:featuredmedia":[{"embeddable":true,"href":"https:\/\/miradordeatarfe.es\/index.php?rest_route=\/wp\/v2\/media\/880"}],"wp:attachment":[{"href":"https:\/\/miradordeatarfe.es\/index.php?rest_route=%2Fwp%2Fv2%2Fmedia&parent=879"}],"wp:term":[{"taxonomy":"category","embeddable":true,"href":"https:\/\/miradordeatarfe.es\/index.php?rest_route=%2Fwp%2Fv2%2Fcategories&post=879"},{"taxonomy":"post_tag","embeddable":true,"href":"https:\/\/miradordeatarfe.es\/index.php?rest_route=%2Fwp%2Fv2%2Ftags&post=879"}],"curies":[{"name":"wp","href":"https:\/\/api.w.org\/{rel}","templated":true}]}}