{"id":8816,"date":"2016-05-11T09:45:01","date_gmt":"2016-05-11T07:45:01","guid":{"rendered":"http:\/\/miradordeatarfe.es\/?p=8816"},"modified":"2016-05-11T10:04:06","modified_gmt":"2016-05-11T08:04:06","slug":"nueva-sesion-de-la-escuela-de-madrespadres-de-atarfe-viernes-13-a-las-17horas","status":"publish","type":"post","link":"https:\/\/miradordeatarfe.es\/?p=8816","title":{"rendered":"NUEVA SESI\u00d3N DE LA ESCUELA DE MADRES\/PADRES DE ATARFE VIERNES 13 A LAS 17HORAS"},"content":{"rendered":"<p><span id=\"fbPhotoSnowliftCaption\" class=\"fbPhotosPhotoCaption\" tabindex=\"0\" data-ft=\"{&quot;tn&quot;:&quot;K&quot;}\"><span class=\"hasCaption\">Os anunciamos con tiempo que el viernes hay una <span style=\"text-decoration: underline;\"><strong>conferencia sobre intolerancias y alergias alimentarias<\/strong><\/span> dentro del ciclo dedicado a la Escuela de Padres.<\/span><\/span><!--more--><\/p>\n<p><span id=\"fbPhotoSnowliftCaption\" class=\"fbPhotosPhotoCaption\" tabindex=\"0\" data-ft=\"{&quot;tn&quot;:&quot;K&quot;}\"><span class=\"hasCaption\"> En esta ocasi\u00f3n intervendr\u00e1n <strong>Cristina G\u00e1lvez Cano,<\/strong> diplomada en nutrici\u00f3n y diet\u00e9tica, que disertar\u00e1 sobre las diferencias entre intolerancia y alergia, adem\u00e1s de profundizar en el etiquetado de alimentos; y Carmen L\u00f3pez-Lefebre, presidenta de la Asociaci\u00f3n de Cel\u00edacos de Granada, que informar\u00e1 sobre la dieta sin gluten. El Centro Cultural Medina Elvira pone a disposici\u00f3n de padres <strong>el servicio de guarder\u00eda.<\/strong><\/span><\/span><\/p>\n<p>&nbsp;<\/p>\n<p><a href=\"https:\/\/i0.wp.com\/miradordeatarfe.es\/wp-content\/uploads\/2016\/05\/escuelas.jpg?ssl=1\"><img data-recalc-dims=\"1\" loading=\"lazy\" decoding=\"async\" class=\"wp-image-8817 aligncenter\" src=\"https:\/\/i0.wp.com\/miradordeatarfe.es\/wp-content\/uploads\/2016\/05\/escuelas.jpg?resize=640%2C927&#038;ssl=1\" alt=\"escuelas\" width=\"640\" height=\"927\" srcset=\"https:\/\/i0.wp.com\/miradordeatarfe.es\/wp-content\/uploads\/2016\/05\/escuelas.jpg?w=663&amp;ssl=1 663w, https:\/\/i0.wp.com\/miradordeatarfe.es\/wp-content\/uploads\/2016\/05\/escuelas.jpg?resize=207%2C300&amp;ssl=1 207w, https:\/\/i0.wp.com\/miradordeatarfe.es\/wp-content\/uploads\/2016\/05\/escuelas.jpg?resize=600%2C869&amp;ssl=1 600w\" sizes=\"auto, (max-width: 640px) 100vw, 640px\" \/><\/a><\/p>\n","protected":false},"excerpt":{"rendered":"<p>Os anunciamos con tiempo que el viernes hay una conferencia sobre intolerancias y alergias alimentarias&#8230;<\/p>\n","protected":false},"author":1,"featured_media":8836,"comment_status":"closed","ping_status":"closed","sticky":false,"template":"","format":"standard","meta":{"_coblocks_attr":"","_coblocks_dimensions":"","_coblocks_responsive_height":"","_coblocks_accordion_ie_support":"","jetpack_post_was_ever_published":false,"_jetpack_newsletter_access":"","_jetpack_dont_email_post_to_subs":false,"_jetpack_newsletter_tier_id":0,"_jetpack_memberships_contains_paywalled_content":false,"_jetpack_memberships_contains_paid_content":false,"footnotes":"","jetpack_publicize_message":"","jetpack_publicize_feature_enabled":true,"jetpack_social_post_already_shared":false,"jetpack_social_options":{"image_generator_settings":{"template":"highway","default_image_id":0,"enabled":false},"version":2}},"categories":[2,187,44,15,10],"tags":[220,2248,55],"class_list":["post-8816","post","type-post","status-publish","format-standard","has-post-thumbnail","hentry","category-atarfe","category-centros-educativos","category-noticias-de-hoy","category-ultimas-noticias","category-salud","tag-alimentacion","tag-escuela-de-padresmadres","tag-salud"],"jetpack_publicize_connections":[],"jetpack_featured_media_url":"https:\/\/i0.wp.com\/miradordeatarfe.es\/wp-content\/uploads\/2016\/05\/Escuela-madres-y-padres.jpg?fit=708%2C354&ssl=1","jetpack_likes_enabled":true,"jetpack_sharing_enabled":true,"_links":{"self":[{"href":"https:\/\/miradordeatarfe.es\/index.php?rest_route=\/wp\/v2\/posts\/8816","targetHints":{"allow":["GET"]}}],"collection":[{"href":"https:\/\/miradordeatarfe.es\/index.php?rest_route=\/wp\/v2\/posts"}],"about":[{"href":"https:\/\/miradordeatarfe.es\/index.php?rest_route=\/wp\/v2\/types\/post"}],"author":[{"embeddable":true,"href":"https:\/\/miradordeatarfe.es\/index.php?rest_route=\/wp\/v2\/users\/1"}],"replies":[{"embeddable":true,"href":"https:\/\/miradordeatarfe.es\/index.php?rest_route=%2Fwp%2Fv2%2Fcomments&post=8816"}],"version-history":[{"count":1,"href":"https:\/\/miradordeatarfe.es\/index.php?rest_route=\/wp\/v2\/posts\/8816\/revisions"}],"predecessor-version":[{"id":8818,"href":"https:\/\/miradordeatarfe.es\/index.php?rest_route=\/wp\/v2\/posts\/8816\/revisions\/8818"}],"wp:featuredmedia":[{"embeddable":true,"href":"https:\/\/miradordeatarfe.es\/index.php?rest_route=\/wp\/v2\/media\/8836"}],"wp:attachment":[{"href":"https:\/\/miradordeatarfe.es\/index.php?rest_route=%2Fwp%2Fv2%2Fmedia&parent=8816"}],"wp:term":[{"taxonomy":"category","embeddable":true,"href":"https:\/\/miradordeatarfe.es\/index.php?rest_route=%2Fwp%2Fv2%2Fcategories&post=8816"},{"taxonomy":"post_tag","embeddable":true,"href":"https:\/\/miradordeatarfe.es\/index.php?rest_route=%2Fwp%2Fv2%2Ftags&post=8816"}],"curies":[{"name":"wp","href":"https:\/\/api.w.org\/{rel}","templated":true}]}}