{"id":8981,"date":"2016-05-18T10:15:45","date_gmt":"2016-05-18T08:15:45","guid":{"rendered":"http:\/\/miradordeatarfe.es\/?p=8981"},"modified":"2022-02-12T12:27:35","modified_gmt":"2022-02-12T11:27:35","slug":"atarfe-en-pista-2016","status":"publish","type":"post","link":"https:\/\/miradordeatarfe.es\/?p=8981","title":{"rendered":"ATARFE EN PISTA 2016"},"content":{"rendered":"<p align=\"JUSTIFY\"><span style=\"font-family: Arial,serif;\"><span style=\"font-size: medium;\">El s\u00e1bado d\u00eda 14 de mayo se celebr\u00f3 en las pistas de atletismo de Atarfe la competici\u00f3n \u201cAtarfe en Pista 2016\u201d que programaba pruebas de promoci\u00f3n dirigidas a los colegios de la localidad si bien la inscripci\u00f3n estaba abierta a todos los clubs de la provincia as\u00ed como pruebas de exhibici\u00f3n para atletas federados y otras pruebas de car\u00e1cter popular abiertas a todo aqu\u00e9l atleta que desease participar. <\/span><\/span><!--more--><\/p>\n<p align=\"JUSTIFY\"><span style=\"font-family: Arial,serif;\"><span style=\"font-size: medium;\">La organizaci\u00f3n corri\u00f3 a cargo de los padres de los ni\u00f1os de la <strong>Escuela de Atletismo Atarfe,<\/strong> contando con la <em>colaboraci\u00f3n del Club Monta\u00f1a Atarfe y con el patrocinio del Excmo Ayuntamiento de Atarfe.<\/em> <\/span><\/span><\/p>\n<p align=\"JUSTIFY\"><span style=\"font-family: Arial,serif;\"><span style=\"font-size: medium;\">En las pruebas de promoci\u00f3n se registr\u00f3 una alta participaci\u00f3n de escolares de todos los colegios de Atarfe junto a atletas de la Escuela Atletismo Atarfe que residen fuera de nuestro pueblo y otros venidos de Clubs como Albolote, Granada Joven, Cl\u00ednicas Polisalud. Se disputaron pruebas de velocidad, medio fondo y saltos en las que se vivieron grandes momentos no en vano tomaron parte atletas que han sido Campeones de Andaluc\u00eda de su especialidad. Se repartieron premios y trofeos a los cinco primeros clasificados de cada prueba estando representados en el p\u00f3dium atletas pertenecientes a los diferentes colegios participantes si bien en la oficiosa clasificaci\u00f3n por <strong>Colegios destac\u00f3 el CEIP Clara Campoamor que totaliz\u00f3 34 puntos<\/strong>, seguido del <strong>CP Atalaya con 33<\/strong>, <strong>CP Doctor Jim\u00e9nez Rueda con 19, SAFA con 18 y Medina Elvira con 5 puntos. Hubo regalos para todos los participantes.<\/strong> <\/span><\/span><\/p>\n<p align=\"JUSTIFY\"><span style=\"font-family: Arial,serif;\"><span style=\"font-size: medium;\">Junto con la disputa de las pruebas escolares se desarrollaron pruebas de exhibici\u00f3n en la que tomaron parte algunos de los mejores atletas de Granada destacando entre ellos <strong>Daniel Serrano<\/strong>, atleta de Casanueva que milita en el Club Playas de Castell\u00f3n quien se impuso en los 100 metros lisos. Este atleta ha sido subcampe\u00f3n de Espa\u00f1a absoluto de 200 metros en pista cubierta, acredita marcas de 10.79 en 100 metros y 21.36 en 200 y est\u00e1 luchando por conseguir la m\u00ednima para participar en los Campeonatos de Europa a celebrar en Amsterdam.<\/span><\/span><\/p>\n<p align=\"JUSTIFY\"><span style=\"font-family: Arial,serif;\"><span style=\"font-size: medium;\">Los 100 metros femeninos fueron ganados por la atleta del Granada Joven <strong>Yaiza Olm<\/strong>o mientras las pruebas de Salto de Longitud fueron para el atleta del Club Surco Aventura, <strong>Miguel Noguera,<\/strong> que cuenta con la mejor marca granadina de la temporada en la especialidad y para <strong>Paula Jim\u00e9nez L\u00f3pez<\/strong> del Granada Joven si bien esta atleta se ha formado en la Escuela de Atletismo de Atarfe. <\/span><\/span><\/p>\n<p align=\"JUSTIFY\"><span style=\"font-family: Arial,serif;\"><span style=\"font-size: medium;\">En la prueba de la Milla resultando ganadores el atleta del Club Cl\u00ednicas Polisalud<strong> Cristian V\u00edlchez Ceballos<\/strong> y en categor\u00eda femenina entraron en cabeza de la mano las atletas que entrenan con la Escuela Atletismo Atarfe <strong>Pilar G\u00f3mez Mac\u00edas, Mercedes Jim\u00e9nez y Mayca Mart\u00ednez.<\/strong> <\/span><\/span><\/p>\n<p align=\"JUSTIFY\"><span style=\"font-family: Arial,serif;\"><span style=\"font-size: medium;\">Como broche final de la jornada se disput\u00f3 una prueba de relevos por equipos sobre la distancia de 3.000 metros bautizada \u201cRETO 3.000\u201d donde se propon\u00eda a los conjuntos participantes conseguir mediante el esfuerzo repartido entre ellos algunas de las marcas de referencia de la especialidad, desde el inalcanzable record mundial hasta el no menos f\u00e1cil de conseguir record granadino que ostenta el atleta de La Zubia <strong>Enrique Molina Vargas c<\/strong>on 7.32. <\/span><\/span><\/p>\n<p align=\"JUSTIFY\"><span style=\"font-family: Arial,serif;\"><span style=\"font-size: medium;\">Fueron cuatro los equipos que consiguieron el RETO ORO que era bajar de 9 minutos. Las victorias tanto en masculino como femenino se quedaron en la Escuela Atletismo Atarfe, as\u00ed el equipo formado por <strong>Manuel Jim\u00e9nez L\u00f3pez, Pablo Mart\u00edn Santiago y Jaime Vico Guzm\u00e1n,<\/strong> todos ellos de categor\u00eda cadete (hasta 14 a\u00f1os) se impuso con un tiempo de 8.35 al equipo formado por los hermanos <strong>Urquiza Sierra, Francisco Javier y Juan Jos\u00e9 y Jos\u00e9 Justicia Ruiz<\/strong> que acredit\u00f3 8.36. <\/span><\/span><\/p>\n<p align=\"JUSTIFY\"><span style=\"font-family: Arial,serif;\"><span style=\"font-size: medium;\">Los integrantes del equipo vencedor se proclamaron este invierno campeones de Espa\u00f1a de Cross en la carrera disputada en el Hip\u00f3dromo de la Zarzuela integrados en el Club Atletismo Nerja acumulando entre ellos varios t\u00edtulos de Andaluc\u00eda de Cross y Pista y medallas a nivel andaluz. Baste recordar que estos atletas junto con <strong>Ra\u00fal Castillo y Diego Montero<\/strong> han sido en dos ocasiones campeones de Andaluc\u00eda de Cross representando al Club Atletismo y Montana Atarfe. <\/span><\/span><\/p>\n<p align=\"JUSTIFY\"><span style=\"font-family: Arial,serif;\"><span style=\"font-size: medium;\">En categor\u00eda femenina la victoria recay\u00f3 en el equipo de la Escuela Atletismo Atarfe integrado por <strong>Mayca Mart\u00ednez, Pilar G\u00f3mez Mac\u00edas y Mercedes Jim\u00e9nez Porcel.<\/strong> <\/span><\/span><\/p>\n<p align=\"JUSTIFY\"><span style=\"font-family: Arial,serif;\"><span style=\"font-size: medium;\">Los resultados y fotos del evento se pueden consultar en el blog de la Escuela Atletismo Atarfe y en el Canal de Youtube de la Escuela. <\/span><\/span><\/p>\n","protected":false},"excerpt":{"rendered":"<p>El s\u00e1bado d\u00eda 14 de mayo se celebr\u00f3 en las pistas de atletismo de Atarfe&#8230;<\/p>\n","protected":false},"author":1,"featured_media":8983,"comment_status":"closed","ping_status":"closed","sticky":false,"template":"","format":"standard","meta":{"_coblocks_attr":"","_coblocks_dimensions":"","_coblocks_responsive_height":"","_coblocks_accordion_ie_support":"","jetpack_post_was_ever_published":false,"_jetpack_newsletter_access":"","_jetpack_dont_email_post_to_subs":false,"_jetpack_newsletter_tier_id":0,"_jetpack_memberships_contains_paywalled_content":false,"_jetpack_memberships_contains_paid_content":false,"footnotes":"","jetpack_publicize_message":"","jetpack_publicize_feature_enabled":true,"jetpack_social_post_already_shared":false,"jetpack_social_options":{"image_generator_settings":{"template":"highway","default_image_id":0,"enabled":false},"version":2}},"categories":[2,182,6915,44,15],"tags":[81,85],"class_list":["post-8981","post","type-post","status-publish","format-standard","has-post-thumbnail","hentry","category-atarfe","category-deportes","category-opinion-de-manuel-jimenez","category-noticias-de-hoy","category-ultimas-noticias","tag-atarfe","tag-atletismo"],"jetpack_publicize_connections":[],"jetpack_featured_media_url":"https:\/\/i0.wp.com\/miradordeatarfe.es\/wp-content\/uploads\/2016\/05\/atarfe-en-pista.jpg?fit=1600%2C899&ssl=1","jetpack_likes_enabled":true,"jetpack_sharing_enabled":true,"_links":{"self":[{"href":"https:\/\/miradordeatarfe.es\/index.php?rest_route=\/wp\/v2\/posts\/8981","targetHints":{"allow":["GET"]}}],"collection":[{"href":"https:\/\/miradordeatarfe.es\/index.php?rest_route=\/wp\/v2\/posts"}],"about":[{"href":"https:\/\/miradordeatarfe.es\/index.php?rest_route=\/wp\/v2\/types\/post"}],"author":[{"embeddable":true,"href":"https:\/\/miradordeatarfe.es\/index.php?rest_route=\/wp\/v2\/users\/1"}],"replies":[{"embeddable":true,"href":"https:\/\/miradordeatarfe.es\/index.php?rest_route=%2Fwp%2Fv2%2Fcomments&post=8981"}],"version-history":[{"count":1,"href":"https:\/\/miradordeatarfe.es\/index.php?rest_route=\/wp\/v2\/posts\/8981\/revisions"}],"predecessor-version":[{"id":8982,"href":"https:\/\/miradordeatarfe.es\/index.php?rest_route=\/wp\/v2\/posts\/8981\/revisions\/8982"}],"wp:featuredmedia":[{"embeddable":true,"href":"https:\/\/miradordeatarfe.es\/index.php?rest_route=\/wp\/v2\/media\/8983"}],"wp:attachment":[{"href":"https:\/\/miradordeatarfe.es\/index.php?rest_route=%2Fwp%2Fv2%2Fmedia&parent=8981"}],"wp:term":[{"taxonomy":"category","embeddable":true,"href":"https:\/\/miradordeatarfe.es\/index.php?rest_route=%2Fwp%2Fv2%2Fcategories&post=8981"},{"taxonomy":"post_tag","embeddable":true,"href":"https:\/\/miradordeatarfe.es\/index.php?rest_route=%2Fwp%2Fv2%2Ftags&post=8981"}],"curies":[{"name":"wp","href":"https:\/\/api.w.org\/{rel}","templated":true}]}}