{"id":910,"date":"2015-03-04T10:17:04","date_gmt":"2015-03-04T09:17:04","guid":{"rendered":"http:\/\/miradordeatarfe.es\/?p=910"},"modified":"2020-06-26T13:19:59","modified_gmt":"2020-06-26T11:19:59","slug":"910","status":"publish","type":"post","link":"https:\/\/miradordeatarfe.es\/?p=910","title":{"rendered":"Mi libro \u201cCabos sueltos\u201d por Alberto Granados"},"content":{"rendered":"<div class=\"entry-content\">\n<p>A\u00f1ado esta p\u00e1gina para ofreceros noticias del libro de relatos <a href=\"http:\/\/transversales.es\/transversal\/TransBooks\/TransBooks\/Publicaciones\/Entradas\/2013\/6\/21_Cabos_sueltos.html\">\u201cCabos sueltos\u201d<\/a>\u00a0que Ediciones TransBooks acaba de publicarme en formato electr\u00f3nico. Desde el pasado 21 de junio\u00a0(2013) pod\u00e9is descargarlo en la plataforma de Amazon.<\/p>\n<p>&nbsp;<\/p>\n<p><!--more--><\/p>\n<p>&nbsp;<\/p>\n<p><a href=\"https:\/\/albertogranados.files.wordpress.com\/2013\/06\/portada-cabos-sueltos-al-45-x-1001.jpg\"><img data-recalc-dims=\"1\" loading=\"lazy\" decoding=\"async\" class=\"aligncenter  wp-image-5672\" src=\"https:\/\/albertogranados.files.wordpress.com\/2013\/06\/portada-cabos-sueltos-al-45-x-1001.jpg?w=560&#038;resize=341%2C442\" alt=\"Portada Cabos sueltos al 45 x 100\" width=\"341\" height=\"442\" \/><\/a><\/p>\n<p>&nbsp;<\/p>\n<p>&nbsp;<\/p>\n<p>Pod\u00e9is hacerlo como descarga para e-book o tablet, pero tambi\u00e9n puede descargarse para un\u00a0ordenador convencional, si no ten\u00e9is los dispositivos anteriormente citados. Basta con que\u00a0os baj\u00e9is la aplicaci\u00f3n gratuita Kindle y el ordenador normal funcionar\u00e1 como si fuera un lector electr\u00f3nico o una tableta.<\/p>\n<p>Os ofrezco algo de informaci\u00f3n sobre los cuentos en <a href=\"https:\/\/albertogranados.wordpress.com\/2013\/06\/22\/hablar-de-mi-libro\/\">el blog<\/a>.<\/p>\n<p>Si os anim\u00e1is y le\u00e9is mis cuentos, me gustar\u00eda conocer vuestra opini\u00f3n, para lo que muy pronto crear\u00e9 una p\u00e1gina en Facebook. Ah, y si os gusta, ser\u00eda estupendo que hicierais de c\u00f3mplices: mene\u00e1ndolo, recomend\u00e1ndolo, comparti\u00e9ndo en las redes vuestra percepci\u00f3n, etc.<\/p>\n<p>Gracias.<\/p>\n<p>Alberto Granados<\/p>\n<div id=\"productDescription\" class=\"bucket\">\n<div class=\"content\">\n<div class=\"productDescriptionWrapper\">\u201cCabos sueltos\u201d est\u00e1 compuesto por veinticinco relatos que tienen en com\u00fan un cierto sentido de fatalismo ante la vida, concebida como una madeja de cabos sueltos, algo que propicia desencuentros, soledades, desamores y otros infortunios, en medio de los cuales surgen muchos momentos de felicidad que justifican la existencia. Un conjunto agridulce y tierno en el que se recorren las peripecias de unos personajes que luchan por encontrar su cuota de bienestar, de amor y de felicidad por encima de las mil dificultades que la vida trae consigo: amores que duran toda una vida, separaciones dolorosas, el paso del tiempo y sus misteriosos bucles, el gui\u00f1o a los c\u00e1sicos, la infancia, la postguerra, la magia que derrota a la sordidez, los marginados, el erotismo, la falta de expectativas\u2026<br \/>\nEl origen de dichos relatos son las entradas aparecidas en los dos blogs sucesivos del autor, desde febrero de 2007 a la actualidad. De los m\u00e1s de ciento veinte relatos insertados hasta ahora, se han seleccionado, revisado y pulido los que se incorporan a este libro. Destaca el relato \u201cGuernica\u201d, que ha alcanzado 66.000 visitas en los tres a\u00f1os transcurridos desde su aparici\u00f3n.<\/p>\n<div class=\"emptyClear\"><\/div>\n<\/div>\n<\/div>\n<\/div>\n<div id=\"detail_bullets_id\"><a id=\"productDetails\" name=\"productDetails\"><\/a><\/p>\n<hr class=\"bucketDivider\" noshade=\"noshade\" size=\"1\" \/>\n<table id=\"productDetailsTable\" border=\"0\" cellspacing=\"0\" cellpadding=\"0\">\n<tbody>\n<tr>\n<td class=\"bucket\">\n<h2>Detalles del producto<\/h2>\n<div class=\"content\">\n<ul>\n<ul>\n<li><b>Formato:<\/b> Versi\u00f3n Kindle<\/li>\n<li><b>Tama\u00f1o del archivo:<\/b> 476 KB<\/li>\n<li><b>Longitud de impresi\u00f3n:<\/b> 137<\/li>\n<li><b>Editor:<\/b> TransBooks (19 de junio de 2013)<\/li>\n<li id=\"sold-by-merchant\"><b>Vendido por:<\/b>\u00a0Amazon Media EU S.\u00e0 r.l.<\/li>\n<li><b>Idioma:<\/b> Espa\u00f1ol<\/li>\n<li><b>ASIN:<\/b> B00DIH6SBW<\/li>\n<li><b>Word Wise:<\/b> No activado<\/li>\n<li><b>Valoraci\u00f3n media de los clientes:<\/b> <a href=\"http:\/\/www.amazon.es\/review\/create-review\/ref=dp_db_cm_cr_acr_wr_link\/276-2269999-9875905?ie=UTF8&amp;asin=B00DIH6SBW&amp;channel=detail-glance&amp;nodeID=\">S\u00e9 el primero en opinar sobre este producto<\/a><\/li>\n<li id=\"SalesRank\"><b>Clasificaci\u00f3n en los m\u00e1s vendidos de Amazon:<\/b> n\u00b093.257 Pagados en Tienda Kindle (<a href=\"http:\/\/www.amazon.es\/gp\/bestsellers\/digital-text\/ref=pd_dp_ts_kinc_1\/276-2269999-9875905\">Ver el Top 100 de pago en Tienda Kindle<\/a>)<\/li>\n<\/ul>\n<\/ul>\n<div class=\"bucket\"><\/div>\n<\/div>\n<\/td>\n<\/tr>\n<\/tbody>\n<\/table>\n<\/div>\n<\/div>\n","protected":false},"excerpt":{"rendered":"<p>A\u00f1ado esta p\u00e1gina para ofreceros noticias del libro de relatos \u201cCabos sueltos\u201d\u00a0que Ediciones TransBooks acaba&#8230;<\/p>\n","protected":false},"author":1,"featured_media":911,"comment_status":"closed","ping_status":"closed","sticky":false,"template":"","format":"standard","meta":{"_coblocks_attr":"","_coblocks_dimensions":"","_coblocks_responsive_height":"","_coblocks_accordion_ie_support":"","jetpack_post_was_ever_published":false,"_jetpack_newsletter_access":"","_jetpack_dont_email_post_to_subs":false,"_jetpack_newsletter_tier_id":0,"_jetpack_memberships_contains_paywalled_content":false,"_jetpack_memberships_contains_paid_content":false,"footnotes":"","jetpack_publicize_message":"","jetpack_publicize_feature_enabled":true,"jetpack_social_post_already_shared":false,"jetpack_social_options":{"image_generator_settings":{"template":"highway","default_image_id":0,"enabled":false},"version":2}},"categories":[39],"tags":[7459,492],"class_list":["post-910","post","type-post","status-publish","format-standard","has-post-thumbnail","hentry","category-opinion-de-alberto-granados","tag-cabos-sueltos","tag-libro"],"jetpack_publicize_connections":[],"jetpack_featured_media_url":"https:\/\/i0.wp.com\/miradordeatarfe.es\/wp-content\/uploads\/2015\/04\/CABOS.jpg?fit=432%2C559&ssl=1","jetpack_likes_enabled":true,"jetpack_sharing_enabled":true,"_links":{"self":[{"href":"https:\/\/miradordeatarfe.es\/index.php?rest_route=\/wp\/v2\/posts\/910","targetHints":{"allow":["GET"]}}],"collection":[{"href":"https:\/\/miradordeatarfe.es\/index.php?rest_route=\/wp\/v2\/posts"}],"about":[{"href":"https:\/\/miradordeatarfe.es\/index.php?rest_route=\/wp\/v2\/types\/post"}],"author":[{"embeddable":true,"href":"https:\/\/miradordeatarfe.es\/index.php?rest_route=\/wp\/v2\/users\/1"}],"replies":[{"embeddable":true,"href":"https:\/\/miradordeatarfe.es\/index.php?rest_route=%2Fwp%2Fv2%2Fcomments&post=910"}],"version-history":[{"count":4,"href":"https:\/\/miradordeatarfe.es\/index.php?rest_route=\/wp\/v2\/posts\/910\/revisions"}],"predecessor-version":[{"id":915,"href":"https:\/\/miradordeatarfe.es\/index.php?rest_route=\/wp\/v2\/posts\/910\/revisions\/915"}],"wp:featuredmedia":[{"embeddable":true,"href":"https:\/\/miradordeatarfe.es\/index.php?rest_route=\/wp\/v2\/media\/911"}],"wp:attachment":[{"href":"https:\/\/miradordeatarfe.es\/index.php?rest_route=%2Fwp%2Fv2%2Fmedia&parent=910"}],"wp:term":[{"taxonomy":"category","embeddable":true,"href":"https:\/\/miradordeatarfe.es\/index.php?rest_route=%2Fwp%2Fv2%2Fcategories&post=910"},{"taxonomy":"post_tag","embeddable":true,"href":"https:\/\/miradordeatarfe.es\/index.php?rest_route=%2Fwp%2Fv2%2Ftags&post=910"}],"curies":[{"name":"wp","href":"https:\/\/api.w.org\/{rel}","templated":true}]}}