{"id":918,"date":"2015-04-17T10:22:03","date_gmt":"2015-04-17T10:22:03","guid":{"rendered":"http:\/\/miradordeatarfe.es\/?p=918"},"modified":"2015-04-19T08:56:31","modified_gmt":"2015-04-19T08:56:31","slug":"127-libros-para-una-vida-port-alberto-granados","status":"publish","type":"post","link":"https:\/\/miradordeatarfe.es\/?p=918","title":{"rendered":"\u00ab127 libros para una vida\u00bb por Alberto Granados"},"content":{"rendered":"<div class=\"hfeed\">\n<div id=\"post-6658\" class=\"post-6658 post type-post status-publish format-standard hentry category-complicidades tag-alberto-granados-palacios tag-127-libros-para-una-vida-de-fernando-de-villena tag-critica-literaria tag-ediciones-evohe tag-fernando-de-villena tag-literatura-comparada\">En el campo de la lectura, si existe un placer mayor que el de leer un libro, es sin duda el de escribirlo. Le sigue el de comentarlo con el entorno: esposa o marido, hijos, amigos\u2026 Celebrar los hallazgos literarios, encontrarle nuevos matices, recordar en com\u00fan pasajes que han dejado huella\u2026 todo eso es un aut\u00e9ntico lujo compartido, al que invito a la concurrencia para que lo ponga en pr\u00e1ctica. Una prueba de que esa lectura compartida es altamente agradable es el auge que los clubs de lectura est\u00e1n alcanzando en los \u00faltimos a\u00f1os.<\/div>\n<\/div>\n<p><!--more--><\/p>\n<div class=\"entry-content\">\n<p>Otro aspecto del fen\u00f3meno es rese\u00f1ar un libro, algo que empec\u00e9 a hacer en 2008. Hay quien dice que tengo un buen sentido cr\u00edtico, que las rese\u00f1as que he ido incorporando a este modesto blog tienen rigor y buen ojo al encontrar las verdaderas claves del libro comentado. Yo disfruto analizando el libro (pod\u00e9is recorrer mis rese\u00f1as en la categor\u00eda \u201cComplicidades\u201d) y, adem\u00e1s, termino entendiendo mucho mejor el libro, ya que rese\u00f1ar me ayuda a sistematizar mi percepci\u00f3n.<\/p>\n<p>&nbsp;<\/p>\n<p>&nbsp;<\/p>\n<p><a href=\"https:\/\/albertogranados.files.wordpress.com\/2014\/10\/img_4197.jpg\"><img data-recalc-dims=\"1\" loading=\"lazy\" decoding=\"async\" class=\"aligncenter size-full wp-image-6659\" src=\"https:\/\/albertogranados.files.wordpress.com\/2014\/10\/img_4197.jpg?w=560&#038;h=419&#038;fit=560%2C419&#038;resize=560%2C419\" alt=\"???????????????????????????????\" width=\"560\" height=\"419\" \/><\/a><\/p>\n<p>El escritor Fernando de Villena<\/p>\n<p>&nbsp;<\/p>\n<p>&nbsp;<\/p>\n<p>Es lo que ha hecho el escritor granadino Fernando de Villena en su reciente <em>127 libros para una vida (Biblioteca) <\/em>(Madrid, Ediciones Evoh\u00e9, 2014). El autor parte de la hip\u00f3tesis de retirarse del mundo con los cien libros que m\u00e1s han influido en su vida desde los puntos de vista \u00e9tico, est\u00e9tico, literario, personal, humano\u2026 En una palabra, los cien libros de su vida, los definitivos, los elegidos para salvar a la especie humana de su miserias. No obstante su prop\u00f3sito, el escr\u00fapulo de dejar fuera de esa selecci\u00f3n algunos t\u00edtulos le ha obligado a ampliar el n\u00famero, que finalmente\u00a0 lleg\u00f3 hasta los 127 del t\u00edtulo (en realidad son m\u00e1s, ya que en algunos casos incluye m\u00e1s de un t\u00edtulo en una de sus selecciones: los libros de Guillermo, los tebeos, la Il\u00edada y la Odisea, Shakespeare, las obras de Mujica Lainez\u2026).<\/p>\n<p>&nbsp;<\/p>\n<p>&nbsp;<\/p>\n<p><a href=\"https:\/\/albertogranados.files.wordpress.com\/2014\/10\/escanear0001.jpg\"><img data-recalc-dims=\"1\" loading=\"lazy\" decoding=\"async\" class=\"aligncenter  wp-image-6662\" src=\"https:\/\/albertogranados.files.wordpress.com\/2014\/10\/escanear0001.jpg?w=560&#038;resize=213%2C324\" alt=\"escanear0001\" width=\"213\" height=\"324\" \/><\/a><\/p>\n<p>&nbsp;<\/p>\n<p>Pero m\u00e1s que la tarea seleccionadora, hay que agradecerle a Fernando que en cada una de sus 127 rese\u00f1as haya puesto tanta pasi\u00f3n, tanto entusiasmo y tanta an\u00e9cdota. El autor se abre a s\u00ed mismo en canal y se desnuda mostr\u00e1ndose tal como es: la selecci\u00f3n, las rese\u00f1as, ya podr\u00edan ayudarnos a bosquejar su retrato robot. La distribuci\u00f3n de las estanter\u00edas casi nos describe el espacio f\u00edsico de su biblioteca ideal. Las an\u00e9cdotas que esparce en estas p\u00e1ginas casi nos retrotraen al tiempo en que ley\u00f3 cada obra comentada, a sus sensaciones de lector infatigable\u2026 Y es que Fernando de Villena ama la lectura y eso se nota en cada p\u00e1rrafo. Adem\u00e1s, llega a contagiar su entusiasmo al lector, quien empezar\u00e1 a contrastar sus propias vivencias del libro rese\u00f1ado en cada caso.<\/p>\n<p>El libro est\u00e1 estructuralmente dividido en Secciones, que de la A a la K hacen un recorrido cronol\u00f3gico por la historia de la literatura universal. La cronolog\u00eda s\u00f3lo se rompe al principio: la brev\u00edsima <strong>Secci\u00f3n A. Infantil y juvenil<\/strong>, donde aparecen los tebeos y los libros de Guillermo.<\/p>\n<p>A partir de ah\u00ed, la <strong>Secci\u00f3n B. Literatura antigua<\/strong> inicia el recorrido hist\u00f3rico: Israel, Grecia y Roma, con t\u00edtulos como <em>La Biblia<\/em>, <em>La Odisea<\/em>, las tragedias de Esquilo, <em>La Eneida<\/em> de Virgilio, <em>Las Metamorfosis<\/em> de Ovidio, <em>Confesiones<\/em> de san Agust\u00edn o <em>Consolaci\u00f3n de la Filosof\u00eda<\/em>, de Boecio, entre otros.<\/p>\n<p>&nbsp;<\/p>\n<p>&nbsp;<\/p>\n<p><a href=\"https:\/\/albertogranados.files.wordpress.com\/2014\/10\/img_4202.jpg\"><img data-recalc-dims=\"1\" loading=\"lazy\" decoding=\"async\" class=\"aligncenter  wp-image-6660\" src=\"https:\/\/albertogranados.files.wordpress.com\/2014\/10\/img_4202.jpg?w=560&#038;h=419&#038;fit=560%2C419&#038;resize=404%2C302\" alt=\"???????????????????????????????\" width=\"404\" height=\"302\" \/><\/a><\/p>\n<p>Acto de presentaci\u00f3n del libro en el Centro Art\u00edstico el pasado 17 de septiembre. Acompa\u00f1an al autor Celia Correa y Miguel Arnas<\/p>\n<p>&nbsp;<\/p>\n<p>&nbsp;<\/p>\n<p>La <strong>Secci\u00f3n C. Literatura medieval<\/strong> (incluye los \u00e1rabes, los cristianos de occidente y los jud\u00edos de la di\u00e1spora), grupo en el que aparecen <em>Las mil y una noches<\/em>, la poes\u00eda ar\u00e1bigo-andaluza, \u201cel Kempis\u201d, los trovadores, Dante, Petrarca, Bocaccio, nuestro romancero, Jacobo de la Voragine y su <em>La leyenda \u00e1urea<\/em>, los poetas cortesanos\u2026, es decir, que la visi\u00f3n hist\u00f3rica arranca con una prometedora brillantez.<\/p>\n<p>La <strong>Secci\u00f3n D Literatura renacentista. Literatura barroca. Literatura manierista<\/strong> nos ofrece todo el esplendor de los llamados Siglos de Oro. No falta nadie, ya que est\u00e1n las acertadas rese\u00f1as, de contagioso entusiasmo, que Villena hace de figuras tales como La Celestina, <em>El Lazarillo<\/em>, Garcilaso, el cancionero tradicional, <em>Los Luisiadas<\/em>, Shakespeare, <em>El Quijote<\/em>, <em>El Busc\u00f3n<\/em>, Lope de Vega, Calder\u00f3n, Villamediana, G\u00f3ngora, La Rochefoucauld, La Bruyere\u2026<\/p>\n<p>Muy breve es la <strong>Secci\u00f3n E. Literatura del s. XVIII<\/strong>, donde se ocupa de Antonio Palomino, Giacomo Casanova y el <em>Fausto<\/em> de Goethe.<\/p>\n<p>En la <strong>Secci\u00f3n F. El Romanticismo<\/strong>, Villena se ocupa de los rom\u00e1nticos ingleses, el cuento de terror, nuestros cercan\u00edsimos <em>Cuentos de la Alhambra<\/em> (Irving), E. A. Poe, <em>Moby Dick<\/em>, Dumas (<em>El Conde de Montecristo<\/em>), Alarc\u00f3n y B\u00e9cquer, entre otros.<\/p>\n<p>En la <strong>Secci\u00f3n G. El Realismo<\/strong> entran autores y obras de la categor\u00eda de Turguenev, Dostoievski, la Pardo Baz\u00e1n y <em>La Regenta<\/em>.<\/p>\n<p>La <strong>Secci\u00f3n H. Del simbolismo al modernismo<\/strong> incluye, entre otras cimas literarias, la poes\u00eda simbolista francesa, D\u2019Annunzio, Oscar Wilde, los poetas modernistas con Rub\u00e9n al frente, Jos\u00e9 Eustasio Rivera (con su imponente <em>La vor\u00e1gine<\/em>), Manuel y Antonio Machado, Juan Ram\u00f3n Jim\u00e9nez, Valle Incl\u00e1n\u2026<\/p>\n<p>La <strong>Secci\u00f3n I. De las vanguardias a las grandes guerras<\/strong> cuenta con varios pesos pesados: Proust, Valery, Rilke, Hesse, Jack London, Neruda, Baroja, Azor\u00edn, el grupo po\u00e9tico del 27, Garc\u00eda Lorca\u2026<\/p>\n<p>En la <strong>Secci\u00f3n J. Desde el fin de las guerras hasta el s XXI <\/strong>aparecen figuras indiscutibles del s. XX, tales como Malcolm Lowry, Steinbeck, Lampedusa, Umberto Eco, Borges, Mujica Lainez, S\u00e1bato, Alejo Carpentier, Arturo Barea, Ricardo Molina, Gonz\u00e1lez Ruano, Torrente Ballester, Mart\u00edn Santos\u2026<\/p>\n<p>&nbsp;<\/p>\n<p>&nbsp;<\/p>\n<p><a href=\"https:\/\/albertogranados.files.wordpress.com\/2014\/10\/img_4209.jpg\"><img data-recalc-dims=\"1\" loading=\"lazy\" decoding=\"async\" class=\"aligncenter  wp-image-6661\" src=\"https:\/\/albertogranados.files.wordpress.com\/2014\/10\/img_4209.jpg?w=560&#038;h=419&#038;fit=560%2C419&#038;resize=380%2C284\" alt=\"???????????????????????????????\" width=\"380\" height=\"284\" \/><\/a><\/p>\n<p>Comentarios, firma de ejemplares, una cerveza relajada\u2026<\/p>\n<p>&nbsp;<\/p>\n<p>El libro concluye con una secci\u00f3n de especial\u00edsimo sabor granadino: la <strong>Secci\u00f3n K. Escritores a los que he tratado<\/strong>, en que Villena incluye libros de algunos de sus amigos y compa\u00f1eros de aventuras editoriales. Es valiente aqu\u00ed el autor, porque exponer p\u00fablicamente la selecci\u00f3n de entre sus amigos equivale a evidenciar a qui\u00e9nes se excluye y eso, en un ambiente localista como es el panorama literario de nuestra ciudad, es bastante comprometido. Villena incluye en esta sucinta secci\u00f3n a Juan Guti\u00e9rrez Padial, Pedro Rodr\u00edguez Pacheco, Enrique Mor\u00f3n, Juan Jes\u00fas Le\u00f3n, Gregorio Morales, Antonio Enrique y Jos\u00e9 Lupi\u00e1\u00f1ez. Y cierra con un breve ep\u00edlogo.<\/p>\n<p>Fernando, en la p\u00e1gina 144, al comentar <em>Los Caracteres<\/em>, de La Bruyere, nos dice: \u201cNos encontramos ante un libro denso, id\u00f3neo para la lectura reposada, la que se lleva a cabo a la vez\u00a0 que la de otros libros m\u00e1s fluidos, durante meses de nuestra existencia\u201d. Este breve p\u00e1rrafo podr\u00eda aplicarse perfectamente a <em>127 libros para una vida<\/em>, libro que empec\u00e9 leyendo a salto de mata, haciendo catas en las diferentes \u00e9pocas para hacerme una idea global y que ahora estoy paladeando lentamente, con ansia de gourmet que sabe de los placeres que encierra un plato exquisitamente condimentado, pues lo esencial de <em>127 libros para una vida<\/em> es la inmensa fe que Fernando pone en la lectura como placer, la pasi\u00f3n con que intenta comunicarnos su goce lector, la sinceridad descarnada de sus apreciaciones est\u00e9ticas, las inteligentes conexiones que establece\u2026 En suma, su espl\u00e9ndida verdad literaria.<\/p>\n<p>&nbsp;<\/p>\n<h3 style=\"text-align: justify;\">Alberto Granados<\/h3>\n<p><a href=\"https:\/\/albertogranados.wordpress.com\/2014\/10\/10\/127-libros-para-una-vida\/\">https:\/\/albertogranados.wordpress.com\/2014\/10\/10\/127-libros-para-una-vida\/<\/a><\/p>\n<\/div>\n","protected":false},"excerpt":{"rendered":"<p>En el campo de la lectura, si existe un placer mayor que el de leer&#8230;<\/p>\n","protected":false},"author":1,"featured_media":919,"comment_status":"closed","ping_status":"closed","sticky":false,"template":"","format":"standard","meta":{"_coblocks_attr":"","_coblocks_dimensions":"","_coblocks_responsive_height":"","_coblocks_accordion_ie_support":"","jetpack_post_was_ever_published":false,"_jetpack_newsletter_access":"","_jetpack_dont_email_post_to_subs":false,"_jetpack_newsletter_tier_id":0,"_jetpack_memberships_contains_paywalled_content":false,"_jetpack_memberships_contains_paid_content":false,"footnotes":"","jetpack_publicize_message":"","jetpack_publicize_feature_enabled":true,"jetpack_social_post_already_shared":false,"jetpack_social_options":{"image_generator_settings":{"template":"highway","default_image_id":0,"enabled":false},"version":2}},"categories":[39,15],"tags":[391],"class_list":["post-918","post","type-post","status-publish","format-standard","has-post-thumbnail","hentry","category-opinion-de-alberto-granados","category-ultimas-noticias","tag-lecturas"],"jetpack_publicize_connections":[],"jetpack_featured_media_url":"https:\/\/i0.wp.com\/miradordeatarfe.es\/wp-content\/uploads\/2015\/04\/127.jpg?fit=331%2C503&ssl=1","jetpack_likes_enabled":true,"jetpack_sharing_enabled":true,"_links":{"self":[{"href":"https:\/\/miradordeatarfe.es\/index.php?rest_route=\/wp\/v2\/posts\/918","targetHints":{"allow":["GET"]}}],"collection":[{"href":"https:\/\/miradordeatarfe.es\/index.php?rest_route=\/wp\/v2\/posts"}],"about":[{"href":"https:\/\/miradordeatarfe.es\/index.php?rest_route=\/wp\/v2\/types\/post"}],"author":[{"embeddable":true,"href":"https:\/\/miradordeatarfe.es\/index.php?rest_route=\/wp\/v2\/users\/1"}],"replies":[{"embeddable":true,"href":"https:\/\/miradordeatarfe.es\/index.php?rest_route=%2Fwp%2Fv2%2Fcomments&post=918"}],"version-history":[{"count":3,"href":"https:\/\/miradordeatarfe.es\/index.php?rest_route=\/wp\/v2\/posts\/918\/revisions"}],"predecessor-version":[{"id":1201,"href":"https:\/\/miradordeatarfe.es\/index.php?rest_route=\/wp\/v2\/posts\/918\/revisions\/1201"}],"wp:featuredmedia":[{"embeddable":true,"href":"https:\/\/miradordeatarfe.es\/index.php?rest_route=\/wp\/v2\/media\/919"}],"wp:attachment":[{"href":"https:\/\/miradordeatarfe.es\/index.php?rest_route=%2Fwp%2Fv2%2Fmedia&parent=918"}],"wp:term":[{"taxonomy":"category","embeddable":true,"href":"https:\/\/miradordeatarfe.es\/index.php?rest_route=%2Fwp%2Fv2%2Fcategories&post=918"},{"taxonomy":"post_tag","embeddable":true,"href":"https:\/\/miradordeatarfe.es\/index.php?rest_route=%2Fwp%2Fv2%2Ftags&post=918"}],"curies":[{"name":"wp","href":"https:\/\/api.w.org\/{rel}","templated":true}]}}