{"id":922,"date":"2015-04-05T09:24:19","date_gmt":"2015-04-05T09:24:19","guid":{"rendered":"http:\/\/miradordeatarfe.es\/?p=922"},"modified":"2015-04-06T08:09:59","modified_gmt":"2015-04-06T08:09:59","slug":"aniversario-por-juan-alfredo-bellon","status":"publish","type":"post","link":"https:\/\/miradordeatarfe.es\/?p=922","title":{"rendered":"ANIVERSARIO Por Juan Alfredo Bell\u00f3n"},"content":{"rendered":"<p style=\"text-align: justify;\"><strong><em>ANIVERSARIO <\/em>Por Juan Alfredo Bell\u00f3n, DESDE EL MIRADOR N\u00ba46, DOMINGO 05-04-2015<\/strong><!--more--><\/p>\n<p style=\"text-align: justify;\"><strong>\u00a0\u00a0\u00a0\u00a0\u00a0\u00a0\u00a0\u00a0\u00a0\u00a0\u00a0\u00a0\u00a0\u00a0\u00a0\u00a0 <\/strong>Hay que ver c\u00f3mo pasa el tiempo: estos d\u00edas cumplo un a\u00f1o como colaborador semanal de El MIRADOR DE ATARFE y tengo que proclamar que se me ha pasado el tiempo en un santiam\u00e9n como consecuencia del acortamiento sicol\u00f3gico con que se percibe el paso de Cronos cuando ya se han cumplido muchos a\u00f1os y por la levedad placentera con que se hacen los trabajos vocacionales, y este lo es para m\u00ed, como podr\u00e1n corroborar quienes me conocen. Y es que, tras haber tenido que pasar m\u00e1s de dos a\u00f1os en el dique seco, encontrar de nuevo en abril de 2014 un \u00f3rgano de expresi\u00f3n escrita para verter en \u00e9l la opini\u00f3n sobre lo cotidiano, me result\u00f3 algo parecido a una resurrecci\u00f3n y mantener el tipo semanalmente durante todo un a\u00f1o fue la confirmaci\u00f3n pr\u00e1ctica de lo afirmado: <em>ya estoy aqu\u00ed de nuevo<\/em>, como indic\u00f3 Tarradellas a los catalanes cuando regres\u00f3 del exilio.<\/p>\n<p style=\"text-align: justify;\">\u00a0\u00a0\u00a0\u00a0\u00a0\u00a0\u00a0\u00a0\u00a0\u00a0\u00a0\u00a0\u00a0\u00a0\u00a0 Adem\u00e1s, haber podido regresar a la escritura period\u00edstica desde\u00a0\u00a0 un lugar tan pr\u00f3ximo y querido como Atarfe ha significado hacerlo desde lo familiar y con la confianza de ser entendido y apreciado con el afecto que no merezco pero que me reconforta y da fuerzas para persistir y perseverar y que me permite comparar lo de hoy con lo de ayer para mejor valorarlo. As\u00ed, el diluvio constante que anta\u00f1o arrastr\u00e1bamos, que me permiti\u00f3 pronosticar interesadamente que los santos iban a salir en catamar\u00e1n y el adelanto primaveral que me lleva hoga\u00f1o a comentar que, hoy Viernes Santo, mi barrio, el Albayz\u00edn, parece un Bel\u00e9n lleno de turistas donde los pastorcillos nativos bullen alborozados y satisfechos del man\u00e1 tur\u00edstico de espa\u00f1oles y extranjeros de toda ralea, incluidos muchos catalanes con pedigr\u00ed y no pocos vascos con todos sus apellidos.<\/p>\n<p style=\"text-align: justify;\">\u00a0\u00a0\u00a0\u00a0\u00a0\u00a0\u00a0\u00a0\u00a0\u00a0\u00a0\u00a0\u00a0\u00a0\u00a0 Hay otra importante novedad. Aunque supongo que intentar\u00e1 aparecer por todas partes, como a \u00e9l siempre le gust\u00f3 por Semana Santa, este a\u00f1o el Arzobispo parece estar brillando por su ausencia y modestia, a ver si se calman las aguas procelosas del T\u00edber y consigue comerse otro a\u00f1o m\u00e1s los mantecados, cosa que ya le ha salido bien estas Navidades pasadas, contra todo pron\u00f3stico. Y otra m\u00e1s: la cara que se les pone a los del PP cuando oyen hablar de elecciones, sea en la instancia de la Municipales o en las de las Generales, no importa con qu\u00e9 excepciones ni con qu\u00e9 compensaciones min\u00fasculas. Y cuando digo Municipales, pienso, claro, en la Diputaci\u00f3n. \u00bfPues no que a los <em>sebastianones<\/em> se les nota el rictus preventivo de amargura?<\/p>\n<p style=\"text-align: justify;\">\u00a0\u00a0\u00a0\u00a0\u00a0\u00a0\u00a0\u00a0\u00a0\u00a0\u00a0\u00a0\u00a0\u00a0\u00a0 De modo que, en t\u00e9rminos generales y hablando del paso del tiempo como de un proceso, dir\u00e9 como aquel sanitario en su parte m\u00e9dico, que <em>la cura va bien aunque el ojo lo pierde. \u00a0\u00a0\u00a0\u00a0\u00a0\u00a0\u00a0 <\/em>O sea que la historia avanza derecho aunque a veces lo haga con renglones torcidos y todo aquello de los dos pasos adelante y el paso atr\u00e1s, etc., etc. Y escribe que escribe que te escribir\u00e9, se ha pasado un a\u00f1o y yo me siento m\u00e1s atarfe\u00f1o de adopci\u00f3n, que si fuera uno de los tres Juanes aunque todav\u00eda sin ferrocarril metropolitano. Todo llegar\u00e1.<\/p>\n<p style=\"text-align: justify;\">\u00a0\u00a0\u00a0\u00a0\u00a0\u00a0\u00a0\u00a0\u00a0\u00a0\u00a0\u00a0\u00a0\u00a0\u00a0 Como a m\u00ed, que me ha llegado la Semana Cinematogr\u00e1fica de Pasi\u00f3n y he acabado con los ojos como br\u00f3tolas de tanto ver cine sacro, b\u00edblico, de romanos y hebreos y de todas esas lindezas que por estas fechas se prodigan en las parrillas televisivas, aislado en este centro hist\u00f3rico granadino donde tengo la fortuna de residir: Ben-Hur, Rey de Reyes, Los Diez Mandamientos, La T\u00fanica Sagrada, Sanson y Dalila etc. todas ellas adobadas con sus correspondientes vituallas de la estaci\u00f3n: roscos fritos, torrijas, pesti\u00f1os, empanadillas dulces y saladas, hornazos, pan de aceite, frutos secos; habas verdes, alcachofas y esp\u00e1rragos de Gran\u00e1; potajes y pucheros de Semana Santa; bacalao frito y en pav\u00eda; cordero segure\u00f1o, ancas de rana de Chauchina; calamares de secano, sesos de huerta; boqueroncillos malague\u00f1os, cigalillas y quisquillas de Motril, reposter\u00eda alpujarre\u00f1a, tapas como la pis\u00e1 de un regador y un soplillo pa diez si se han quedao con hambre&#8230; \u00a1Ah, se me olvidaba! Y una vieja pel\u00edcula de romanos basada en una f\u00e1bula de Esopo, <em>Androcles y el le\u00f3n <\/em>(1953 de Chester Erekine con Jean Simons y Victor Mature, siempre, entre fieras, como \u00c1ngel Cristo). No se la pierdan.<\/p>\n","protected":false},"excerpt":{"rendered":"<p>ANIVERSARIO Por Juan Alfredo Bell\u00f3n, DESDE EL MIRADOR N\u00ba46, DOMINGO 05-04-2015<\/p>\n","protected":false},"author":1,"featured_media":923,"comment_status":"closed","ping_status":"closed","sticky":false,"template":"","format":"standard","meta":{"_coblocks_attr":"","_coblocks_dimensions":"","_coblocks_responsive_height":"","_coblocks_accordion_ie_support":"","jetpack_post_was_ever_published":false,"_jetpack_newsletter_access":"","_jetpack_dont_email_post_to_subs":false,"_jetpack_newsletter_tier_id":0,"_jetpack_memberships_contains_paywalled_content":false,"_jetpack_memberships_contains_paid_content":false,"footnotes":"","jetpack_publicize_message":"","jetpack_publicize_feature_enabled":true,"jetpack_social_post_already_shared":false,"jetpack_social_options":{"image_generator_settings":{"template":"highway","default_image_id":0,"enabled":false},"version":2}},"categories":[36,15],"tags":[373,327,315],"class_list":["post-922","post","type-post","status-publish","format-standard","has-post-thumbnail","hentry","category-opinion-de-juan-alfredo-bellon","category-ultimas-noticias","tag-aniversario","tag-peliculas","tag-semana-santa"],"jetpack_publicize_connections":[],"jetpack_featured_media_url":"https:\/\/i0.wp.com\/miradordeatarfe.es\/wp-content\/uploads\/2015\/04\/BEN.jpg?fit=300%2C168&ssl=1","jetpack_likes_enabled":true,"jetpack_sharing_enabled":true,"_links":{"self":[{"href":"https:\/\/miradordeatarfe.es\/index.php?rest_route=\/wp\/v2\/posts\/922","targetHints":{"allow":["GET"]}}],"collection":[{"href":"https:\/\/miradordeatarfe.es\/index.php?rest_route=\/wp\/v2\/posts"}],"about":[{"href":"https:\/\/miradordeatarfe.es\/index.php?rest_route=\/wp\/v2\/types\/post"}],"author":[{"embeddable":true,"href":"https:\/\/miradordeatarfe.es\/index.php?rest_route=\/wp\/v2\/users\/1"}],"replies":[{"embeddable":true,"href":"https:\/\/miradordeatarfe.es\/index.php?rest_route=%2Fwp%2Fv2%2Fcomments&post=922"}],"version-history":[{"count":1,"href":"https:\/\/miradordeatarfe.es\/index.php?rest_route=\/wp\/v2\/posts\/922\/revisions"}],"predecessor-version":[{"id":924,"href":"https:\/\/miradordeatarfe.es\/index.php?rest_route=\/wp\/v2\/posts\/922\/revisions\/924"}],"wp:featuredmedia":[{"embeddable":true,"href":"https:\/\/miradordeatarfe.es\/index.php?rest_route=\/wp\/v2\/media\/923"}],"wp:attachment":[{"href":"https:\/\/miradordeatarfe.es\/index.php?rest_route=%2Fwp%2Fv2%2Fmedia&parent=922"}],"wp:term":[{"taxonomy":"category","embeddable":true,"href":"https:\/\/miradordeatarfe.es\/index.php?rest_route=%2Fwp%2Fv2%2Fcategories&post=922"},{"taxonomy":"post_tag","embeddable":true,"href":"https:\/\/miradordeatarfe.es\/index.php?rest_route=%2Fwp%2Fv2%2Ftags&post=922"}],"curies":[{"name":"wp","href":"https:\/\/api.w.org\/{rel}","templated":true}]}}