{"id":943,"date":"2015-04-09T06:06:13","date_gmt":"2015-04-09T06:06:13","guid":{"rendered":"http:\/\/miradordeatarfe.es\/?p=943"},"modified":"2015-04-18T09:45:35","modified_gmt":"2015-04-18T09:45:35","slug":"943","status":"publish","type":"post","link":"https:\/\/miradordeatarfe.es\/?p=943","title":{"rendered":"RENTA 2014: NO MARQUES LA CASILLA DE LA IGLESIA NI DE FINES SOCIALES"},"content":{"rendered":"<p><strong>Europa Laica como cada a\u00f1o pide no marcar las casillas de la asignaci\u00f3n tributaria y que el Estado, en sus presupuestos, cubra como derecho (no como caridad) la acci\u00f3n social.<\/strong><!--more--><\/p>\n<p><strong>CAMPA\u00d1A\u00a0 2015, SOBRE FINANCIACI\u00d3N DE LA\u00a0 IGLESIA CAT\u00d3LICA A TRAV\u00c9S DEL IRPF<\/strong><\/p>\n<p><strong>En la Declaraci\u00f3n de la Renta<br \/>\n<\/strong><\/p>\n<p><strong>NO MARQUES LA CASILLA DE LA IGLESIA CAT\u00d3LICA<\/strong><\/p>\n<p><strong>NI LA DE FINES SOCIALES<\/strong><\/p>\n<p><strong>NO A LAS CASILLAS DEL IRPF<\/strong><\/p>\n<p>La <strong><em>Conferencia Episcopal<\/em><\/strong> recibir\u00e1, en 2015, aproximadamente unos <strong>250 millones de \u20ac<\/strong>, que pertenecen a la <strong>asignaci\u00f3n tributaria directa del IRPF<\/strong> (2013), con adelantos mensuales a cuenta de unos <strong>13 <\/strong>millones de euros, m\u00e1s varias decenas de millones de euros al liquidar el ejercicio.<\/p>\n<p>Por la v\u00eda de \u201c<strong><em>fines sociales<\/em><\/strong>\u201d a diversas ONGS y fundaciones que pertenecen a la Iglesia cat\u00f3lica se les entregar\u00e1n varias decenas de millones de euros a los largo de 2015. Esas cantidades llegan por diversas v\u00edas ministeriales y de CCAA, detray\u00e9ndose del Impuesto de la renta.<\/p>\n<p>La casilla de \u201c<strong><em>fines sociales<\/em><\/strong>\u201d es la coartada que sirve para justificar la de la Iglesia cat\u00f3lica. En nuestra opini\u00f3n los fines sociales no deben depender de lo que decidan los contribuyentes cada a\u00f1o, sino que deben de tener partidas espec\u00edficas y estables en los Presupuestos Generales del Estado<\/p>\n<p>Es m\u00e1s esta f\u00f3rmula es la que sirve al Estado para <strong>PRIVATIZAR y PRECARIZAR<\/strong> -de forma m\u00e1s o menos encubierta- Servicios que deber\u00edan ser <strong>P\u00daBLICOS.<\/strong><\/p>\n<p><strong>POR ESO EUROPA LAICA PIDE NO MARCAR NINGUNA CASILLA EN EL IRPF.<\/strong><\/p>\n<p><strong>Inf\u00f3rmate:<\/strong><\/p>\n<p><strong><a href=\"https:\/\/laicismo.org\/wp-content\/uploads\/2015\/04\/2015-Financiacion-ICatolica.pdf\" target=\"_blank\">OPACIDAD Y FINANCIACI\u00d3N DE LA IGLESIA CAT\u00d3LICA. INFORME 2015 DE EUROPA LAICA<\/a><\/strong><\/p>\n<p>_____________________________<\/p>\n<p><strong><a title=\"IRPF 2014: Algunas razones para no marcar las casillas.\" href=\"https:\/\/laicismo.org\/2014\/irpf-2014-algunas-razones-para-no-marcar-las-casillas\/61345\" target=\"_blank\" rel=\"bookmark\">ALGUNAS RAZONES PARA NO MARCAR NINGUNA CASILLA EN EL IRPF<\/a> <\/strong><\/p>\n<hr \/>\n<p><strong>Firma y apoya las campa\u00f1as contra la financiaci\u00f3n p\u00fablica de las religiones:<\/strong><\/p>\n<p><a href=\"https:\/\/laicismo.org\/?p=360\" target=\"_blank\"><strong>FIRMA: NO A LA FINANCIACI\u00d3N P\u00daBLICA DE LAS IGLESIAS<\/strong><\/a><\/p>\n<p>___________________________<\/p>\n<p><a href=\"https:\/\/laicismo.org\/?p=25991\" target=\"_blank\"><strong>FIRMA: QUE LAS IGLESIAS PAGUEN EL IBI<\/strong><\/a><\/p>\n<p>___________________________<\/p>\n<p><a href=\"https:\/\/laicismo.org\/?p=59721\" target=\"_blank\"><strong>FIRMA: NO A LAS INMATRICULACIONES Y RESTITUCI\u00d3N DE LOS BIENES USURPADOS<\/strong><\/a><\/p>\n","protected":false},"excerpt":{"rendered":"<p>Europa Laica como cada a\u00f1o pide no marcar las casillas de la asignaci\u00f3n tributaria y&#8230;<\/p>\n","protected":false},"author":1,"featured_media":944,"comment_status":"closed","ping_status":"closed","sticky":false,"template":"","format":"standard","meta":{"_coblocks_attr":"","_coblocks_dimensions":"","_coblocks_responsive_height":"","_coblocks_accordion_ie_support":"","jetpack_post_was_ever_published":false,"_jetpack_newsletter_access":"","_jetpack_dont_email_post_to_subs":false,"_jetpack_newsletter_tier_id":0,"_jetpack_memberships_contains_paywalled_content":false,"_jetpack_memberships_contains_paid_content":false,"footnotes":"","jetpack_publicize_message":"","jetpack_publicize_feature_enabled":true,"jetpack_social_post_already_shared":false,"jetpack_social_options":{"image_generator_settings":{"template":"highway","default_image_id":0,"enabled":false},"version":2}},"categories":[186,9],"tags":[28,383],"class_list":["post-943","post","type-post","status-publish","format-standard","has-post-thumbnail","hentry","category-instituciones","category-medio-ambiente","tag-iglesia","tag-irpf"],"jetpack_publicize_connections":[],"jetpack_featured_media_url":"https:\/\/i0.wp.com\/miradordeatarfe.es\/wp-content\/uploads\/2015\/04\/IRPF-2015.jpg?fit=700%2C350&ssl=1","jetpack_likes_enabled":true,"jetpack_sharing_enabled":true,"_links":{"self":[{"href":"https:\/\/miradordeatarfe.es\/index.php?rest_route=\/wp\/v2\/posts\/943","targetHints":{"allow":["GET"]}}],"collection":[{"href":"https:\/\/miradordeatarfe.es\/index.php?rest_route=\/wp\/v2\/posts"}],"about":[{"href":"https:\/\/miradordeatarfe.es\/index.php?rest_route=\/wp\/v2\/types\/post"}],"author":[{"embeddable":true,"href":"https:\/\/miradordeatarfe.es\/index.php?rest_route=\/wp\/v2\/users\/1"}],"replies":[{"embeddable":true,"href":"https:\/\/miradordeatarfe.es\/index.php?rest_route=%2Fwp%2Fv2%2Fcomments&post=943"}],"version-history":[{"count":3,"href":"https:\/\/miradordeatarfe.es\/index.php?rest_route=\/wp\/v2\/posts\/943\/revisions"}],"predecessor-version":[{"id":965,"href":"https:\/\/miradordeatarfe.es\/index.php?rest_route=\/wp\/v2\/posts\/943\/revisions\/965"}],"wp:featuredmedia":[{"embeddable":true,"href":"https:\/\/miradordeatarfe.es\/index.php?rest_route=\/wp\/v2\/media\/944"}],"wp:attachment":[{"href":"https:\/\/miradordeatarfe.es\/index.php?rest_route=%2Fwp%2Fv2%2Fmedia&parent=943"}],"wp:term":[{"taxonomy":"category","embeddable":true,"href":"https:\/\/miradordeatarfe.es\/index.php?rest_route=%2Fwp%2Fv2%2Fcategories&post=943"},{"taxonomy":"post_tag","embeddable":true,"href":"https:\/\/miradordeatarfe.es\/index.php?rest_route=%2Fwp%2Fv2%2Ftags&post=943"}],"curies":[{"name":"wp","href":"https:\/\/api.w.org\/{rel}","templated":true}]}}