{"id":956,"date":"2015-04-15T08:50:29","date_gmt":"2015-04-15T08:50:29","guid":{"rendered":"http:\/\/miradordeatarfe.es\/?p=956"},"modified":"2015-04-15T08:43:45","modified_gmt":"2015-04-15T08:43:45","slug":"la-politica-y-los-politicos-por-manuel-sierra","status":"publish","type":"post","link":"https:\/\/miradordeatarfe.es\/?p=956","title":{"rendered":"LA POLITICA Y LOS POLITICOS por Manuel Sierra"},"content":{"rendered":"<p>Cuando hablamos de algo, es preciso dejar claros algunos conceptos, que a menudo pueden malinterpretarse o entenderse de diversas maneras, no siempre adecuadas a la intenci\u00f3n de quien los expresa (ver si no sabes de qu\u00e9 hablo un art\u00edculo anterior titulados, los dobles sentidos).<!--more--><\/p>\n<p>Qu\u00e9 es la pol\u00edtica? Y la clase pol\u00edtica? Quienes son los pol\u00edticos? Parece una perogrullada, porque se nos antoja la misma pregunta, pero no lo es en absoluto, porque si bien, t\u00fa y yo cuando nos preguntan esto tenemos en la mente la misma imagen (l\u00edderes y dirigentes de partidos pol\u00edticos, pol\u00edticos a nivel regional y local, etc.) hay que ahondar un poquit\u00ecn para darnos cuenta de que no es lo mismo la pol\u00edtica, que la clase pol\u00edtica o los pol\u00edticos: la clase pol\u00edtica es la \u201cfamilia\u201d, el clan, la casta, que agrupa a las personas <strong>que viven de la pol\u00edtica <\/strong>en este pa\u00eds, mientras que los pol\u00edticos son todas las personas que hacen pol\u00edtica, que luchan por la polis, por mejorar la vida en las ciudades, por ayudar a la gente que en ellas vivimos (o malviven como muchos ahora); pol\u00edtico es el bombero que salva a una persona de morir en un incendio, o el m\u00e9dico que nos atiende en su consulta y nos alivia la enfermedad, o el mec\u00e1nico que arregla mi coche y me salva de un accidente que podr\u00eda afectarme a m\u00ed y a otras personas. En definitiva, no es lo mismo ser pol\u00edtico, que pertenecer a la clase pol\u00edtica, y es a \u00e9sta a la que denigramos con nuestros comentarios, a veces exagerados, porque cuando metemos en el mismo saco a generalidades, seguro que con alguna persona estamos siendo, cuando menos, injustos. No disculpo con esto a los mangantes, corruptos, ladrones o sinverg\u00fcenzas, que los hay, como las meigas, y la tele nos los muestra cada d\u00eda, pero creo que ni son todos los que est\u00e1n ni, por supuesto, est\u00e1n todos los que son.<\/p>\n<p>Otra pregunta que nos surge es, obviamente, \u00bfqu\u00e9 pasa con los miembros de la \u201cclase\u201d que no son trigo limpio? \u00bfHan renunciado a sus privilegios econ\u00f3micos, o los siguen disfrutando? Me viene a la cabeza algunos de los sonados casos de corrupci\u00f3n que hay ahora en la palestra, y de otros que porque ya no son noticia, parecen haberse diluido como azucarillos, pero que yo sepa a\u00fan no han sido juzgados o condenados (los sobres, el yern\u00edsimo,&#8230;) \u00bfpara qu\u00e9 sirve sacar el delito si no tiene un seguimiento informativo que permita ver si van acompa\u00f1ados de castigos, cuando los haya?<\/p>\n<p>Parece que a los periodistas solo les interesa la imputaci\u00f3n, el lanzamiento de la mierda sobre la cabeza de alguien, y cuanto m\u00e1s alto est\u00e9 dentro de la \u201ccasta\u201d, mejor para las ventas; sin embargo, poco nos enteramos de qu\u00e9 ocurre con las imputaciones cuando llegan a juicio: cu\u00e1ntas se quedan en agua de borrajas porque no se ha probado la imputaci\u00f3n o porque ha prescrito el delito, o porque no ha habido delito (aunque moralmente sea otro cantar), cuantas se convierten en sentencias ejemplares, cuanto dinero se devuelve de lo que se ha robado,&#8230; \u00a1Esto no le interesa a nadie? Perdonen que no me lo crea. Parece que s\u00f3lo interese la crispaci\u00f3n, seguir metiendo los <em>de\u00edllos<\/em> para que nos cojamos unos <em>cabreos<\/em> de \u00f3rdago.<\/p>\n<p>Por otro lado, est\u00e1 surgiendo desde hace alg\u00fan tiempo una <em>nueva<\/em> forma de hacer pol\u00edtica, que indudablemente no gusta a los grandes partidos actuales, porque en esa nueva forma de hacer pol\u00edtica se vuelve a los or\u00edgenes, y se basa en las personas y su capacidad de pensar, y esto es bastante peligroso si se generalizara, ya que adem\u00e1s, recuperan el sentido asambleario de la pol\u00edtica, pero aqu\u00ed tampoco podemos ser ingenuos y creer que este es el paradigma perfecto, aunque es algo diferente, y esa diferencia es la que da esperanza e ilusi\u00f3n, no porque pensemos que todo va a salir bien (tampoco hay que pasarse viendo a Disney) sino porque entendemos que es necesario un cambio en la forma de hacer pol\u00edtica, en la que dejemos a un lado nuestros ego\u00edsmos particulares o de grupo, o clase, y luchemos por dejar este mundo mejor que cuando lo recibimos para las generaciones que vienen detr\u00e1s.<\/p>\n","protected":false},"excerpt":{"rendered":"<p>Cuando hablamos de algo, es preciso dejar claros algunos conceptos, que a menudo pueden malinterpretarse&#8230;<\/p>\n","protected":false},"author":1,"featured_media":957,"comment_status":"closed","ping_status":"closed","sticky":false,"template":"","format":"standard","meta":{"_coblocks_attr":"","_coblocks_dimensions":"","_coblocks_responsive_height":"","_coblocks_accordion_ie_support":"","jetpack_post_was_ever_published":false,"_jetpack_newsletter_access":"","_jetpack_dont_email_post_to_subs":false,"_jetpack_newsletter_tier_id":0,"_jetpack_memberships_contains_paywalled_content":false,"_jetpack_memberships_contains_paid_content":false,"footnotes":"","jetpack_publicize_message":"","jetpack_publicize_feature_enabled":true,"jetpack_social_post_already_shared":false,"jetpack_social_options":{"image_generator_settings":{"template":"highway","default_image_id":0,"enabled":false},"version":2}},"categories":[37,15],"tags":[354,42],"class_list":["post-956","post","type-post","status-publish","format-standard","has-post-thumbnail","hentry","category-opinion-de-manuel-sierra","category-ultimas-noticias","tag-partidos-politicos","tag-politica"],"jetpack_publicize_connections":[],"jetpack_featured_media_url":"https:\/\/i0.wp.com\/miradordeatarfe.es\/wp-content\/uploads\/2015\/04\/POLI.jpg?fit=259%2C194&ssl=1","jetpack_likes_enabled":true,"jetpack_sharing_enabled":true,"_links":{"self":[{"href":"https:\/\/miradordeatarfe.es\/index.php?rest_route=\/wp\/v2\/posts\/956","targetHints":{"allow":["GET"]}}],"collection":[{"href":"https:\/\/miradordeatarfe.es\/index.php?rest_route=\/wp\/v2\/posts"}],"about":[{"href":"https:\/\/miradordeatarfe.es\/index.php?rest_route=\/wp\/v2\/types\/post"}],"author":[{"embeddable":true,"href":"https:\/\/miradordeatarfe.es\/index.php?rest_route=\/wp\/v2\/users\/1"}],"replies":[{"embeddable":true,"href":"https:\/\/miradordeatarfe.es\/index.php?rest_route=%2Fwp%2Fv2%2Fcomments&post=956"}],"version-history":[{"count":1,"href":"https:\/\/miradordeatarfe.es\/index.php?rest_route=\/wp\/v2\/posts\/956\/revisions"}],"predecessor-version":[{"id":958,"href":"https:\/\/miradordeatarfe.es\/index.php?rest_route=\/wp\/v2\/posts\/956\/revisions\/958"}],"wp:featuredmedia":[{"embeddable":true,"href":"https:\/\/miradordeatarfe.es\/index.php?rest_route=\/wp\/v2\/media\/957"}],"wp:attachment":[{"href":"https:\/\/miradordeatarfe.es\/index.php?rest_route=%2Fwp%2Fv2%2Fmedia&parent=956"}],"wp:term":[{"taxonomy":"category","embeddable":true,"href":"https:\/\/miradordeatarfe.es\/index.php?rest_route=%2Fwp%2Fv2%2Fcategories&post=956"},{"taxonomy":"post_tag","embeddable":true,"href":"https:\/\/miradordeatarfe.es\/index.php?rest_route=%2Fwp%2Fv2%2Ftags&post=956"}],"curies":[{"name":"wp","href":"https:\/\/api.w.org\/{rel}","templated":true}]}}